{"id":41126,"date":"2025-04-30T14:12:00","date_gmt":"2025-04-30T19:12:00","guid":{"rendered":"https:\/\/otempoaqui.com.br\/?p=41126"},"modified":"2025-04-30T13:23:46","modified_gmt":"2025-04-30T18:23:46","slug":"maio-chuvas-diminuem-muito-e-as-ondas-de-frio-aumentam-no-acre","status":"publish","type":"post","link":"https:\/\/otempoaqui.com.br\/?p=41126","title":{"rendered":"Maio: chuvas diminuem muito e ondas polares aumentam no Acre"},"content":{"rendered":"<div style=\"color:#9b0000;background:radial-gradient(rgb(255,255,255) 53%,rgb(0,0,122) 100%)\" class=\"has-text-align-center has-link-color wp-elements-1 wp-block-post-date has-text-color has-background\"><time datetime=\"2025-04-30T14:12:00-05:00\">30\/04\/2025<\/time><\/div>\n\n\n<hr class=\"wp-block-separator aligncenter has-text-color has-alpha-channel-opacity has-background\" style=\"background-color:#000b47;color:#000b47\"\/>\n\n\n\n<div class=\"wp-block-cover aligncenter\" style=\"min-height:271px;aspect-ratio:unset;\"><img data-recalc-dims=\"1\" loading=\"lazy\" decoding=\"async\" width=\"1024\" height=\"744\" class=\"wp-block-cover__image-background wp-image-27025\" alt=\"\" src=\"https:\/\/i0.wp.com\/otempoaqui.com.br\/wp-content\/uploads\/2021\/12\/IdD.jpeg?resize=1024%2C744&#038;ssl=1\" style=\"object-position:55% 0%\" data-object-fit=\"cover\" data-object-position=\"55% 0%\"\/><span aria-hidden=\"true\" class=\"wp-block-cover__background has-background-dim-20 has-background-dim\"><\/span><div class=\"wp-block-cover__inner-container is-layout-flow wp-block-cover-is-layout-flow\">\n<h2 class=\"wp-block-heading has-text-align-center\" style=\"font-size:30px\">Em maio, chuvas diminuem pela metade em rela\u00e7\u00e3o ao m\u00eas anterior em Rio Branco<\/h2>\n<\/div><\/div>\n\n\n\n<div class=\"wp-block-cover\" style=\"min-height:348px;aspect-ratio:unset;\"><span aria-hidden=\"true\" class=\"wp-block-cover__background has-background-dim-100 has-background-dim has-background-gradient\" style=\"background:linear-gradient(360deg,rgba(0,43,87,0.86) 41%,rgb(136,93,53) 89%)\"><\/span><div class=\"wp-block-cover__inner-container is-layout-constrained wp-block-cover-is-layout-constrained\">\n<h2 class=\"wp-block-heading has-text-align-center has-white-background-color has-background\" style=\"font-size:23px\"><mark style=\"background-color:rgba(0, 0, 0, 0);color:#005c91\" class=\"has-inline-color\">Em Rio Branco, menor temperatura registrada em maio foi 8,2\u00baC e, em Tarauac\u00e1, 13,5\u00baC<\/mark><\/h2>\n\n\n\n<div style=\"height:14px\" aria-hidden=\"true\" class=\"wp-block-spacer\"><\/div>\n\n\n\n<h2 class=\"wp-block-heading has-text-align-center has-white-background-color has-text-color has-background has-link-color wp-elements-2\" style=\"color:#660909cf;font-size:23px\">Chuva mais intensa em 24 horas, neste m\u00eas, em Rio Branco, registrou 87,0mm, e, em Cruzeiro do Sul, 98,4mm<\/h2>\n\n\n\n<div style=\"height:14px\" aria-hidden=\"true\" class=\"wp-block-spacer\"><\/div>\n\n\n\n<h2 class=\"wp-block-heading has-text-align-center\"><mark style=\"background-color:rgba(0, 0, 0, 0)\" class=\"has-inline-color has-white-color\">Conhe\u00e7a o clima em maio e saiba qual a tend\u00eancia do tempo para este m\u00eas em 2025<\/mark><\/h2>\n<\/div><\/div>\n\n\n\n<hr class=\"wp-block-separator aligncenter has-text-color has-alpha-channel-opacity has-background\" style=\"background-color:#000b47;color:#000b47\"\/>\n\n\n\n<p class=\"wp-block-paragraph\"><\/p>\n\n\n\n<div style=\"height:12px\" aria-hidden=\"true\" class=\"wp-block-spacer\"><\/div>\n\n\n\n<h2 class=\"wp-block-heading has-text-align-center\"><mark style=\"background-color:rgba(0, 0, 0, 0)\" class=\"has-inline-color has-black-color\">O CLIMA<\/mark> EM MAIO<\/h2>\n\n\n\n<p class=\"wp-block-paragraph\"><\/p>\n\n\n\n<p class=\"wp-block-paragraph\" style=\"font-size:18px\">&nbsp; &nbsp; &nbsp; <span style=\"color: #000000;\">Clima n\u00e3o \u00e9 previs\u00e3o de tempo, mas a m\u00e9dia dos registros meteorol\u00f3gicos das \u00faltimas d\u00e9cadas, permitindo um melhor planejamento das nossas atividades.<\/span><\/p>\n\n\n\n<p class=\"wp-block-paragraph\" style=\"font-size:18px\"><span style=\"color: #000000;\">&nbsp; &nbsp; &nbsp; No Acre, o m\u00eas de maio \u00e9 caracterizado pela brusca diminui\u00e7\u00e3o das chuvas. Em Rio Branco, por exemplo, a m\u00e9dia pluviom\u00e9trica de maio cai de 204,3mm, em abril, para 98,7mm, em maio, ou seja, uma redu\u00e7\u00e3o siginificativa no volume de chuvas.<\/span><\/p>\n\n\n\n<p class=\"wp-block-paragraph\" style=\"font-size:18px\"><span style=\"color: #000000;\">&nbsp; &nbsp; &nbsp; Em maio, as ondas de frio polar come\u00e7am a penetrar com mais intensidade no estado, atingindo, principalmente, o leste e o sul do estado, onde se situam a capital e os demais munic\u00edpios do vale do rio Acre.<\/span><\/p>\n\n\n\n<p class=\"wp-block-paragraph\" style=\"font-size:18px\"><span style=\"color: #000000;\">&nbsp; &nbsp; &nbsp; \u00c9 comum, neste m\u00eas, quando da chegada de ondas polares, a forma\u00e7\u00e3o de nuvens tempestuosas, com chuva forte e ventanias, mas de forma passageira, pois, na sequ\u00eancia, a umidade do ar diminui bastante, deixando alguns dias muito secos e ensolarados, com noites amenas.<\/span><\/p>\n\n\n\n<p class=\"wp-block-paragraph\" style=\"font-size:18px\"><span style=\"color: #000000;\">&nbsp; &nbsp; &nbsp; Em Rio Branco, a menor temperatura registrada em maio, nos \u00faltimos 60 anos, foi 8,2\u00baC, e, em Tarauac\u00e1, 13,5\u00baC.<\/span><\/p>\n\n\n\n<p class=\"wp-block-paragraph\" style=\"font-size:18px\"><span style=\"color: #000000;\">&nbsp; &nbsp; &nbsp; O maior volume de chuvas registrado neste m\u00eas, em 24 horas, em Rio Branco, foi 87,0mm, no ano de 1974, e, em Cruzeiro do Sul, 98,4mm, no ano de 2001.<\/span><\/p>\n\n\n\n<p class=\"wp-block-paragraph\" style=\"font-size:18px\"><span style=\"color: #000000;\">&nbsp; &nbsp; &nbsp; Confira, na tabela, a m\u00e9dia de chuvas de maio, comparando-a com o m\u00eas anterior, conforme dados oficiais do Instituto Nacional de Meteorologia, em algumas cidades do Acre:<\/span><\/p>\n\n\n\n<figure class=\"wp-block-table has-small-font-size\"><table class=\"has-text-color has-background has-link-color has-fixed-layout\" style=\"color:#00314d;background:linear-gradient(360deg,rgb(247,254,237) 63%,rgb(206,248,216) 84%)\"><thead><tr><th class=\"has-text-align-center\" data-align=\"center\"><strong>CIDADE<\/strong><\/th><th class=\"has-text-align-center\" data-align=\"center\"><strong>M\u00c9DIA DE CHUVAS EM<\/strong><br \/><strong>MAIO<\/strong><\/th><th class=\"has-text-align-center\" data-align=\"center\"><strong>M\u00c9DIA DE CHUVAS EM<\/strong><br \/><strong>ABRIL<\/strong><\/th><\/tr><\/thead><tbody><tr><td class=\"has-text-align-center\" data-align=\"center\"><strong>Rio Branco<\/strong><\/td><td class=\"has-text-align-center\" data-align=\"center\"><strong>98,7mm<\/strong><\/td><td class=\"has-text-align-center\" data-align=\"center\"><strong>204,3mm<\/strong><\/td><\/tr><tr><td class=\"has-text-align-center\" data-align=\"center\"><strong>Cruzeiro do Sul<\/strong><\/td><td class=\"has-text-align-center\" data-align=\"center\"><strong>155,6mm<\/strong><\/td><td class=\"has-text-align-center\" data-align=\"center\"><strong>232,8mm<\/strong><\/td><\/tr><tr><td class=\"has-text-align-center\" data-align=\"center\"><strong>Tarauac\u00e1<\/strong><\/td><td class=\"has-text-align-center\" data-align=\"center\"><strong>137,3mm<\/strong><\/td><td class=\"has-text-align-center\" data-align=\"center\"><strong>202,8mm<\/strong><\/td><\/tr><tr><td class=\"has-text-align-center\" data-align=\"center\"><strong>Epitaciol\u00e2ndia<\/strong><\/td><td class=\"has-text-align-center\" data-align=\"center\"><strong>81,8mm<\/strong><\/td><td class=\"has-text-align-center\" data-align=\"center\"><strong>191,4mm<\/strong><\/td><\/tr><\/tbody><\/table><\/figure>\n\n\n\n<div style=\"height:12px\" aria-hidden=\"true\" class=\"wp-block-spacer\"><\/div>\n\n\n\n<p class=\"wp-block-paragraph\"><\/p>\n\n\n\n<h2 class=\"wp-block-heading has-text-align-center\"><mark style=\"background-color:rgba(0, 0, 0, 0)\" class=\"has-inline-color has-black-color\">TEND\u00caNCIA DO TEMPO PARA MAIO DE 2025<\/mark><\/h2>\n\n\n\n<p class=\"wp-block-paragraph\"><\/p>\n\n\n\n<p class=\"wp-block-paragraph\" style=\"font-size:18px\">&nbsp; &nbsp; &nbsp; <span style=\"color: #000000;\">Analisando as condi\u00e7\u00f5es atmosf\u00e9ricas e oce\u00e2nicas atuais, em 30 de abril, projetamos para o m\u00eas de maio de 2025, chuvas acima da m\u00e9dia, na maior parte do Acre, inclusive, na capital e em todo o vale do rio Acre.<\/span><\/p>\n\n\n\n<p class=\"wp-block-paragraph\" style=\"font-size:18px\"><span style=\"color: #000000;\">\u00a0 \u00a0 \u00a0 Quanto \u00e0s temperaturas, dever\u00e3o ficar um pouco abaixo da m\u00e9dia neste m\u00eas, tendo em vista a incurs\u00e3o de algumas massas de ar polar e as chuvas acima da m\u00e9dia, previstas para este m\u00eas. \u00c9 muito prov\u00e1vel que ocorra incurs\u00e3o de ar frio polar antes do dia 15 deste m\u00eas, por\u00e9m, com intensidade moderada, provocando a primeira friagem t\u00edpica da Amaz\u00f4nia Ocidental.<\/span><\/p>\n\n\n\n<p class=\"wp-block-paragraph\"><\/p>\n","protected":false},"excerpt":{"rendered":"<p>O CLIMA EM MAIO &nbsp; &nbsp; &nbsp; Clima n\u00e3o \u00e9 previs\u00e3o de tempo, mas a m\u00e9dia dos registros meteorol\u00f3gicos das \u00faltimas d\u00e9cadas, permitindo um melhor planejamento das nossas atividades. &nbsp; &nbsp; &nbsp; No Acre, o m\u00eas de maio \u00e9 caracterizado pela brusca diminui\u00e7\u00e3o das chuvas. Em Rio Branco, por exemplo, a m\u00e9dia pluviom\u00e9trica de maio [&hellip;]<\/p>\n","protected":false},"author":2,"featured_media":0,"comment_status":"open","ping_status":"open","sticky":false,"template":"","format":"standard","meta":{"_jetpack_memberships_contains_paid_content":false,"footnotes":"","jetpack_publicize_message":"","jetpack_publicize_feature_enabled":true,"jetpack_social_post_already_shared":true,"jetpack_social_options":{"image_generator_settings":{"template":"highway","enabled":false},"version":2}},"categories":[193,192],"tags":[189,10,23,46,26,105],"class_list":["post-41126","post","type-post","status-publish","format-standard","hentry","category-previsao-do-tempo","category-diario-do-tempo","tag-clima-em-maio","tag-diario-do-clima","tag-previsao-do-tempo","tag-previsao-do-tempo-para-os-proximos-dias","tag-previsao-para-os-proximos-dias","tag-tempo-e-clima-em-maio"],"jetpack_publicize_connections":[],"jetpack_featured_media_url":"","jetpack_likes_enabled":true,"jetpack_sharing_enabled":true,"_links":{"self":[{"href":"https:\/\/otempoaqui.com.br\/index.php?rest_route=\/wp\/v2\/posts\/41126","targetHints":{"allow":["GET"]}}],"collection":[{"href":"https:\/\/otempoaqui.com.br\/index.php?rest_route=\/wp\/v2\/posts"}],"about":[{"href":"https:\/\/otempoaqui.com.br\/index.php?rest_route=\/wp\/v2\/types\/post"}],"author":[{"embeddable":true,"href":"https:\/\/otempoaqui.com.br\/index.php?rest_route=\/wp\/v2\/users\/2"}],"replies":[{"embeddable":true,"href":"https:\/\/otempoaqui.com.br\/index.php?rest_route=%2Fwp%2Fv2%2Fcomments&post=41126"}],"version-history":[{"count":7,"href":"https:\/\/otempoaqui.com.br\/index.php?rest_route=\/wp\/v2\/posts\/41126\/revisions"}],"predecessor-version":[{"id":41223,"href":"https:\/\/otempoaqui.com.br\/index.php?rest_route=\/wp\/v2\/posts\/41126\/revisions\/41223"}],"wp:attachment":[{"href":"https:\/\/otempoaqui.com.br\/index.php?rest_route=%2Fwp%2Fv2%2Fmedia&parent=41126"}],"wp:term":[{"taxonomy":"category","embeddable":true,"href":"https:\/\/otempoaqui.com.br\/index.php?rest_route=%2Fwp%2Fv2%2Fcategories&post=41126"},{"taxonomy":"post_tag","embeddable":true,"href":"https:\/\/otempoaqui.com.br\/index.php?rest_route=%2Fwp%2Fv2%2Ftags&post=41126"}],"curies":[{"name":"wp","href":"https:\/\/api.w.org\/{rel}","templated":true}]}}