{"id":40770,"date":"2025-03-17T15:46:00","date_gmt":"2025-03-17T20:46:00","guid":{"rendered":"https:\/\/otempoaqui.com.br\/?p=40770"},"modified":"2025-03-18T10:21:24","modified_gmt":"2025-03-18T15:21:24","slug":"rio-acre-vai-comecar-a-baixar-mas-semana-sera-com-chuvas-no-acre","status":"publish","type":"post","link":"https:\/\/otempoaqui.com.br\/?p=40770","title":{"rendered":"Rio Acre vai come\u00e7ar a baixar, mas semana ser\u00e1 com chuvas, no Acre"},"content":{"rendered":"<div style=\"color:#c50000;background:radial-gradient(rgb(251,253,255) 62%,rgb(255,60,0) 85%)\" class=\"has-text-align-center has-link-color wp-elements-1 wp-block-post-date has-text-color has-background\"><time datetime=\"2025-03-17T15:46:00-05:00\">17\/03\/2025<\/time><\/div>\n\n\n<hr class=\"wp-block-separator aligncenter has-text-color has-alpha-channel-opacity has-background\" style=\"background-color:#ff0000;color:#ff0000\"\/>\n\n\n\n<div class=\"wp-block-cover aligncenter\" style=\"min-height:312px;aspect-ratio:unset;\"><span aria-hidden=\"true\" class=\"wp-block-cover__background has-background-dim-40 has-background-dim\"><\/span><img data-recalc-dims=\"1\" loading=\"lazy\" decoding=\"async\" width=\"900\" height=\"508\" class=\"wp-block-cover__image-background wp-image-22583\" alt=\"\" src=\"https:\/\/i0.wp.com\/otempoaqui.com.br\/wp-content\/uploads\/2021\/01\/img_900x5082017_11_28_23_30_32_688790.jpg?resize=900%2C508&#038;ssl=1\" style=\"object-position:50% 0%\" data-object-fit=\"cover\" data-object-position=\"50% 0%\" srcset=\"https:\/\/i0.wp.com\/otempoaqui.com.br\/wp-content\/uploads\/2021\/01\/img_900x5082017_11_28_23_30_32_688790.jpg?w=900&amp;ssl=1 900w, https:\/\/i0.wp.com\/otempoaqui.com.br\/wp-content\/uploads\/2021\/01\/img_900x5082017_11_28_23_30_32_688790.jpg?resize=300%2C169&amp;ssl=1 300w, https:\/\/i0.wp.com\/otempoaqui.com.br\/wp-content\/uploads\/2021\/01\/img_900x5082017_11_28_23_30_32_688790.jpg?resize=768%2C433&amp;ssl=1 768w\" sizes=\"auto, (max-width: 900px) 100vw, 900px\" \/><div class=\"wp-block-cover__inner-container is-layout-flow wp-block-cover-is-layout-flow\">\n<h2 class=\"wp-block-heading has-text-align-center\" style=\"font-size:30px\"><em><mark style=\"background-color:rgba(0, 0, 0, 0)\" class=\"has-inline-color has-white-color\">Os \u00faltimos dias do ver\u00e3o e os primeiros do outono ser\u00e3o com chuvas no Acre!<\/mark><\/em><\/h2>\n<\/div><\/div>\n\n\n\n<div class=\"wp-block-cover\" style=\"min-height:263px;aspect-ratio:unset;\"><span aria-hidden=\"true\" class=\"wp-block-cover__background has-background-dim-80 has-background-dim\" style=\"background-color:#001e47\"><\/span><div class=\"wp-block-cover__inner-container is-layout-constrained wp-block-cover-is-layout-constrained\">\n<h2 class=\"wp-block-heading has-text-align-center has-vivid-red-color has-white-background-color has-text-color has-background has-link-color wp-elements-2\" style=\"font-size:23px\"><em><mark style=\"background-color:rgba(0, 0, 0, 0);color:#960000\" class=\"has-inline-color\">N\u00edvel do rio Acre, em Rio Branco, deve estabilizar e come\u00e7ar a baixar lentamente a partir desta ter\u00e7a-feira<\/mark><\/em><\/h2>\n\n\n\n<div style=\"height:12px\" aria-hidden=\"true\" class=\"wp-block-spacer\"><\/div>\n\n\n\n<h2 class=\"wp-block-heading has-text-align-center has-white-background-color has-text-color has-background has-link-color wp-elements-3\" style=\"color:#0008a4;font-size:23px\"><em>N\u00edveis dos rios devem come\u00e7ar a baixar tamb\u00e9m em Cruzeiro do Sul, Tarauac\u00e1 e Sena Madureira<\/em><\/h2>\n<\/div><\/div>\n\n\n\n<hr class=\"wp-block-separator aligncenter has-text-color has-alpha-channel-opacity has-background\" style=\"background-color:#ff0000;color:#ff0000\"\/>\n\n\n\n<div style=\"height:16px\" aria-hidden=\"true\" class=\"wp-block-spacer\"><\/div>\n\n\n\n<h2 class=\"wp-block-heading has-text-align-center\"><em><mark style=\"background-color:rgba(0, 0, 0, 0)\" class=\"has-inline-color has-black-color\">Previs\u00e3o para a semana<\/mark><\/em><\/h2>\n\n\n\n<p class=\"wp-block-paragraph\" style=\"font-size:18px\">&nbsp; &nbsp; &nbsp; <span style=\"color: #000000;\"><em>O ver\u00e3o no Acre e em todo o hemisf\u00e9rio sul da Terra termina nesta quinta-feira (20\/3\/2025), dando in\u00edcio ao outono, mas as chuvas n\u00e3o dar\u00e3o tr\u00e9gua nesta semana, devendo ser di\u00e1rias na maior parte do estado.<\/em><\/span><\/p>\n\n\n\n<p class=\"wp-block-paragraph\" style=\"font-size:18px\"><span style=\"color: #000000;\"><em>&nbsp; &nbsp; &nbsp; A elevada umidade do ar, origin\u00e1ria do oceano Atl\u00e2ntico, vai continuar predominando e provocando chuvas, que, em muitos pontos, poder\u00e3o ser fortes e acompanhadas de trovoadas. Os acumulados pluviom\u00e9tricos dever\u00e3o ficar entre 50 e 100mm entre ter\u00e7a-feira e domingo, ou seja, dentro da m\u00e9dia para o m\u00eas.<\/em><\/span><\/p>\n\n\n\n<p class=\"wp-block-paragraph\" style=\"font-size:18px\">\u00a0 \u00a0 \u00a0 <span style=\"color: #000000;\"><em>O acumulado de chuvas de mar\u00e7o, at\u00e9 esta segunda-feira, em Rio Branco, \u00e9 de 157,2mm, ou seja, 55,0% da m\u00e9dia do m\u00eas, que \u00e9 285,6mm, conforme os dados oficiais registrados pelo Instituto Nacional de Meteorologia.<\/em><\/span><\/p>\n\n\n\n<p class=\"wp-block-paragraph\" style=\"font-size:18px\"><span style=\"color: #000000;\"><em>&nbsp; &nbsp; &nbsp; A temperatura, no Acre, n\u00e3o sofre altera\u00e7\u00e3o durante esta semana, que ser\u00e1 quente e abafada, cujas m\u00e1ximas v\u00e3o oscilar, em m\u00e9dia, entre 29 e 32\u00baC, podendo, em alguns dias, ficar abaixo de 29\u00baC e acima de 32\u00baC. As m\u00ednimas estar\u00e3o oscilando entre 21 e 24\u00baC.<\/em><\/span><\/p>\n\n\n\n<p class=\"wp-block-paragraph\" style=\"font-size:18px\"><span style=\"color: #000000;\"><em>&nbsp; &nbsp; &nbsp; Os ventos, nos primeiros dias da semana, estar\u00e3o soprando, entre fracos e calmos, em geral, da dire\u00e7\u00e3o sudeste, com varia\u00e7\u00f5es do sul e de leste, mas poder\u00e3o mudar de dire\u00e7\u00e3o a partir de sexta-feira, devendo soprar do norte, com varia\u00e7\u00f5es de noroeste e de nordeste, sem tend\u00eancia para temporais.<\/em><\/span><\/p>\n\n\n\n<div style=\"height:16px\" aria-hidden=\"true\" class=\"wp-block-spacer\"><\/div>\n\n\n\n<h2 class=\"wp-block-heading has-text-align-center\"><em><mark style=\"background-color:rgba(0, 0, 0, 0)\" class=\"has-inline-color has-black-color\">N\u00edvel dos rios<\/mark><\/em><\/h2>\n\n\n\n<p class=\"wp-block-paragraph\" style=\"font-size:18px\">&nbsp; &nbsp; &nbsp; <span style=\"color: #000000;\"><em>Os n\u00edveis dos principais rios do Acre v\u00e3o continuar elevados durante esta semana, mas a tend\u00eancia \u00e9 de come\u00e7arem a baixar lentamente a partir desta ter\u00e7a-feira.<\/em><\/span><\/p>\n\n\n\n<p class=\"wp-block-paragraph\" style=\"font-size:18px\"><span style=\"color: #000000;\"><em>&nbsp; &nbsp; &nbsp; Em Rio Branco, o n\u00edvel do rio Acre, que, nesta segunda-feira, por volta das 15h, marcava 15,82m, segundo os registros da Ag\u00eancia Nacional de \u00c1guas, dever\u00e1 estabilizar nas pr\u00f3ximas horas, devendo come\u00e7ar a baixar lentamente a partir desta ter\u00e7a-feira.<\/em><\/span><\/p>\n\n\n\n<p class=\"wp-block-paragraph\" style=\"font-size:18px\"><span style=\"color: #000000;\"><em>&nbsp; &nbsp; &nbsp; O rio Iaco, em Sena Madureira, tamb\u00e9m dever\u00e1 estabilizar e come\u00e7ar a baixar. Seu n\u00edvel, nesta segunda-feira, por volta das 15h, era 13,52m.<\/em><\/span><\/p>\n\n\n\n<p class=\"wp-block-paragraph\" style=\"font-size:18px\"><span style=\"color: #000000;\"><em>&nbsp; &nbsp; &nbsp; Em Tarauac\u00e1, o rio Tarauac\u00e1, que estava com 10,73m, dever\u00e1 baixar rapidamente nesta ter\u00e7a-feira.<\/em><\/span><\/p>\n\n\n\n<p class=\"wp-block-paragraph\" style=\"font-size:18px\"><span style=\"color: #000000;\"><em>&nbsp; &nbsp; &nbsp; O rio Juru\u00e1, em Cruzeiro do Sul, cujo n\u00edvel, nesta segunda-feira, por volta das 15h, era de 13,68m, dever\u00e1 estabilizar e baixar lentamente durante esta semana.<\/em><\/span><\/p>\n","protected":false},"excerpt":{"rendered":"<p>Previs\u00e3o para a semana &nbsp; &nbsp; &nbsp; O ver\u00e3o no Acre e em todo o hemisf\u00e9rio sul da Terra termina nesta quinta-feira (20\/3\/2025), dando in\u00edcio ao outono, mas as chuvas n\u00e3o dar\u00e3o tr\u00e9gua nesta semana, devendo ser di\u00e1rias na maior parte do estado. &nbsp; &nbsp; &nbsp; A elevada umidade do ar, origin\u00e1ria do oceano Atl\u00e2ntico, [&hellip;]<\/p>\n","protected":false},"author":2,"featured_media":0,"comment_status":"open","ping_status":"open","sticky":false,"template":"","format":"standard","meta":{"_jetpack_memberships_contains_paid_content":false,"footnotes":"","jetpack_publicize_message":"","jetpack_publicize_feature_enabled":true,"jetpack_social_post_already_shared":true,"jetpack_social_options":{"image_generator_settings":{"template":"highway","enabled":false},"version":2}},"categories":[193,290],"tags":[52,171,267,157,23,46,168,26,64],"class_list":["post-40770","post","type-post","status-publish","format-standard","hentry","category-previsao-do-tempo","category-nivel-dos-rios","tag-chuvas","tag-enchente-do-rio-acre","tag-nivel-do-rio-jurua","tag-nivel-dos-rios","tag-previsao-do-tempo","tag-previsao-do-tempo-para-os-proximos-dias","tag-previsao-para-a-semana","tag-previsao-para-os-proximos-dias","tag-rio-acre"],"jetpack_publicize_connections":[],"jetpack_featured_media_url":"","jetpack_likes_enabled":true,"jetpack_sharing_enabled":true,"_links":{"self":[{"href":"https:\/\/otempoaqui.com.br\/index.php?rest_route=\/wp\/v2\/posts\/40770","targetHints":{"allow":["GET"]}}],"collection":[{"href":"https:\/\/otempoaqui.com.br\/index.php?rest_route=\/wp\/v2\/posts"}],"about":[{"href":"https:\/\/otempoaqui.com.br\/index.php?rest_route=\/wp\/v2\/types\/post"}],"author":[{"embeddable":true,"href":"https:\/\/otempoaqui.com.br\/index.php?rest_route=\/wp\/v2\/users\/2"}],"replies":[{"embeddable":true,"href":"https:\/\/otempoaqui.com.br\/index.php?rest_route=%2Fwp%2Fv2%2Fcomments&post=40770"}],"version-history":[{"count":5,"href":"https:\/\/otempoaqui.com.br\/index.php?rest_route=\/wp\/v2\/posts\/40770\/revisions"}],"predecessor-version":[{"id":40777,"href":"https:\/\/otempoaqui.com.br\/index.php?rest_route=\/wp\/v2\/posts\/40770\/revisions\/40777"}],"wp:attachment":[{"href":"https:\/\/otempoaqui.com.br\/index.php?rest_route=%2Fwp%2Fv2%2Fmedia&parent=40770"}],"wp:term":[{"taxonomy":"category","embeddable":true,"href":"https:\/\/otempoaqui.com.br\/index.php?rest_route=%2Fwp%2Fv2%2Fcategories&post=40770"},{"taxonomy":"post_tag","embeddable":true,"href":"https:\/\/otempoaqui.com.br\/index.php?rest_route=%2Fwp%2Fv2%2Ftags&post=40770"}],"curies":[{"name":"wp","href":"https:\/\/api.w.org\/{rel}","templated":true}]}}