{"id":40736,"date":"2025-03-14T13:12:00","date_gmt":"2025-03-14T18:12:00","guid":{"rendered":"https:\/\/otempoaqui.com.br\/?p=40736"},"modified":"2025-03-14T13:33:01","modified_gmt":"2025-03-14T18:33:01","slug":"rio-acre-pode-ficar-proximo-ou-superar-nivel-de-16m","status":"publish","type":"post","link":"https:\/\/otempoaqui.com.br\/?p=40736","title":{"rendered":"Rio Acre pode ficar pr\u00f3ximo do n\u00edvel de 16m"},"content":{"rendered":"<div style=\"color:#b10000;background:radial-gradient(rgb(254,254,254) 52%,rgb(255,60,0) 81%)\" class=\"has-text-align-center has-link-color wp-elements-1 wp-block-post-date has-text-color has-background\"><time datetime=\"2025-03-14T13:12:00-05:00\">14\/03\/2025<\/time><\/div>\n\n\n<hr class=\"wp-block-separator aligncenter has-text-color has-alpha-channel-opacity has-background\" style=\"background-color:#ff0000;color:#ff0000\"\/>\n\n\n\n<div class=\"wp-block-cover aligncenter is-light\"><span aria-hidden=\"true\" class=\"wp-block-cover__background has-background-dim-20 has-background-dim\"><\/span><img data-recalc-dims=\"1\" loading=\"lazy\" decoding=\"async\" width=\"390\" height=\"240\" class=\"wp-block-cover__image-background wp-image-22895\" alt=\"\" src=\"https:\/\/i0.wp.com\/otempoaqui.com.br\/wp-content\/uploads\/2021\/02\/16111249974_40bc3852de_k.jpg?resize=390%2C240&#038;ssl=1\" style=\"object-position:50% 100%\" data-object-fit=\"cover\" data-object-position=\"50% 100%\" srcset=\"https:\/\/i0.wp.com\/otempoaqui.com.br\/wp-content\/uploads\/2021\/02\/16111249974_40bc3852de_k.jpg?w=390&amp;ssl=1 390w, https:\/\/i0.wp.com\/otempoaqui.com.br\/wp-content\/uploads\/2021\/02\/16111249974_40bc3852de_k.jpg?resize=300%2C185&amp;ssl=1 300w\" sizes=\"auto, (max-width: 390px) 100vw, 390px\" \/><div class=\"wp-block-cover__inner-container is-layout-flow wp-block-cover-is-layout-flow\">\n<h2 class=\"wp-block-heading has-text-align-center has-large-font-size\"><em><mark style=\"background-color:rgba(0, 0, 0, 0)\" class=\"has-inline-color has-white-color\">Chuvas intensas mudaram a previs\u00e3o para o n\u00edvel do rio Acre!<\/mark><\/em><\/h2>\n<\/div><\/div>\n\n\n\n<div class=\"wp-block-cover is-light\" style=\"min-height:149px;aspect-ratio:unset;\"><span aria-hidden=\"true\" class=\"wp-block-cover__background has-background-dim-70 has-background-dim\" style=\"background-color:#87695a\"><\/span><div class=\"wp-block-cover__inner-container is-layout-constrained wp-block-cover-is-layout-constrained\">\n<h2 class=\"wp-block-heading has-text-align-center has-white-background-color has-text-color has-background has-link-color wp-elements-2\" style=\"color:#950000;font-size:23px\"><em>Em Rio Branco, n\u00edvel do rio Acre pode ficar pr\u00f3ximo ou, at\u00e9, atingir a cota de 16m neste fim de semana<\/em><\/h2>\n\n\n\n<div style=\"height:13px\" aria-hidden=\"true\" class=\"wp-block-spacer\"><\/div>\n\n\n\n<h2 class=\"wp-block-heading has-text-align-center has-white-background-color has-text-color has-background has-link-color wp-elements-3\" style=\"color:#000c6b\"><em>O \u00faltimo fim de semana do ver\u00e3o ser\u00e1 quente, com pouca chuva, na maior parte do Acre<\/em><\/h2>\n<\/div><\/div>\n\n\n\n<hr class=\"wp-block-separator aligncenter has-text-color has-alpha-channel-opacity has-background\" style=\"background-color:#ff0000;color:#ff0000\"\/>\n\n\n\n<div style=\"height:13px\" aria-hidden=\"true\" class=\"wp-block-spacer\"><\/div>\n\n\n\n<h2 class=\"wp-block-heading has-text-align-center\"><em><mark style=\"background-color:rgba(0, 0, 0, 0)\" class=\"has-inline-color has-black-color\">\u00daltimo fim de semana do ver\u00e3o ser\u00e1 com n\u00edvel elevado do rio Acre<\/mark><\/em><\/h2>\n\n\n\n<p class=\"wp-block-paragraph\" style=\"font-size:18px\">&nbsp; &nbsp; &nbsp; <span style=\"color: #000000;\"><em>Nas \u00faltimas 48 horas, ocorreram chuvas intensas, acima 50mm, na maior parte da bacia hidrogr\u00e1fica do rio Acre, principalmente no vale dos rios Rola e Xapuri, onde, em alguns pontos, o acumulado, nestes \u00faltimos dias, superou 100mm.<\/em><\/span><\/p>\n\n\n\n<p class=\"wp-block-paragraph\" style=\"font-size:18px\"><span style=\"color: #000000;\"><em>&nbsp; &nbsp; &nbsp; Em Brasileia, no alto curso do rio Acre, foram registrados mais de 140mm e, em Xapuri, mais de 115mm, al\u00e9m de chuvas intensas tamb\u00e9m em Assis Brasil.<\/em><\/span><\/p>\n\n\n\n<p class=\"wp-block-paragraph\" style=\"font-size:18px\"><span style=\"color: #000000;\"><em>\u00a0 \u00a0 \u00a0 Assim, o volume de \u00e1gua a descer para Rio Branco est\u00e1 sendo significativo, obrigando-nos a fazer novas proje\u00e7\u00f5es para o n\u00edvel do rio Acre na capital acreana, que dever\u00e1 ficar pr\u00f3ximo ou, pouco prov\u00e1vel, at\u00e9, atingir a marca de 16m.<\/em><\/span><\/p>\n\n\n\n<p class=\"wp-block-paragraph\" style=\"font-size:18px\"><span style=\"color: #000000;\"><em>&nbsp; &nbsp; &nbsp; Mesmo com o n\u00edvel dos rios elevado neste fim de semana, mantemos nossa proje\u00e7\u00e3o, que v\u00ednhamos fazendo h\u00e1 meses, de que n\u00e3o dever\u00e3o ocorrer enchentes e inunda\u00e7\u00f5es alarmantes, como as de 2024, em Rio Branco e na maior parte do Acre, exceto pelo transbordamento de c\u00f3rregos e pequenos igarap\u00e9s, pois as chuvas, de um modo geral, ficar\u00e3o dentro da m\u00e9dia para o m\u00eas.<\/em><\/span><\/p>\n\n\n\n<p class=\"wp-block-paragraph\" style=\"font-size:18px\">&nbsp; &nbsp; &nbsp; <span style=\"color: #000000;\"><em>O acumulado de chuvas em mar\u00e7o, em Rio Branco, at\u00e9 as 13h desta sexta-feira, dia 14, \u00e9 de 140,0mm, ou seja, 49,0% da m\u00e9dia mensal, que \u00e9 285,6mm.<\/em><\/span><\/p>\n\n\n\n<p class=\"wp-block-paragraph\" style=\"font-size:18px\"><span style=\"color: #000000;\"><em>&nbsp; &nbsp; &nbsp; Neste fim de semana, o \u00faltimo do ver\u00e3o de 2025, o predom\u00ednio ser\u00e1 de sol com nuvens e calor abafado, com chuvas pontuais e passageiras. na maior parte do Acre, inclusive, em Rio Branco.<\/em><\/span><\/p>\n","protected":false},"excerpt":{"rendered":"<p>\u00daltimo fim de semana do ver\u00e3o ser\u00e1 com n\u00edvel elevado do rio Acre &nbsp; &nbsp; &nbsp; Nas \u00faltimas 48 horas, ocorreram chuvas intensas, acima 50mm, na maior parte da bacia hidrogr\u00e1fica do rio Acre, principalmente no vale dos rios Rola e Xapuri, onde, em alguns pontos, o acumulado, nestes \u00faltimos dias, superou 100mm. &nbsp; &nbsp; [&hellip;]<\/p>\n","protected":false},"author":2,"featured_media":0,"comment_status":"open","ping_status":"open","sticky":false,"template":"","format":"standard","meta":{"_jetpack_memberships_contains_paid_content":false,"footnotes":"","jetpack_publicize_message":"","jetpack_publicize_feature_enabled":true,"jetpack_social_post_already_shared":true,"jetpack_social_options":{"image_generator_settings":{"template":"highway","enabled":false},"version":2}},"categories":[193,290],"tags":[52,171,172,39,267,157,23,46,250,26,64],"class_list":["post-40736","post","type-post","status-publish","format-standard","hentry","category-previsao-do-tempo","category-nivel-dos-rios","tag-chuvas","tag-enchente-do-rio-acre","tag-enchentes","tag-nivel-do-rio-acre","tag-nivel-do-rio-jurua","tag-nivel-dos-rios","tag-previsao-do-tempo","tag-previsao-do-tempo-para-os-proximos-dias","tag-previsao-para-o-fim-de-semana","tag-previsao-para-os-proximos-dias","tag-rio-acre"],"jetpack_publicize_connections":[],"jetpack_featured_media_url":"","jetpack_likes_enabled":true,"jetpack_sharing_enabled":true,"_links":{"self":[{"href":"https:\/\/otempoaqui.com.br\/index.php?rest_route=\/wp\/v2\/posts\/40736","targetHints":{"allow":["GET"]}}],"collection":[{"href":"https:\/\/otempoaqui.com.br\/index.php?rest_route=\/wp\/v2\/posts"}],"about":[{"href":"https:\/\/otempoaqui.com.br\/index.php?rest_route=\/wp\/v2\/types\/post"}],"author":[{"embeddable":true,"href":"https:\/\/otempoaqui.com.br\/index.php?rest_route=\/wp\/v2\/users\/2"}],"replies":[{"embeddable":true,"href":"https:\/\/otempoaqui.com.br\/index.php?rest_route=%2Fwp%2Fv2%2Fcomments&post=40736"}],"version-history":[{"count":6,"href":"https:\/\/otempoaqui.com.br\/index.php?rest_route=\/wp\/v2\/posts\/40736\/revisions"}],"predecessor-version":[{"id":40748,"href":"https:\/\/otempoaqui.com.br\/index.php?rest_route=\/wp\/v2\/posts\/40736\/revisions\/40748"}],"wp:attachment":[{"href":"https:\/\/otempoaqui.com.br\/index.php?rest_route=%2Fwp%2Fv2%2Fmedia&parent=40736"}],"wp:term":[{"taxonomy":"category","embeddable":true,"href":"https:\/\/otempoaqui.com.br\/index.php?rest_route=%2Fwp%2Fv2%2Fcategories&post=40736"},{"taxonomy":"post_tag","embeddable":true,"href":"https:\/\/otempoaqui.com.br\/index.php?rest_route=%2Fwp%2Fv2%2Ftags&post=40736"}],"curies":[{"name":"wp","href":"https:\/\/api.w.org\/{rel}","templated":true}]}}