{"id":40708,"date":"2025-03-12T15:25:00","date_gmt":"2025-03-12T20:25:00","guid":{"rendered":"https:\/\/otempoaqui.com.br\/?p=40708"},"modified":"2025-03-12T12:47:01","modified_gmt":"2025-03-12T17:47:01","slug":"quinta-feira-quente-com-sol-nuvens-e-chuvas-pontuais-2","status":"publish","type":"post","link":"https:\/\/otempoaqui.com.br\/?p=40708","title":{"rendered":"Quinta-feira quente, com sol, nuvens e chuvas pontuais"},"content":{"rendered":"<h3 style=\"text-align: center;\"><span data-darkreader-inline-color=\"\">\u00a0<span style=\"color: #0000ff;\">PREVIS\u00c3O DE TEMPO PARA QUINTA-FEIRA (13\/3\/2025)<\/span><\/span><\/h3>\n<hr \/>\n<h3 style=\"text-align: center;\">\u00a0Ajude-nos a manter financeiramente nosso portal do tempo, com a melhor previs\u00e3o, atrav\u00e9s do n\u00famero <span style=\"color: #800080;\" data-darkreader-inline-color=\"\">711.849.992-79<\/span> (CPF)<\/h3>\n<hr \/>\n<blockquote>\n<h4 style=\"text-align: center;\"><span style=\"color: #008000;\"><em>RIO ACRE, EM RIO BRANCO, MANTER\u00c1 N\u00cdVEL ELEVADO AT\u00c9 O FIM DE SEMANA<\/em><\/span><\/h4>\n<h4>\u00a0 <span style=\"color: #008000;\"><em>O n\u00edvel do rio Acre, em Rio Branco, manter-se-\u00e1 elevado, pelo menos at\u00e9 o fim desta semana, com cota entre 13,7m e 14,1m.<\/em><\/span><\/h4>\n<h4>\u00a0 <span style=\"color: #008000;\"><em>Nesta quarta-feira (12\/3\/2025), \u00e0s 15h, o n\u00edvel do rio Acre, em Rio Branco, era de 14,2m, tendo estabilizado, ap\u00f3s haver baixado 13cm, nas \u00faltimas 24 horas.<\/em><\/span><\/h4>\n<h4><span style=\"color: #008000;\"><em>Em Cruzeiro do Sul, o n\u00edvel do rio Juru\u00e1 marcava 13,4m, tendo baixado 10cm, nas \u00faltimas 24 horas. A tend\u00eancia \u00e9 de continuar baixando.<\/em><\/span><\/h4>\n<h4><span style=\"color: #008000;\"><em>\u00a0 O n\u00edvel do rio Iaco, em Sena Madureira, \u00e0s 15h desta quarta-feira, marcava 12,3, tendo baixado 1m, nas \u00faltimas 24 horas<\/em><\/span><span style=\"color: #008000;\"><em>. A tend\u00eancia \u00e9 de continuar baixando<\/em><\/span><\/h4>\n<\/blockquote>\n<hr \/>\n<blockquote>\n<h4 style=\"text-align: center;\"><span style=\"color: #d90000;\"><em>PREVIS\u00c3O PARA A SEMANA<\/em><\/span><\/h4>\n<h4>\u00a0 <em><span style=\"color: #d90000;\">A semana ser\u00e1 marcado por dias quentes e chuvas di\u00e1rias, mas pontuais e, em geral, passageiras, no Acre. Saiba como v\u00e3o ficar o tempo e o n\u00edvel dos principais rios acreanos, acessando nossa publica\u00e7\u00e3o de segunda-feira: &#8220;<a href=\"https:\/\/otempoaqui.com.br\/?p=40689\"><span style=\"color: #0000ff;\">Semana ser\u00e1 com chuvas di\u00e1rias no Acre<\/span><\/a>&#8220;.<\/span><\/em><\/h4>\n<\/blockquote>\n<hr \/>\n<blockquote>\n<h4 style=\"text-align: center;\"><span style=\"color: #800080;\"><em>J\u00c1 CHOVEU 38,1% DA M\u00c9DIA DE MAR\u00c7O<\/em><\/span><\/h4>\n<h4>\u00a0 <span style=\"color: #800080;\"><em>Em Rio Branco, at\u00e9 as 15h da \u00faltima quarta-feira, dia 12, j\u00e1 choveu 38,1% da m\u00e9dia de mar\u00e7o, ou seja, 108,8mm, conforme os registros do Instituto Nacional de Meteorologia. A m\u00e9dia do m\u00eas \u00e9 285,6mm.<\/em><\/span><\/h4>\n<\/blockquote>\n<hr \/>\n<blockquote>\n<h4 style=\"text-align: center;\"><span style=\"color: #008080;\"><em>O CLIMA E O TEMPO EM MAR\u00c7O<\/em><\/span><\/h4>\n<h4>\u00a0 <span style=\"color: #008080;\"><em>Conhe\u00e7a o clima de mar\u00e7o e saiba qual a tend\u00eancia do tempo para este m\u00eas em 2025, acessando nossa publica\u00e7\u00e3o: &#8220;<a href=\"https:\/\/otempoaqui.com.br\/?p=40509\"><span style=\"color: #0000ff;\">Mar\u00e7o: o m\u00eas do fim do ver\u00e3o e do in\u00edcio do outono<\/span><\/a>&#8220;.<\/em><\/span><\/h4>\n<\/blockquote>\n<hr \/>\n<blockquote>\n<h4 style=\"text-align: center;\"><span style=\"color: #800080;\"><em>CHOVEU ABAIXO DA M\u00c9DIA EM FEVEREIRO<\/em><\/span><\/h4>\n<h4>\u00a0 <span style=\"color: #800080;\"><em>Em fevereiro, choveu abaixo da m\u00e9dia na maior parte do Acre, inclusive, em Rio Branco. Saiba os extremos registados neste em 2025, acessando nossa publica\u00e7\u00e3o do \u00faltimo dia primeiro: &#8220;<a href=\"https:\/\/otempoaqui.com.br\/?p=40613\"><span style=\"color: #0000ff;\">Choveu abaixo da m\u00e9dia em fevereiro no Acre<\/span><\/a>&#8220;.<\/em><\/span><\/h4>\n<\/blockquote>\n<hr \/>\n<blockquote>\n<h4 style=\"text-align: center;\"><em><span style=\"color: #993366;\">EXTREMOS REGISTRADOS EM 2024<\/span><br \/>\n<\/em><\/h4>\n<h4>\u00a0 <em><span style=\"color: #993366;\">Confira os extremos do tempo registrados em 2024 em Rio Branco, no Acre, nas capitais e no Brasil, acessando nossa publica\u00e7\u00e3o em<\/span> <span style=\"color: #0000ff;\">&#8220;<\/span><a href=\"https:\/\/otempoaqui.com.br\/?p=40051\"><span style=\"color: #0000ff;\">Em 2024, a menor temperatura, no Acre, foi 11,8\u00baC e a maior, 39,6\u00baC<\/span><\/a><span style=\"color: #0000ff;\">&#8220;.<\/span><br \/>\n<\/em><\/h4>\n<\/blockquote>\n<hr \/>\n<blockquote>\n<h4 style=\"text-align: center;\"><em><span style=\"color: #993300;\">EM JANEIRO, CHOVEU MUITO ABAIXO DA M\u00c9DIA EM RIO BRANCO<\/span><\/em><\/h4>\n<h4>\u00a0 <em><span style=\"color: #993300;\">O acumulado de chuvas em janeiro ficou muito abaixo da m\u00e9dia em Rio Branco. Choveu apenas 122,0mm, ou seja, 42,6% da m\u00e9dia do m\u00eas, que \u00e9 286,1mm. Acesse nossa publica\u00e7\u00e3o,<\/span> <span style=\"color: #0000ff;\">&#8220;<\/span><a href=\"https:\/\/otempoaqui.com.br\/?p=40318\"><span style=\"color: #0000ff;\">Choveu, em Rio Branco, menos da metade da m\u00e9dia de janeiro<\/span><\/a><span style=\"color: #0000ff;\">&#8220;,<\/span> <span style=\"color: #993300;\">para conhecer os recordes meteorol\u00f3gicos de janeiro de 2025, em Rio Branco, no Acre, nas capitais e no Brasil.<\/span><\/em><\/h4>\n<\/blockquote>\n<hr \/>\n<blockquote>\n<h4 style=\"text-align: center;\"><em><span style=\"color: #800080;\">ESTAMOS NOS \u00daLTIMOS DIAS DO VER\u00c3O, A ESTA\u00c7\u00c3O DAS CHUVAS!<\/span><\/em><\/h4>\n<h4>\u00a0 <em><span style=\"color: #800080;\">No Acre e em todo o hemisf\u00e9rio sul da Terra, o ver\u00e3o come\u00e7ou no dia 21 de dezembro e vai at\u00e9 o dia 21 de mar\u00e7o. \u00c9 a esta\u00e7\u00e3o das chuvas. Conhe\u00e7a o clima desta esta\u00e7\u00e3o e saiba qual a tend\u00eancia do tempo para o ver\u00e3o deste ano, acessando nossa publica\u00e7\u00e3o:<\/span> <span style=\"color: #0000ff;\">&#8220;<\/span><a href=\"https:\/\/otempoaqui.com.br\/?p=39853\"><span style=\"color: #0000ff;\">Ver\u00e3o: come\u00e7a a esta\u00e7\u00e3o mais chuvosa no Acre<\/span><\/a><span style=\"color: #0000ff;\">&#8220;.<\/span><\/em><\/h4>\n<\/blockquote>\n<hr \/>\n<blockquote>\n<h4 style=\"text-align: center;\"><em><span style=\"color: #993300;\">PLANETAS <\/span><\/em><em><span style=\"color: #993300;\">J\u00daPITER E MARTE VIS\u00cdVEIS A OLHO NU NESTAS NOITES!<\/span><\/em><\/h4>\n<h4>\u00a0 <em><span style=\"color: #993300;\">Ao anoitecer, olhe para o c\u00e9u, quase na vertical, e veja o planeta J\u00fapiter, que \u00e9 o ponto mais brilhante no c\u00e9u. Em seguida olhe um pouco para a direita de J\u00fapiter e veja o planeta Marte, que \u00e9 o ponto mais vermelho no c\u00e9u! Devido ao movimento de rota\u00e7\u00e3o da Terra, por volta das 22h, Marte fica posicionado quase na vertical, um pouco inclinado para o norte, e J\u00fapiter \u00e9 visto do lado oeste.<\/span><br \/>\n<\/em><\/h4>\n<\/blockquote>\n<hr \/>\n<blockquote>\n<h4 style=\"text-align: center;\"><em>SEM PREVIS\u00c3O DE CHEIAS E ENCHENTES ALARMANTES NESTE ANO<\/em><\/h4>\n<h4>\u00a0 <em>No momento, n\u00e3o h\u00e1 a menor possibilidade de se prever, com consist\u00eancia cient\u00edfica, se haver\u00e1 ou n\u00e3o enchentes e cheias alarmantes causadas pelo transbordamento de rios no Acre. No entanto, pela\u00a0 experi\u00eancia e compara\u00e7\u00e3o com situa\u00e7\u00f5es semelhantes da atmosfera e dos oceanos no passado, nossa proje\u00e7\u00e3o \u00e9 de que o tempo seguir\u00e1 dentro da normalidade, com leve tend\u00eancia a chuvas um pouco abaixo da m\u00e9dia nos pr\u00f3ximos meses, at\u00e9 por volta de abril de 2025. Lembramos que n\u00e3o se trata de previs\u00e3o, mas de uma tend\u00eancia, conforme as nossas an\u00e1lises de situa\u00e7\u00f5es meteorol\u00f3gicas atuais, comparando-as com registros de d\u00e9cadas.<\/em><\/h4>\n<\/blockquote>\n<hr \/>\n<blockquote>\n<h4 style=\"text-align: center;\"><em>CONTRIBUA PARA QUE POSSAMOS CONTINUAR COM A MELHOR PREVIS\u00c3O DE TEMPO<br \/>\n<\/em><\/h4>\n<h4><em>\u00a0 Voc\u00ea, que sempre acessa nosso portal para planejar suas atividades di\u00e1rias, ajude-nos a permanecer co m nossas publica\u00e7\u00f5es di\u00e1rias e melhorar este portal do tempo, transferindo, agora mesmo, qualquer valor para CPF <span style=\"color: #800080;\" data-darkreader-inline-color=\"\">711.849.992-79<\/span> (Davi Melo).<br \/>\n<\/em><\/h4>\n<\/blockquote>\n<hr \/>\n<blockquote>\n<h4 style=\"text-align: center;\"><em>SUA AJUDA \u00c9 IMPORTANTE PARA MANTER E MELHORAR ESTE PORTAL<br \/>\n<\/em><\/h4>\n<h4>\u00a0 <em>Queremos melhorar ainda mais o nosso portal do tempo, com alertas a qualquer momento, durante 24 horas, nos sete dias da semana, mas o custo \u00e9 alto. Portanto, contribua para que possamos manter este portal <\/em><em>e melhorar ainda mais nossas previs\u00f5es. Saiba como acessando <span style=\"color: #0000ff;\" data-darkreader-inline-color=\"\">&#8220;<\/span><a href=\"https:\/\/otempoaqui.com.br\/?p=32206\"><span data-darkreader-inline-color=\"\"><span style=\"color: #0000ff;\">Contribua para manter e melhorar nosso<\/span>\u00a0<span style=\"color: #0000ff;\">portal do tempo<\/span><\/span><\/a><span style=\"color: #0000ff;\" data-darkreader-inline-color=\"\">&#8220;.<\/span><\/em><\/h4>\n<\/blockquote>\n<hr \/>\n<blockquote>\n<h4 style=\"text-align: center;\"><em><span style=\"color: #800080;\">NASCER E P\u00d4R DO SOL<\/span><\/em><\/h4>\n<h5 style=\"text-align: center;\">\u00a0\u00a0 <em>Rio Branco: nasce \u00e0s <span style=\"color: #993300;\">5h35min<\/span> e se p\u00f5e \u00e0s <span style=\"color: #0000ff;\">17h45min.<\/span><\/em><\/h5>\n<h5 style=\"text-align: center;\"><em>\u00a0 Cruzeiro do Sul: nasce \u00e0s <span style=\"color: #993300;\">5h55min<\/span> e se p\u00f5e \u00e0s <span style=\"color: #0000ff;\">18h4min.<\/span><\/em><\/h5>\n<\/blockquote>\n<hr \/>\n<blockquote>\n<h4 style=\"text-align: center;\"><em>MENOR TEMPERATURA DE 2025 EM RIO BRANCO, AT\u00c9 O MOMENTO: <span style=\"color: #c90202;\">21,6\u00baC<\/span><\/em><\/h4>\n<h4>\u00a0 <em>A menor temperatura de 2025, registrada em Rio Branco, at\u00e9 o momento, foi 21,6\u00baC, no dia 5 de mar\u00e7o. No ano anterior, foi 12,8\u00baC, no dia 13 de julho.<\/em><\/h4>\n<\/blockquote>\n<hr \/>\n<blockquote>\n<h4 style=\"text-align: center;\"><em>MENOR TEMPERATURA DE 2025 NO ACRE, AT\u00c9 O MOMENTO: <span style=\"color: #c90202;\">21,0\u00baC<\/span><\/em><\/h4>\n<h4><em>A menor temperatura de 2025, registrada no Acre, at\u00e9 o momento, foi 21,0\u00baC, no dia 5 de fevereiro, em Epitaciol\u00e2ndia. No ano anterior, foi 11,8\u00baC, em Epitaciol\u00e2ndia, no dia 29 de maio.<\/em><\/h4>\n<\/blockquote>\n<hr \/>\n<blockquote>\n<h4 style=\"text-align: center;\"><em>MAIOR TEMPERATURA DE 2025, EM RIO BRANCO, AT\u00c9 O MOMENTO: <span style=\"color: #c90202;\">33,9\u00baC<\/span><\/em><\/h4>\n<h4>\u00a0 <em>A maior temperatura de 2025, registrada em Rio Branco, at\u00e9 o momento, foi 33,9\u00baC, no aeroporto da cidade, no dia 11 de janeiro. No ano anterior, foi 38,6\u00baC, no dia 23 de agosto.<\/em><\/h4>\n<\/blockquote>\n<hr \/>\n<blockquote>\n<h4 style=\"text-align: center;\"><em>MAIOR TEMPERATURA DE 2025, NO ACRE, AT\u00c9 O MOMENTO: <span style=\"color: #c90202;\">35,9\u00baC<\/span><\/em><\/h4>\n<h4>\u00a0 <em>A maior temperatura de 2025, registrada no Acre, at\u00e9 o momento, foi 35,9\u00baC, no dia 28 de janeiro, em Assis Brasil (SENAMHI), no dia 28 de janeiro. No ano anterior, foi 39,6\u00baC, em Tarauac\u00e1, no dia 24 de setembro.<\/em><\/h4>\n<\/blockquote>\n<hr \/>\n<blockquote>\n<h4 style=\"text-align: center;\"><em>MENOR TEMPERATURA DE 2025 NO BRASIL, AT\u00c9 O MOMENTO: <span style=\"color: #c90202;\">7,3\u00baC<\/span><\/em><\/h4>\n<h4>\u00a0 <em>A menor temperatura de 2025, registrada no Brasil, at\u00e9 o momento, foi 7,3\u00baC, em General Carneiro (Paran\u00e1), no dia 5 de janeiro. No ano anterior, foi -7,3\u00baC, em Campo Belo (Rio de Janeiro), no dia 31 de maio.<\/em><\/h4>\n<\/blockquote>\n<hr \/>\n<blockquote>\n<h4 style=\"text-align: center;\"><em>MAIOR TEMPERATURA DE 2025, NO BRASIL, AT\u00c9 O MOMENTO: <span style=\"color: #c90202;\">43,8\u00baC<\/span><\/em><\/h4>\n<h4>\u00a0 <em>A maior temperatura de 2025, registrada no Brasil, at\u00e9 o momento, foi 43,8\u00baC, em Quara\u00ed (Rio Grande do Sul), no dia 4 de fevereiro. No ano anterior, foi 44,5\u00baC, em Goi\u00e1s (Goi\u00e1s), no dia 6 de outubro.<\/em><\/h4>\n<\/blockquote>\n<hr \/>\n<blockquote>\n<h4 style=\"text-align: center;\"><em>AS QUATRO ESTA\u00c7\u00d5ES DO ANO NO ACRE<\/em><\/h4>\n<h4>\u00a0 \u00a0 <em>O clima do Acre, m\u00eas a m\u00eas, voc\u00ea encontra na nossa publica\u00e7\u00e3o acessando <span style=\"color: #0000ff;\">&#8220;<\/span><a href=\"https:\/\/otempoaqui.com.br\/?p=27612\"><span style=\"color: #0000ff;\">As quatro esta\u00e7\u00f5es do ano no Acre<\/span><\/a><span style=\"color: #0000ff;\">&#8220;.<\/span><\/em><\/h4>\n<\/blockquote>\n<hr \/>\n<blockquote>\n<h4 style=\"text-align: center;\"><em>\u00a0OUTRAS INFORMA\u00c7\u00d5ES IMPORTANTES<br \/>\n<\/em><\/h4>\n<h4>\u00a0 \u00a0 <em>Leia, tamb\u00e9m, acessando:<\/em><\/h4>\n<ul>\n<li><strong>&#8220;<\/strong><a href=\"https:\/\/otempoaqui.com.br\/?p=32252\"><strong>VER\u00c3O, A ESTA\u00c7\u00c3O DAS CHUVAS NO ACRE<\/strong><\/a><strong>&#8220;;<\/strong><\/li>\n<li><strong>\u00a0&#8220;<a href=\"https:\/\/otempoaqui.com.br\/?p=31358\">PRIMAVERA, A ESTA\u00c7\u00c3O DO IN\u00cdCIO DO PER\u00cdODO CHUVOSO NO ACRE<\/a>&#8220;;<\/strong><\/li>\n<li><strong>&#8220;<\/strong><a href=\"https:\/\/otempoaqui.com.br\/?p=30155\"><strong>INVERNO: A ESTA\u00c7\u00c3O MAIS FRIA E SECA NO ACRE<\/strong><\/a><strong>&#8220;;<\/strong><\/li>\n<li><strong>&#8220;<\/strong><a href=\"https:\/\/otempoaqui.com.br\/?p=28869\"><strong>OUTONO: A ESTA\u00c7\u00c3O DAS PRIMEIRAS FRIAGENS T\u00cdPICAS NO ACRE<\/strong><\/a>&#8220;;<\/li>\n<li>&#8220;<a href=\"https:\/\/otempoaqui.com.br\/?p=27580\"><strong>Recordes de 2021: de -9,9\u00baC a 43,9\u00baC, no Brasil, e de 9,5\u00baC a 39,0\u00baC, no Acre<\/strong><\/a>&#8220;.<\/li>\n<\/ul>\n<\/blockquote>\n<hr \/>\n<h4 style=\"text-align: center;\">\u00a0<span data-darkreader-inline-color=\"\"><span style=\"color: #993300;\">VIS\u00c3O GERAL DO TEMPO NESTA QUINTA-FEIRA<\/span><br \/>\n<\/span><\/h4>\n<h4>\u00a0 <span style=\"color: #993300;\">Nesta quinta-feira (13\/3\/2025), o tempo quente, com sol, nuvens e chuvas pontuais, vai predominar no Acre, em Rond\u00f4nia, no Amazonas, em Mato Grosso, nas plan\u00edcies da Bol\u00edvia e na regi\u00e3o de selva do Peru. Em alguns pontos, pode chover muito forte.<\/span><\/h4>\n<h4>\u00a0 <span style=\"color: #993300;\">Sol, calor e nuvens predominam no Distrito Federal e em Goi\u00e1s, por\u00e9m, em alguns pontos, pode chover forte.<\/span><\/h4>\n<h4 style=\"text-align: center;\"><span data-darkreader-inline-color=\"\"><span style=\"color: #993300;\"><span style=\"color: #800000;\">PREVIS\u00c3O ESPEC\u00cdFICA PARA O ACRE PARA QUINTA-FEIRA<\/span><\/span><br \/>\n<\/span><\/h4>\n<div id=\"attachment_21256\" style=\"width: 196px\" class=\"wp-caption alignleft\"><img data-recalc-dims=\"1\" loading=\"lazy\" decoding=\"async\" aria-describedby=\"caption-attachment-21256\" class=\" wp-image-21256\" src=\"https:\/\/i0.wp.com\/otempoaqui.com.br\/wp-content\/uploads\/2019\/06\/APROVACAO1.png?resize=186%2C186&#038;ssl=1\" alt=\"O melhor curso do Acre\" width=\"186\" height=\"186\" srcset=\"https:\/\/i0.wp.com\/otempoaqui.com.br\/wp-content\/uploads\/2019\/06\/APROVACAO1.png?w=200&amp;ssl=1 200w, https:\/\/i0.wp.com\/otempoaqui.com.br\/wp-content\/uploads\/2019\/06\/APROVACAO1.png?resize=150%2C150&amp;ssl=1 150w, https:\/\/i0.wp.com\/otempoaqui.com.br\/wp-content\/uploads\/2019\/06\/APROVACAO1.png?resize=175%2C175&amp;ssl=1 175w, https:\/\/i0.wp.com\/otempoaqui.com.br\/wp-content\/uploads\/2019\/06\/APROVACAO1.png?resize=184%2C184&amp;ssl=1 184w\" sizes=\"auto, (max-width: 186px) 100vw, 186px\" \/><p id=\"caption-attachment-21256\" class=\"wp-caption-text\"><strong>No Acre, o melhor curso preparat\u00f3rio para o ENEM e vestibulares de todo o Brasil. Tem turma especial para quem quer cursar <em>Medicina.<\/em> Turnos pela manh\u00e3, tarde e noite. J\u00e1 s\u00e3o 19 anos de tradi\u00e7\u00e3o em Rio Branco.<\/strong><\/p><\/div>\n<h4>\u00a0 <span style=\"color: #800000;\">Leste e sul do estado (microrregi\u00f5es de Rio Branco, Brasileia e Sena Madureira):<\/span> tempo quente, com sol, nuvens e chuvas pontuais, que podem ser intensas. M\u00e9dia probabilidade de chuvas fortes. A umidade relativa do ar m\u00ednima varia entre 45 e 55%, durante a tarde, e a m\u00e1xima, entre 90 e 100%, ao amanhecer. Os ventos sopram, entre fracos e calmos, com rajadas moderadas, da dire\u00e7\u00e3o sudeste, com varia\u00e7\u00f5es do sul e de leste.<\/h4>\n<h4>\u00a0 <span style=\"color: #800000;\">Centro e oeste do estado (microrregi\u00f5es de Cruzeiro do Sul e Tarauac\u00e1):<\/span> tempo quente e abafado, com sol, nuvens e chuvas pontuais, que podem ser intensas. M\u00e9dia probabilidade de chuvas fortes. A umidade relativa do ar m\u00ednima, varia entre 50 e 60%, durante a tarde, e a m\u00e1xima, entre 90 e 100%, ao amanhecer. Os ventos sopram, entre fracos e calmos, da dire\u00e7\u00e3o sudeste e varia\u00e7\u00f5es do sul e de leste.<\/h4>\n<h4>\u00a0 <span style=\"color: #800000;\">Temperaturas:<\/span><\/h4>\n<h4>\u00a0 &#8211; <span style=\"color: #800000;\">Rio Branco, Senador Guiomard, Bujari e Porto Acre,<\/span> com m\u00ednimas oscilando entre 21 e 23\u00baC, e m\u00e1ximas, entre 30 e 32\u00baC;<\/h4>\n<h4>\u00a0 &#8211; <span style=\"color: #800000;\">Brasileia, Epitaciol\u00e2ndia, Xapuri, Capixaba, Assis Brasil e Santa Rosa do Purus,<\/span> com m\u00ednimas oscilando entre 21 e 23\u00baC, e m\u00e1ximas, entre 30 e 32\u00baC;<\/h4>\n<h4>\u00a0 &#8211; <span style=\"color: #800000;\">Pl\u00e1cido de Castro e Acrel\u00e2ndia,<\/span> com m\u00ednimas oscilando entre 21 e 23\u00baC, e m\u00e1ximas, entre 30 e 32\u00baC;<\/h4>\n<h4>\u00a0 &#8211; <span style=\"color: #800000;\">Sena Madureira e Manuel Urbano,<\/span> com m\u00ednimas oscilando entre 22 e 24\u00baC, e m\u00e1ximas, entre 30 e 32\u00baC\u00baC;<\/h4>\n<h4>\u00a0 &#8211; <span style=\"color: #800000;\">Tarauac\u00e1 e Feij\u00f3,<\/span> com m\u00ednimas oscilando entre 23\u00baC e 25\u00baC, e m\u00e1ximas, entre 30 e 32\u00baC;<\/h4>\n<h4>\u00a0 &#8211; <span style=\"color: #800000;\">Cruzeiro do Sul, M\u00e2ncio Lima e Rodrigues Alves,<\/span> com m\u00ednimas oscilando entre 23 e 25\u00baC, e m\u00e1ximas, entre 29 e 31\u00baC;<\/h4>\n<h4>\u00a0 &#8211; <span style=\"color: #800000;\">Marechal Thaumaturgo, Porto Walter e Jord\u00e3o,<\/span> com m\u00ednimas oscilando entre 23 e 25\u00baC, e m\u00e1ximas, entre 29 e 31\u00baC.<\/h4>\n<h1 style=\"text-align: center;\"><span style=\"color: #ff0000;\" data-darkreader-inline-color=\"\">\u2193\u2193\u2193<\/span><\/h1>\n<p style=\"text-align: center;\"><strong><span data-darkreader-inline-color=\"\"><span style=\"color: #800080;\">PREVIS\u00c3O PARA O ACRE PARA SEXTA-FEIRA<\/span><\/span><\/strong><strong>\u00a0<span style=\"color: #800080;\" data-darkreader-inline-color=\"\">(14\/3\/2025)<\/span><br \/>\n<\/strong><\/p>\n<p><strong>\u00a0\u00a0\u00a0 <span style=\"color: #800080;\">Leste e sul do Acre (microrregi\u00f5es de Rio Branco, Brasileia e Sena Madureira):<\/span> tempo inst\u00e1vel, com sol, nuvens e chuvas pontuais, que podem ser intensas<\/strong><strong>. M\u00e9dia probabilidade de chuvas fortes. A temperatura m\u00ednima varia entre 20 e 23\u00baC, e a m\u00e1xima, entre 27 e 30\u00baC.<\/strong><\/p>\n<p><strong>\u00a0 \u00a0 <span style=\"color: #800080;\">Centro e oeste do Acre (microrregi\u00f5es de Cruzeiro do Sul e Tarauac\u00e1):<\/span> tempo inst\u00e1vel, com sol, nuvens e chuvas pontuais, que podem ser intensas. Alta probabilidade de chuvas fortes. A temperatura m\u00ednima varia entre 21 e 24\u00baC, e a m\u00e1xima, entre 28 e 31\u00baC.<\/strong><\/p>\n<hr \/>\n<h4 style=\"text-align: center;\"><span data-darkreader-inline-color=\"\"><span style=\"color: #993300;\">TEMPERATURAS EM OUTROS ESTADOS NESTA QUINTA-FEIRA<\/span><br \/>\n<\/span><\/h4>\n<hr \/>\n<h4><span style=\"color: #993300;\">ROND\u00d4NIA:<\/span><\/h4>\n<h4>\u00a0 &#8211; <span style=\"color: #993300;\">Porto Velho e Ariquemes,<\/span> m\u00ednima entre 23 e 25\u00baC, e m\u00e1xima entre 29 e 31\u00baC;<\/h4>\n<h4>\u00a0 &#8211; <span style=\"color: #993300;\">Cacoal e Ji-Paran\u00e1,<\/span> m\u00ednima entre 22 e 24\u00baC e m\u00e1xima entre 30 e 32\u00baC;<\/h4>\n<h4>\u00a0 &#8211; <span style=\"color: #993300;\">Vilhena,<\/span> m\u00ednima entre 21 e 23\u00baC e m\u00e1xima entre 28 e 30\u00baC;<\/h4>\n<h4>\u00a0 &#8211; <span style=\"color: #993300;\">Guajar\u00e1-Mirim e Costa Marques,<\/span> m\u00ednima entre 21 e 23\u00baC e m\u00e1xima entre 28 e 30\u00baC.<\/h4>\n<hr \/>\n<h4>\u00a0<span style=\"color: #993300;\">DISTRITO FEDERAL:<\/span><\/h4>\n<h4>\u00a0 <span style=\"color: #993300;\">Bras\u00edlia<\/span> e arredores ter\u00e3o m\u00ednima entre 14 e 17\u00baC e m\u00e1xima entre 30 e 33\u00baC.<\/h4>\n<hr \/>\n<h4><span style=\"color: #993300;\">GOI\u00c1S:<\/span><\/h4>\n<h4>\u00a0 Em <span style=\"color: #993300;\">Goi\u00e2nia,<\/span> a m\u00ednima varia entre 20 e 22\u00baC e a m\u00e1xima, entre 33 e 35\u00baC.<\/h4>\n<hr \/>\n<h4><span style=\"color: #993300;\">MATO GROSSO:<\/span><\/h4>\n<h4>\u00a0 Em <span style=\"color: #993300;\">Cuiab\u00e1,<\/span> m\u00ednima entre 23 e 25\u00baC e m\u00e1xima entre 32 e 34\u00baC, e em <span style=\"color: #993300;\">C\u00e1ceres,<\/span> m\u00ednima entre 21 e 23\u00baC e m\u00e1xima entre 31 e 33\u00baC.<\/h4>\n<hr \/>\n<h4><span style=\"color: #993300;\">AMAZONAS:<\/span><\/h4>\n<h4>\u00a0 &#8211; <span style=\"color: #993300;\">Manaus, Manacapuru, Itacoatiara, Codaj\u00e1s e Parintins,<\/span> m\u00ednima entre 24 e 26\u00baC e m\u00e1xima entre 31 e 33\u00baC;<\/h4>\n<h4>\u00a0 &#8211; <span style=\"color: #993300;\">Boca do Acre e Pauini,<\/span> m\u00ednima entre 22 e 24\u00baC, e m\u00e1xima entre 30 e 32\u00baC;<\/h4>\n<h4>\u00a0 &#8211; <span style=\"color: #993300;\">Envira, Eirunep\u00e9, Ipixuna e Guajar\u00e1,<\/span> m\u00ednima entre 22 e 24\u00baC, e m\u00e1xima entre 30 e 32\u00baC.<\/h4>\n<div id=\"attachment_25256\" style=\"width: 310px\" class=\"wp-caption aligncenter\"><img data-recalc-dims=\"1\" loading=\"lazy\" decoding=\"async\" aria-describedby=\"caption-attachment-25256\" class=\"size-medium wp-image-25256\" src=\"https:\/\/i0.wp.com\/otempoaqui.com.br\/wp-content\/uploads\/2021\/08\/1.jpg?resize=300%2C101&#038;ssl=1\" alt=\"\" width=\"300\" height=\"101\" srcset=\"https:\/\/i0.wp.com\/otempoaqui.com.br\/wp-content\/uploads\/2021\/08\/1.jpg?resize=300%2C101&amp;ssl=1 300w, https:\/\/i0.wp.com\/otempoaqui.com.br\/wp-content\/uploads\/2021\/08\/1.jpg?w=609&amp;ssl=1 609w\" sizes=\"auto, (max-width: 300px) 100vw, 300px\" \/><p id=\"caption-attachment-25256\" class=\"wp-caption-text\"><strong><em>Produtos agr\u00edcolas, ro\u00e7adeiras e motores. Tudo isto e muito mais voc\u00ea encontra aqui.<\/em><\/strong><\/p><\/div>\n<blockquote>\n<h3><em>Acompanhe nossas atualiza\u00e7\u00f5es di\u00e1rias para ficar bem informado e n\u00e3o ser pego de surpresa pelas adversidades do tempo meteorol\u00f3gico.<\/em><\/h3>\n<\/blockquote>\n","protected":false},"excerpt":{"rendered":"<p>\u00a0PREVIS\u00c3O DE TEMPO PARA QUINTA-FEIRA (13\/3\/2025) \u00a0Ajude-nos a manter financeiramente nosso portal do tempo, com a melhor previs\u00e3o, atrav\u00e9s do n\u00famero 711.849.992-79 (CPF) RIO ACRE, EM RIO BRANCO, MANTER\u00c1 N\u00cdVEL ELEVADO AT\u00c9 O FIM DE SEMANA \u00a0 O n\u00edvel do rio Acre, em Rio Branco, manter-se-\u00e1 elevado, pelo menos at\u00e9 o fim desta semana, com [&hellip;]<\/p>\n","protected":false},"author":2,"featured_media":0,"comment_status":"open","ping_status":"open","sticky":false,"template":"","format":"standard","meta":{"_jetpack_memberships_contains_paid_content":false,"footnotes":"","jetpack_publicize_message":"","jetpack_publicize_feature_enabled":true,"jetpack_social_post_already_shared":true,"jetpack_social_options":{"image_generator_settings":{"template":"highway","enabled":false},"version":2}},"categories":[193,290],"tags":[52,171,267,157,23,46,168,26,64],"class_list":["post-40708","post","type-post","status-publish","format-standard","hentry","category-previsao-do-tempo","category-nivel-dos-rios","tag-chuvas","tag-enchente-do-rio-acre","tag-nivel-do-rio-jurua","tag-nivel-dos-rios","tag-previsao-do-tempo","tag-previsao-do-tempo-para-os-proximos-dias","tag-previsao-para-a-semana","tag-previsao-para-os-proximos-dias","tag-rio-acre"],"jetpack_publicize_connections":[],"jetpack_featured_media_url":"","jetpack_likes_enabled":true,"jetpack_sharing_enabled":true,"_links":{"self":[{"href":"https:\/\/otempoaqui.com.br\/index.php?rest_route=\/wp\/v2\/posts\/40708","targetHints":{"allow":["GET"]}}],"collection":[{"href":"https:\/\/otempoaqui.com.br\/index.php?rest_route=\/wp\/v2\/posts"}],"about":[{"href":"https:\/\/otempoaqui.com.br\/index.php?rest_route=\/wp\/v2\/types\/post"}],"author":[{"embeddable":true,"href":"https:\/\/otempoaqui.com.br\/index.php?rest_route=\/wp\/v2\/users\/2"}],"replies":[{"embeddable":true,"href":"https:\/\/otempoaqui.com.br\/index.php?rest_route=%2Fwp%2Fv2%2Fcomments&post=40708"}],"version-history":[{"count":1,"href":"https:\/\/otempoaqui.com.br\/index.php?rest_route=\/wp\/v2\/posts\/40708\/revisions"}],"predecessor-version":[{"id":40709,"href":"https:\/\/otempoaqui.com.br\/index.php?rest_route=\/wp\/v2\/posts\/40708\/revisions\/40709"}],"wp:attachment":[{"href":"https:\/\/otempoaqui.com.br\/index.php?rest_route=%2Fwp%2Fv2%2Fmedia&parent=40708"}],"wp:term":[{"taxonomy":"category","embeddable":true,"href":"https:\/\/otempoaqui.com.br\/index.php?rest_route=%2Fwp%2Fv2%2Fcategories&post=40708"},{"taxonomy":"post_tag","embeddable":true,"href":"https:\/\/otempoaqui.com.br\/index.php?rest_route=%2Fwp%2Fv2%2Ftags&post=40708"}],"curies":[{"name":"wp","href":"https:\/\/api.w.org\/{rel}","templated":true}]}}