{"id":40455,"date":"2025-02-14T14:12:00","date_gmt":"2025-02-14T19:12:00","guid":{"rendered":"https:\/\/otempoaqui.com.br\/?p=40455"},"modified":"2025-02-14T15:25:25","modified_gmt":"2025-02-14T20:25:25","slug":"chuvas-continuam-e-nivel-do-rio-acre-pode-chegar-proximo-da-cota-de-alerta","status":"publish","type":"post","link":"https:\/\/otempoaqui.com.br\/?p=40455","title":{"rendered":"Chuvas continuam e n\u00edvel do rio Acre pode chegar pr\u00f3ximo da cota de alerta"},"content":{"rendered":"<div style=\"color:#980000;background:radial-gradient(rgb(255,255,255) 57%,rgb(179,42,0) 100%)\" class=\"has-text-align-center has-link-color wp-elements-1 wp-block-post-date has-text-color has-background\"><time datetime=\"2025-02-14T14:12:00-05:00\">14\/02\/2025<\/time><\/div>\n\n\n<hr class=\"wp-block-separator aligncenter has-text-color has-vivid-red-color has-alpha-channel-opacity has-vivid-red-background-color has-background\"\/>\n\n\n\n<div class=\"wp-block-cover aligncenter\" style=\"min-height:327px;aspect-ratio:unset;\"><span aria-hidden=\"true\" class=\"wp-block-cover__background has-background-dim-30 has-background-dim\"><\/span><img data-recalc-dims=\"1\" loading=\"lazy\" decoding=\"async\" width=\"390\" height=\"240\" class=\"wp-block-cover__image-background wp-image-22895\" alt=\"\" src=\"https:\/\/i0.wp.com\/otempoaqui.com.br\/wp-content\/uploads\/2021\/02\/16111249974_40bc3852de_k.jpg?resize=390%2C240&#038;ssl=1\" data-object-fit=\"cover\" srcset=\"https:\/\/i0.wp.com\/otempoaqui.com.br\/wp-content\/uploads\/2021\/02\/16111249974_40bc3852de_k.jpg?w=390&amp;ssl=1 390w, https:\/\/i0.wp.com\/otempoaqui.com.br\/wp-content\/uploads\/2021\/02\/16111249974_40bc3852de_k.jpg?resize=300%2C185&amp;ssl=1 300w\" sizes=\"auto, (max-width: 390px) 100vw, 390px\" \/><div class=\"wp-block-cover__inner-container is-layout-flow wp-block-cover-is-layout-flow\">\n<h2 class=\"wp-block-heading has-text-align-center\" style=\"font-size:25px\"><em><mark style=\"background-color:rgba(0, 0, 0, 0)\" class=\"has-inline-color has-white-color\">Rio Acre pode ficar pr\u00f3ximo da cota de alerta, mas, no momento, n\u00e3o oferece perigo!<\/mark><\/em><\/h2>\n<\/div><\/div>\n\n\n\n<div class=\"wp-block-cover\" style=\"min-height:325px;aspect-ratio:unset;\"><span aria-hidden=\"true\" class=\"wp-block-cover__background has-background-dim-60 has-background-dim\" style=\"background-color:#190000\"><\/span><div class=\"wp-block-cover__inner-container is-layout-constrained wp-block-cover-is-layout-constrained\">\n<h2 class=\"wp-block-heading has-text-align-center has-white-background-color has-text-color has-background has-link-color wp-elements-2\" style=\"color:#002e49;font-size:23px\"><em>Rio Branco foi, mais uma vez, a capital mais fria do Brasil, na \u00faltima quinta-feira<\/em><\/h2>\n\n\n\n<div style=\"height:16px\" aria-hidden=\"true\" class=\"wp-block-spacer\"><\/div>\n\n\n\n<h2 class=\"wp-block-heading has-text-align-center has-white-background-color has-text-color has-background has-link-color wp-elements-3\" style=\"color:#570000;font-size:23px\"><em>S\u00e1bado ser\u00e1 quente, mas chuvas intensas retornam no domingo e na segunda-feira<\/em><\/h2>\n<\/div><\/div>\n\n\n\n<hr class=\"wp-block-separator aligncenter has-text-color has-vivid-red-color has-alpha-channel-opacity has-vivid-red-background-color has-background\"\/>\n\n\n\n<div style=\"height:20px\" aria-hidden=\"true\" class=\"wp-block-spacer\"><\/div>\n\n\n\n<h2 class=\"wp-block-heading has-text-align-center\"><em><mark style=\"background-color:rgba(0, 0, 0, 0)\" class=\"has-inline-color has-black-color\">Fim de semana com rio Acre pr\u00f3ximo da cota de alerta em Rio Branco<\/mark><\/em><\/h2>\n\n\n\n\n\n<p class=\"wp-block-paragraph\" style=\"font-size:18px\">\u00a0\u00a0\u00a0\u00a0\u00a0 <span style=\"color: #000000;\"><em>O n\u00edvel do rio Acre, em Rio Branco, vai continuar subindo neste fim de semana, devendo ficar pr\u00f3ximo da cota de alerta at\u00e9 segunda-feira, dia 17 de fevereiro. Mesmo com a eleva\u00e7\u00e3o do seu n\u00edvel, n\u00e3o oferece perigo de inunda\u00e7\u00e3o alarmante, pois tem chovido e vai continuar a chover abaixo da m\u00e9dia para o m\u00eas, como temos previsto para este ver\u00e3o. Na sexta-feira (14\/2\/2025), por volta das 14h, seu n\u00edvel, na capital acreana, era 11,4m. A cota de alerta \u00e9 13,5m, que n\u00e3o dever\u00e1 ser atingida, pelo menos nos pr\u00f3ximos dez anos.<\/em><\/span><\/p>\n\n\n\n<p class=\"wp-block-paragraph\" style=\"font-size:18px\">&nbsp;&nbsp;&nbsp;&nbsp;&nbsp; <span style=\"color: #000000;\"><em>Em Cruzeiro do Sul, o n\u00edvel do rio Juru\u00e1 tamb\u00e9m tem subido rapidamente, sendo que, nesta sexta-feira, no come\u00e7o da tarde, marcava 10,4m.<\/em><\/span><\/p>\n\n\n\n<p class=\"wp-block-paragraph\" style=\"font-size:18px\"><span style=\"color: #000000;\"><em>&nbsp;&nbsp;&nbsp;&nbsp;&nbsp; Neste s\u00e1bado, o tempo quente e abafado, com sol e nuvens, vai predominar em Rio Branco e na maior parte do Acre, podendo chover em alguns pontos, mas de forma passageira.<\/em><\/span><\/p>\n\n\n\n<p class=\"wp-block-paragraph\" style=\"font-size:18px\"><span style=\"color: #000000;\"><em>\u00a0\u00a0\u00a0\u00a0\u00a0 No domingo, dia 16, as chuvas retornam com mais intensidade, assim como na segunda-feira, dia 17, podendo causar alguns transtornos \u00e0 popula\u00e7\u00e3o de \u00e1reas vulner\u00e1veis, como transbordamento de c\u00f3rregos e igarap\u00e9s e inunda\u00e7\u00e3o de ruas.<\/em><\/span><\/p>\n\n\n\n<p class=\"wp-block-paragraph\" style=\"font-size:18px\">&nbsp;&nbsp;&nbsp;&nbsp;&nbsp; <span style=\"color: #000000;\"><em>At\u00e9 o momento (14\/2\/2025), choveu, em Rio Branco, neste m\u00eas, 144,2mm, ou seja, 48,2% da m\u00e9dia de fevereiro, que \u00e9 298,9mm.<\/em><\/span><\/p>\n\n\n\n<div style=\"height:15px\" aria-hidden=\"true\" class=\"wp-block-spacer\"><\/div>\n\n\n\n<h2 class=\"wp-block-heading has-text-align-center\"><em><mark style=\"background-color:rgba(0, 0, 0, 0)\" class=\"has-inline-color has-black-color\">Rio Branco, mais uma vez, foi a capital mais fria do Brasil<\/mark><\/em><\/h2>\n\n\n\n<p class=\"wp-block-paragraph\" style=\"font-size:18px\">&nbsp;&nbsp;&nbsp;&nbsp;&nbsp; <span style=\"color: #000000;\"><em>Pelo segunda vez, esta semana, Rio Branco foi a capital mais fria entre todas as capitais do Brasil. Na \u00faltima quinta-feira, dia 13 de fevereiro, a maior temperatura da capital acreana foi apenas 26,1\u00baC, registrada no aeroporto da cidade.<\/em><\/span><\/p>\n\n\n\n<p class=\"wp-block-paragraph\" style=\"font-size:18px\"><span style=\"color: #000000;\"><em>&nbsp;&nbsp;&nbsp;&nbsp;&nbsp; No entanto, por volta das 2h da tarde, que, normalmente, \u00e9 o hor\u00e1rio mais quente, a temperatura da capital do Acre era de, apenas, 23,0\u00baC, enquanto, neste mesmo hor\u00e1rio, as demais capitais, inclusive as do sul do pa\u00eds, marcavam temperaturas acima de 30\u00baC.<\/em><\/span><\/p>\n\n\n\n<p class=\"wp-block-paragraph\" style=\"font-size:18px\"><span style=\"color: #000000;\"><em>&nbsp;&nbsp;&nbsp;&nbsp;&nbsp; Dois dias antes, na ter\u00e7a-feira, a maior temperatura registrada em Rio Branco foi 26,3\u00baC, igualando-se a de Bras\u00edlia, sendo as duas capitais com a menor temperatura m\u00e1xima entre as capitais brasileiras.<\/em><\/span><\/p>\n\n\n\n<p class=\"wp-block-paragraph\" style=\"font-size:18px\"><span style=\"color: #000000;\"><em>&nbsp;&nbsp;&nbsp;&nbsp;&nbsp; Durante esta semana, as capitais que lideraram com as maiores temperaturas foram Porto Alegre e Rio de Janeiro, com marcas acima de 39\u00baC, por\u00e9m o recorde de calor do ano, at\u00e9 o momento, ocorreu na cidade de Uruguaiana, no Rio Grande do Sul, na fronteira com a Argentina, com temperatura de 41,3\u00baC, registrada oficialmente, no \u00faltimo dia 11 de fevereiro.<\/em><\/span><\/p>\n\n\n\n<p class=\"wp-block-paragraph\" style=\"font-size:18px\"><span style=\"color: #000000;\"><em>&nbsp;&nbsp;&nbsp;&nbsp;&nbsp; Lembramos que \u00e9 normal, todos os anos, o Rio Grande do Sul e Santa Caterina registrarem as maiores temperaturas do Brasil no ver\u00e3o.<\/em><\/span><\/p>\n","protected":false},"excerpt":{"rendered":"<p>Fim de semana com rio Acre pr\u00f3ximo da cota de alerta em Rio Branco \u00a0\u00a0\u00a0\u00a0\u00a0 O n\u00edvel do rio Acre, em Rio Branco, vai continuar subindo neste fim de semana, devendo ficar pr\u00f3ximo da cota de alerta at\u00e9 segunda-feira, dia 17 de fevereiro. Mesmo com a eleva\u00e7\u00e3o do seu n\u00edvel, n\u00e3o oferece perigo de inunda\u00e7\u00e3o [&hellip;]<\/p>\n","protected":false},"author":2,"featured_media":0,"comment_status":"open","ping_status":"open","sticky":false,"template":"","format":"standard","meta":{"_jetpack_memberships_contains_paid_content":false,"footnotes":"","jetpack_publicize_message":"","jetpack_publicize_feature_enabled":true,"jetpack_social_post_already_shared":true,"jetpack_social_options":{"image_generator_settings":{"template":"highway","enabled":false},"version":2}},"categories":[193],"tags":[52,36,157,23,46,250,26,64],"class_list":["post-40455","post","type-post","status-publish","format-standard","hentry","category-previsao-do-tempo","tag-chuvas","tag-chuvas-fortes","tag-nivel-dos-rios","tag-previsao-do-tempo","tag-previsao-do-tempo-para-os-proximos-dias","tag-previsao-para-o-fim-de-semana","tag-previsao-para-os-proximos-dias","tag-rio-acre"],"jetpack_publicize_connections":[],"jetpack_featured_media_url":"","jetpack_likes_enabled":true,"jetpack_sharing_enabled":true,"_links":{"self":[{"href":"https:\/\/otempoaqui.com.br\/index.php?rest_route=\/wp\/v2\/posts\/40455","targetHints":{"allow":["GET"]}}],"collection":[{"href":"https:\/\/otempoaqui.com.br\/index.php?rest_route=\/wp\/v2\/posts"}],"about":[{"href":"https:\/\/otempoaqui.com.br\/index.php?rest_route=\/wp\/v2\/types\/post"}],"author":[{"embeddable":true,"href":"https:\/\/otempoaqui.com.br\/index.php?rest_route=\/wp\/v2\/users\/2"}],"replies":[{"embeddable":true,"href":"https:\/\/otempoaqui.com.br\/index.php?rest_route=%2Fwp%2Fv2%2Fcomments&post=40455"}],"version-history":[{"count":6,"href":"https:\/\/otempoaqui.com.br\/index.php?rest_route=\/wp\/v2\/posts\/40455\/revisions"}],"predecessor-version":[{"id":40462,"href":"https:\/\/otempoaqui.com.br\/index.php?rest_route=\/wp\/v2\/posts\/40455\/revisions\/40462"}],"wp:attachment":[{"href":"https:\/\/otempoaqui.com.br\/index.php?rest_route=%2Fwp%2Fv2%2Fmedia&parent=40455"}],"wp:term":[{"taxonomy":"category","embeddable":true,"href":"https:\/\/otempoaqui.com.br\/index.php?rest_route=%2Fwp%2Fv2%2Fcategories&post=40455"},{"taxonomy":"post_tag","embeddable":true,"href":"https:\/\/otempoaqui.com.br\/index.php?rest_route=%2Fwp%2Fv2%2Ftags&post=40455"}],"curies":[{"name":"wp","href":"https:\/\/api.w.org\/{rel}","templated":true}]}}