{"id":40402,"date":"2025-02-08T17:30:00","date_gmt":"2025-02-08T22:30:00","guid":{"rendered":"https:\/\/otempoaqui.com.br\/?p=40402"},"modified":"2025-02-07T16:12:07","modified_gmt":"2025-02-07T21:12:07","slug":"domingo-com-tempo-instavel-e-chuvas-a-qualquer-hora-no-acre-2","status":"publish","type":"post","link":"https:\/\/otempoaqui.com.br\/?p=40402","title":{"rendered":"Domingo com tempo inst\u00e1vel e chuvas a qualquer hora no Acre"},"content":{"rendered":"<h3 style=\"text-align: center;\"><span data-darkreader-inline-color=\"\"><span style=\"color: #0000ff;\">PREVIS\u00c3O DE TEMPO PARA DOMINGO (9\/2\/2025)<\/span><\/span><\/h3>\n<hr \/>\n<h3 style=\"text-align: center;\">\u00a0Ajude-nos a manter financeiramente nosso portal do tempo, com a melhor previs\u00e3o, atrav\u00e9s do n\u00famero <span style=\"color: #ff0000;\" data-darkreader-inline-color=\"\">711.849.992-79<\/span> (CPF)<\/h3>\n<hr \/>\n<blockquote>\n<h4 style=\"text-align: center;\"><em>ALERTA DE CHUVAS INTENSAS E R\u00c1PIDA E ACENTUADA ELEVA\u00c7\u00c3O DO N\u00cdVEL DO RIO ACRE<br \/>\n<\/em><\/h4>\n<h4>\u00a0 <em>As condi\u00e7\u00f5es atmosf\u00e9ricas estar\u00e3o, at\u00e9 segunda-feira, dia 10, altamente favor\u00e1veis \u00e0 ocorr\u00eancia de chuvas intensas no Acre, com alta probabilidade de temporais, podendo causar s\u00e9rios transtornos \u00e0 popula\u00e7\u00e3o de \u00e1reas vulner\u00e1veis, como transbordamento de c\u00f3rregos e igarap\u00e9s e deslizamentos de terra. O n\u00edvel do rio Acre, em Rio Branco, subir\u00e1 r\u00e1pida e acentuadamente nestes dias, podendo ficar perto de 13m, na pr\u00f3xima semana. Leia nossa mat\u00e9ria a respeito, publicada nesta quinta-feira, em <span style=\"color: #0000ff;\">&#8220;<\/span><a href=\"https:\/\/otempoaqui.com.br\/?p=40391\"><span style=\"color: #0000ff;\">N\u00edvel do rio Acre, em Rio Branco, vai subir r\u00e1pida e acentuadamente, nestes dias<\/span><\/a><span style=\"color: #0000ff;\">&#8220;.<\/span><br \/>\n<\/em><\/h4>\n<\/blockquote>\n<hr \/>\n<blockquote>\n<h4 style=\"text-align: center;\"><em>FEVEREIRO TER\u00c1 CHUVAS ABAIXO DA M\u00c9DIA NO ACRE<br \/>\n<\/em><\/h4>\n<h4>\u00a0 <em>As condi\u00e7\u00f5es atmosf\u00e9ricas e oce\u00e2nicas atuais projetam chuvas abaixo da m\u00e9dia em fevereiro, no Acre. Conhe\u00e7a o clima de fevereiro e saiba qual a tend\u00eancia do tempo para este m\u00eas em 2025, acessando nossa publica\u00e7\u00e3o: <span style=\"color: #0000ff;\">&#8220;<\/span><a href=\"https:\/\/otempoaqui.com.br\/?p=40287\"><span style=\"color: #0000ff;\">Fevereiro: o m\u00eas mais chuvoso no leste e sul do Acre<\/span><\/a><span style=\"color: #0000ff;\">&#8220;.<\/span><br \/>\n<\/em><\/h4>\n<\/blockquote>\n<hr \/>\n<blockquote>\n<h4 style=\"text-align: center;\"><em>N\u00cdVEL DO RIO ACRE<\/em><\/h4>\n<h4>\u00a0 <em>O n\u00edvel do rio Acre, em Rio Branco, por volta das 15h desta sexta-feira (7\/2\/2025), era 8,3m, e continua subindo. Devido \u00e0s chuvas intensas que ca\u00edram na \u00faltima segunda-feira em Assis Brasil e Brasileia e \u00e0s que ocorrer\u00e3o neste fim de semana, seu n\u00edvel subir\u00e1 r\u00e1pida e acentuadamente, mas sem motivos para preocupa\u00e7\u00e3o alarmante, pois n\u00e3o h\u00e1 perigo de transbordamento, pelo menos at\u00e9 o pr\u00f3ximo dia 20 de fevereiro.<br \/>\n<\/em><\/h4>\n<\/blockquote>\n<hr \/>\n<blockquote>\n<h4 style=\"text-align: center;\"><em>EXTREMOS REGISTRADOS EM 2024<br \/>\n<\/em><\/h4>\n<h4>\u00a0 <em>Confira os extremos do tempo registrados em 2024 em Rio Branco, no Acre, nas capitais e no Brasil, acessando nossa publica\u00e7\u00e3o em <span style=\"color: #0000ff;\">&#8220;<\/span><a href=\"https:\/\/otempoaqui.com.br\/?p=40051\"><span style=\"color: #0000ff;\">Em 2024, a menor temperatura, no Acre, foi 11,8\u00baC e a maior, 39,6\u00baC<\/span><\/a><span style=\"color: #0000ff;\">&#8220;.<\/span><br \/>\n<\/em><\/h4>\n<\/blockquote>\n<hr \/>\n<blockquote>\n<h4><em>EM JANEIRO, CHOVEU MUITO ABAIXO DA M\u00c9DIA EM RIO BRANCO<\/em><\/h4>\n<h4>\u00a0 <em>O acumulado de chuvas em janeiro ficou muito abaixo da m\u00e9dia em Rio Branco. Choveu apenas 122,0mm, ou seja, 42,6% da m\u00e9dia do m\u00eas, que \u00e9 286,1mm. Acesse nossa publica\u00e7\u00e3o, &#8220;<a href=\"https:\/\/otempoaqui.com.br\/?p=40318\">Choveu, em Rio <span style=\"color: #0000ff;\">Branco, menos da metade da m\u00e9dia de janeiro<\/span><\/a><span style=\"color: #0000ff;\">&#8220;,<\/span> para conhecer os recordes meteorol\u00f3gicos de janeiro de 2025, no em Rio Branco, no Acre, nas capitais e no Brasil.<\/em><\/h4>\n<\/blockquote>\n<hr \/>\n<blockquote>\n<h4 style=\"text-align: center;\"><em>ESTAMOS NO VER\u00c3O, A ESTA\u00c7\u00c3O DAS CHUVAS<br \/>\n<\/em><\/h4>\n<h4>\u00a0 <em>No Acre e em todo o hemisf\u00e9rio sul da Terra, o ver\u00e3o come\u00e7ou no dia 21 de dezembro e vai at\u00e9 o dia 21 de mar\u00e7o. \u00c9 a esta\u00e7\u00e3o das chuvas. Conhe\u00e7a o clima desta esta\u00e7\u00e3o e saiba qual a tend\u00eancia do tempo para o ver\u00e3o deste ano, acessando nossa publica\u00e7\u00e3o: <span style=\"color: #0000ff;\">&#8220;<\/span><a href=\"https:\/\/otempoaqui.com.br\/?p=39853\"><span style=\"color: #0000ff;\">Ver\u00e3o: come\u00e7a a esta\u00e7\u00e3o mais chuvosa no Acre<\/span><\/a><span style=\"color: #0000ff;\">&#8220;.<\/span><\/em><\/h4>\n<\/blockquote>\n<hr \/>\n<blockquote>\n<h4 style=\"text-align: center;\"><em>PLANETAS MARTE, <\/em><em>J\u00daPITER E V\u00caNUS VIS\u00cdVEIS A OLHO NU NESTAS NOITES!<\/em><\/h4>\n<h4>\u00a0 <em>Ao anoitecer, olhe para o c\u00e9u, do mesmo lado que o Sol se p\u00f5e, e veja o planeta V\u00eanus, que \u00e9 o ponto mais brilhante. Depois, olhe para o alto e veja o planeta J\u00fapiter, que \u00e9 o segundo ponto mais brilhante no c\u00e9u. Em seguida olhe para o leste, do lado onde o sol nasce, e veja o planete Marte, que \u00e9 o ponto mais vermelho no c\u00e9u!<br \/>\n<\/em><\/h4>\n<\/blockquote>\n<hr \/>\n<blockquote>\n<h4 style=\"text-align: center;\"><em>SEM PREVIS\u00c3O DE CHEIAS E ENCHENTES ALARMANTES NESTE ANO<\/em><\/h4>\n<h4>\u00a0 <em>No momento, n\u00e3o h\u00e1 a menor possibilidade de se prever, com consist\u00eancia cient\u00edfica, se haver\u00e1 ou n\u00e3o enchentes e cheias alarmantes causadas pelo transbordamento de rios no Acre. No entanto, pela\u00a0 experi\u00eancia e compara\u00e7\u00e3o com situa\u00e7\u00f5es semelhantes da atmosfera e dos oceanos no passado, nossa proje\u00e7\u00e3o \u00e9 de que o tempo seguir\u00e1 dentro da normalidade, com leve tend\u00eancia a chuvas um pouco abaixo da m\u00e9dia nos pr\u00f3ximos meses, at\u00e9 por volta de abril de 2025. Lembramos que n\u00e3o se trata de previs\u00e3o, mas de uma tend\u00eancia, conforme as nossas an\u00e1lises de situa\u00e7\u00f5es meteorol\u00f3gicas atuais, comparando-as com registros de d\u00e9cadas.<\/em><\/h4>\n<\/blockquote>\n<hr \/>\n<blockquote>\n<h4 style=\"text-align: center;\"><em>CONTRIBUA PARA QUE POSSAMOS CONTINUAR COM A MELHOR PREVIS\u00c3O DE TEMPO<br \/>\n<\/em><\/h4>\n<h4><em>\u00a0 Voc\u00ea, que sempre acessa nosso portal para planejar suas atividades di\u00e1rias, ajude-nos a permanecer co m nossas publica\u00e7\u00f5es di\u00e1rias e melhorar este portal do tempo, transferindo, agora mesmo, qualquer valor para CPF <span style=\"color: #800000;\" data-darkreader-inline-color=\"\">711.849.992-79<\/span> (Davi Melo).<br \/>\n<\/em><\/h4>\n<\/blockquote>\n<hr \/>\n<blockquote>\n<h4 style=\"text-align: center;\"><em>SUA AJUDA \u00c9 IMPORTANTE PARA MANTER E MELHORAR ESTE PORTAL<br \/>\n<\/em><\/h4>\n<h4>\u00a0 <em>Queremos melhorar ainda mais o nosso portal do tempo, com alertas a qualquer momento, durante 24 horas, nos sete dias da semana, mas o custo \u00e9 alto. Portanto, contribua para que possamos manter este portal <\/em><em>e melhorar ainda mais nossas previs\u00f5es. Saiba como acessando <span style=\"color: #0000ff;\" data-darkreader-inline-color=\"\">&#8220;<\/span><a href=\"https:\/\/otempoaqui.com.br\/?p=32206\"><span data-darkreader-inline-color=\"\"><span style=\"color: #0000ff;\">Contribua para manter e melhorar nosso portal do tempo<\/span><\/span><\/a><span style=\"color: #0000ff;\" data-darkreader-inline-color=\"\">&#8220;.<\/span><\/em><\/h4>\n<\/blockquote>\n<hr \/>\n<blockquote>\n<h4 style=\"text-align: center;\"><em><span style=\"color: #800080;\">NASCER E P\u00d4R DO SOL<\/span><\/em><\/h4>\n<h5 style=\"text-align: center;\">\u00a0\u00a0 <em>Rio Branco: nasce \u00e0s <span style=\"color: #993300;\">5h31min<\/span> e se p\u00f5e \u00e0s <span style=\"color: #0000ff;\">17h59min.<\/span><\/em><\/h5>\n<h5 style=\"text-align: center;\"><em>\u00a0 Cruzeiro do Sul: nasce \u00e0s <span style=\"color: #993300;\">5h54min<\/span> e se p\u00f5e \u00e0s <span style=\"color: #0000ff;\">18h16min.<\/span><\/em><\/h5>\n<\/blockquote>\n<hr \/>\n<blockquote>\n<h4><em>MENOR TEMPERATURA DE 2024 NO ACRE E EM RIO BRANCO: 11,8\u00baC e 12,8\u00baC<br \/>\n<\/em><\/h4>\n<h4>\u00a0 <em>As menores temperaturas de 2024 no Acre, foram 11,8\u00baC, registrada em Epitaciol\u00e2ndia, no dia 29 de maio, e 12,8\u00baC, em Rio Branco, no dia 13 de julho.<\/em><\/h4>\n<\/blockquote>\n<hr \/>\n<blockquote>\n<h4><em>MAIOR TEMPERATURA DE 2024 NO ACRE E EM RIO BRANCO: 39,6\u00baC e 38,6\u00baC<br \/>\n<\/em><\/h4>\n<h4>\u00a0 <em>A maior temperatura de 2024 registrada no Acre, foi 39,6\u00baC, em Tarauac\u00e1, no dia 24 de setembro. Em Rio Branco, a maior temperatura foi 38,6\u00baC, tamb\u00e9m no dia 23 de agosto.<\/em><\/h4>\n<\/blockquote>\n<hr \/>\n<blockquote>\n<h4><em>MENOR TEMPERATURA DE 2024 NO BRASIL: -7,3\u00baC<\/em><\/h4>\n<h4>\u00a0 <em>A menor temperatura de 2024 no Brasil, foi -7,3\u00baC, registrada em Campo Belo (Rio de Janeiro), no dia 31 de maio.<\/em><\/h4>\n<\/blockquote>\n<hr \/>\n<blockquote>\n<h4><em>MAIOR TEMPERATURA DE 2024 NO BRASIL: 44,5\u00baC<\/em><\/h4>\n<h4>\u00a0 <em>A maior temperatura de 2024 no Brasil, foi 44,5\u00baC, registrada em Goi\u00e1s (Goi\u00e1s), no dia 6 de outubro.<\/em><\/h4>\n<\/blockquote>\n<hr \/>\n<blockquote>\n<h4><em>AS QUATRO ESTA\u00c7\u00d5ES DO ANO NO ACRE<\/em><\/h4>\n<h4>\u00a0 \u00a0 <em>O clima do Acre, m\u00eas a m\u00eas, voc\u00ea encontra na nossa publica\u00e7\u00e3o acessando &#8220;<a href=\"https:\/\/otempoaqui.com.br\/?p=27612\">As quatro esta\u00e7\u00f5es do ano no Acre<\/a>&#8220;.<\/em><\/h4>\n<\/blockquote>\n<hr \/>\n<blockquote>\n<h4><em>\u00a0OUTRAS INFORMA\u00c7\u00d5ES IMPORTANTES<br \/>\n<\/em><\/h4>\n<h4>\u00a0 \u00a0 <em>Leia, tamb\u00e9m, acessando:<\/em><\/h4>\n<ul>\n<li><strong>&#8220;<\/strong><a href=\"https:\/\/otempoaqui.com.br\/?p=32252\"><strong>VER\u00c3O, A ESTA\u00c7\u00c3O DAS CHUVAS NO ACRE<\/strong><\/a><strong>&#8220;;<\/strong><\/li>\n<li><strong>\u00a0&#8220;<a href=\"https:\/\/otempoaqui.com.br\/?p=31358\">PRIMAVERA, A ESTA\u00c7\u00c3O DO IN\u00cdCIO DO PER\u00cdODO CHUVOSO NO ACRE<\/a>&#8220;;<\/strong><\/li>\n<li><strong>&#8220;<\/strong><a href=\"https:\/\/otempoaqui.com.br\/?p=30155\"><strong>INVERNO: A ESTA\u00c7\u00c3O MAIS FRIA E SECA NO ACRE<\/strong><\/a><strong>&#8220;;<\/strong><\/li>\n<li><strong>&#8220;<\/strong><a href=\"https:\/\/otempoaqui.com.br\/?p=28869\"><strong>OUTONO: A ESTA\u00c7\u00c3O DAS PRIMEIRAS FRIAGENS T\u00cdPICAS NO ACRE<\/strong><\/a>&#8220;;<\/li>\n<li>&#8220;<a href=\"https:\/\/otempoaqui.com.br\/?p=27580\"><strong>Recordes de 2021: de -9,9\u00baC a 43,9\u00baC, no Brasil, e de 9,5\u00baC a 39,0\u00baC, no Acre<\/strong><\/a>&#8220;.<\/li>\n<\/ul>\n<\/blockquote>\n<hr \/>\n<h4 style=\"text-align: center;\">\u00a0<span data-darkreader-inline-color=\"\"><span style=\"color: #993300;\">VIS\u00c3O GERAL DO TEMPO NESTE DOMINGO<\/span><\/span><\/h4>\n<h4>\u00a0 Neste domingo (9\/2\/2025), o tempo inst\u00e1vel, com sol, nuvens e chuvas pontuais, que podem ser intensas e acompanhadas de temporais, vai predominar no Acre, em Rond\u00f4nia, na maior parte do Amazonas, em Mato Grosso, em Goi\u00e1s, no Distrito Federal, nas plan\u00edcies da Bol\u00edvia e na regi\u00e3o de selva do Peru. Em muitas \u00e1reas, pode chover forte.<\/h4>\n<h4 style=\"text-align: center;\"><span data-darkreader-inline-color=\"\"><span style=\"color: #993300;\">PREVIS\u00c3O ESPEC\u00cdFICA PARA O ACRE PARA DOMINGO<\/span><\/span><\/h4>\n<div id=\"attachment_21256\" style=\"width: 196px\" class=\"wp-caption alignleft\"><img data-recalc-dims=\"1\" loading=\"lazy\" decoding=\"async\" aria-describedby=\"caption-attachment-21256\" class=\" wp-image-21256\" src=\"https:\/\/i0.wp.com\/otempoaqui.com.br\/wp-content\/uploads\/2019\/06\/APROVACAO1.png?resize=186%2C186&#038;ssl=1\" alt=\"O melhor curso do Acre\" width=\"186\" height=\"186\" srcset=\"https:\/\/i0.wp.com\/otempoaqui.com.br\/wp-content\/uploads\/2019\/06\/APROVACAO1.png?w=200&amp;ssl=1 200w, https:\/\/i0.wp.com\/otempoaqui.com.br\/wp-content\/uploads\/2019\/06\/APROVACAO1.png?resize=150%2C150&amp;ssl=1 150w, https:\/\/i0.wp.com\/otempoaqui.com.br\/wp-content\/uploads\/2019\/06\/APROVACAO1.png?resize=175%2C175&amp;ssl=1 175w, https:\/\/i0.wp.com\/otempoaqui.com.br\/wp-content\/uploads\/2019\/06\/APROVACAO1.png?resize=184%2C184&amp;ssl=1 184w\" sizes=\"auto, (max-width: 186px) 100vw, 186px\" \/><p id=\"caption-attachment-21256\" class=\"wp-caption-text\"><strong>No Acre, o melhor curso preparat\u00f3rio para o ENEM e vestibulares de todo o Brasil. Tem turma especial para quem quer cursar <em>Medicina.<\/em> Turnos pela manh\u00e3, tarde e noite. J\u00e1 s\u00e3o 19 anos de tradi\u00e7\u00e3o em Rio Branco.<\/strong><\/p><\/div>\n<h4>\u00a0 Leste e sul do estado (microrregi\u00f5es de Rio Branco, Brasileia e Sena Madureira): tempo inst\u00e1vel, com sol, nuvens e chuvas pontuais a qualquer hora, que, em algumas \u00e1reas, podem ser intensas. Alta probabilidade de chuvas fortes. A umidade relativa do ar m\u00ednima varia entre 65 e 75%, durante a tarde, e a m\u00e1xima, entre 90 e 100%, ao amanhecer. Os ventos sopram, entre fracos e calmos, da dire\u00e7\u00e3o sudeste, com\u00a0 varia\u00e7\u00f5es do sul e de sudoeste.<\/h4>\n<h4>\u00a0 Centro e oeste do estado (microrregi\u00f5es de Cruzeiro do Sul e Tarauac\u00e1): tempo inst\u00e1vel, com sol, nuvens e chuvas pontuais, que, em algumas \u00e1reas, podem ser intensas. Alta probabilidade de chuvas fortes. A umidade relativa do ar m\u00ednima, varia entre 65 e 75%, durante a tarde, e a m\u00e1xima, entre 90 e 100%, ao amanhecer. Os ventos sopram, entre fracos e calmos, da dire\u00e7\u00e3o sul e varia\u00e7\u00f5es de sudeste e sudoeste.<\/h4>\n<h4>\u00a0 Temperaturas:<\/h4>\n<h4>\u00a0 &#8211; Rio Branco, Senador Guiomard, Bujari e Porto Acre, com m\u00ednimas oscilando entre 21 e 23\u00baC, e m\u00e1ximas, entre 26 e 28\u00baC;<\/h4>\n<h4>\u00a0 &#8211; Brasileia, Epitaciol\u00e2ndia, Xapuri, Capixaba, Assis Brasil e Santa Rosa do Purus, com m\u00ednimas oscilando entre 21 e 23\u00baC, e m\u00e1ximas, entre 26 e 28\u00baC;<\/h4>\n<h4>\u00a0 &#8211; Pl\u00e1cido de Castro e Acrel\u00e2ndia, com m\u00ednimas oscilando entre 21 e 23\u00baC, e m\u00e1ximas, entre 25 e 27\u00baC;<\/h4>\n<h4>\u00a0 &#8211; Sena Madureira e Manuel Urbano, com m\u00ednimas oscilando entre 22 e 24\u00baC, e m\u00e1ximas, entre 26 e 28\u00baC\u00baC;<\/h4>\n<h4>\u00a0 &#8211; Tarauac\u00e1 e Feij\u00f3, com m\u00ednimas oscilando entre 22\u00baC e 24\u00baC, e m\u00e1ximas, entre 27 e 29\u00baC;<\/h4>\n<h4>\u00a0 &#8211; Cruzeiro do Sul, M\u00e2ncio Lima e Rodrigues Alves, com m\u00ednimas oscilando entre 22 e 24\u00baC, e m\u00e1ximas, entre 29 e 31\u00baC;<\/h4>\n<h4>\u00a0 &#8211; Marechal Thaumaturgo, Porto Walter e Jord\u00e3o, com m\u00ednimas oscilando entre 22 e 24\u00baC, e m\u00e1ximas, entre 29 e 31\u00baC.<\/h4>\n<h1 style=\"text-align: center;\"><span style=\"color: #ff0000;\" data-darkreader-inline-color=\"\">\u2193\u2193\u2193<\/span><\/h1>\n<p style=\"text-align: center;\"><strong><span data-darkreader-inline-color=\"\"><span style=\"color: #800080;\">PREVIS\u00c3O PARA O ACRE PARA SEGUNDA-FEIRA<\/span><\/span><\/strong><strong> <span style=\"color: #800080;\" data-darkreader-inline-color=\"\">(10\/2\/2025)<\/span><br \/>\n<\/strong><\/p>\n<p><strong>\u00a0\u00a0\u00a0 Leste e sul do Acre (microrregi\u00f5es de Rio Branco, Brasileia e Sena Madureira): tempo inst\u00e1vel, com sol, nuvens e chuvas a qualquer hora<\/strong><strong>. M\u00e9dia probabilidade de chuvas fortes. A temperatura m\u00ednima varia entre 21 e 24\u00baC, e a m\u00e1xima, entre 27 e 30\u00baC.<\/strong><\/p>\n<p><strong>\u00a0 \u00a0 Centro e oeste do Acre (microrregi\u00f5es de Cruzeiro do Sul e Tarauac\u00e1): tempo inst\u00e1vel, com sol, nuvens e chuvas a qualquer hora. M\u00e9dia probabilidade de chuvas fortes. A temperatura m\u00ednima varia entre 21 e 24\u00baC, e a m\u00e1xima, entre 27 e 30\u00baC.<\/strong><\/p>\n<hr \/>\n<h4 style=\"text-align: center;\"><span data-darkreader-inline-color=\"\"><span style=\"color: #993300;\">TEMPERATURAS EM OUTROS ESTADOS NESTE DOMINGO<\/span><\/span><\/h4>\n<hr \/>\n<h4>ROND\u00d4NIA:<\/h4>\n<h4>\u00a0 &#8211; Porto Velho e Ariquemes, m\u00ednima entre 22 e 24\u00baC, e m\u00e1xima entre 29 e 31\u00baC;<\/h4>\n<h4>\u00a0 &#8211; Cacoal e Ji-Paran\u00e1, m\u00ednima entre 22 e 24\u00baC e m\u00e1xima entre 27 e 29\u00baC;<\/h4>\n<h4>\u00a0 &#8211; Vilhena, m\u00ednima entre 21 e 23\u00baC e m\u00e1xima entre 26 e 28\u00baC;<\/h4>\n<h4>\u00a0 &#8211; Guajar\u00e1-Mirim e Costa Marques, m\u00ednima entre 21 e 23\u00baC e m\u00e1xima entre 27 e 29\u00baC.<\/h4>\n<hr \/>\n<h4>\u00a0DISTRITO FEDERAL:<\/h4>\n<h4>\u00a0 Bras\u00edlia e arredores ter\u00e3o m\u00ednima entre 14 e 17\u00baC e m\u00e1xima entre 27 e 29\u00baC.<\/h4>\n<hr \/>\n<h4>GOI\u00c1S:<\/h4>\n<h4>\u00a0 Em Goi\u00e2nia, a m\u00ednima varia entre 18 e 20\u00baC e a m\u00e1xima, entre 29 e 31\u00baC.<\/h4>\n<hr \/>\n<h4>MATO GROSSO:<\/h4>\n<h4>\u00a0 Em Cuiab\u00e1, m\u00ednima entre 22 e 24\u00baC e m\u00e1xima entre 30 e 32\u00baC, e em C\u00e1ceres, m\u00ednima entre 21 e 23\u00baC e m\u00e1xima entre 28 e 30\u00baC.<\/h4>\n<hr \/>\n<h4>AMAZONAS:<\/h4>\n<h4>\u00a0 &#8211; Manaus, Manacapuru, Itacoatiara, Codaj\u00e1s e Parintins, m\u00ednima entre 24 e 26\u00baC e m\u00e1xima entre 31 e 33\u00baC;<\/h4>\n<h4>\u00a0 &#8211; Boca do Acre e Pauini, m\u00ednima entre 22 e 24\u00baC, e m\u00e1xima entre 29 e 31\u00baC;<\/h4>\n<h4>\u00a0 &#8211; Envira, Eirunep\u00e9, Ipixuna e Guajar\u00e1, m\u00ednima entre 23 e 25\u00baC, e m\u00e1xima entre 30 e 32\u00baC.<\/h4>\n<div id=\"attachment_25256\" style=\"width: 310px\" class=\"wp-caption aligncenter\"><img data-recalc-dims=\"1\" loading=\"lazy\" decoding=\"async\" aria-describedby=\"caption-attachment-25256\" class=\"size-medium wp-image-25256\" src=\"https:\/\/i0.wp.com\/otempoaqui.com.br\/wp-content\/uploads\/2021\/08\/1.jpg?resize=300%2C101&#038;ssl=1\" alt=\"\" width=\"300\" height=\"101\" srcset=\"https:\/\/i0.wp.com\/otempoaqui.com.br\/wp-content\/uploads\/2021\/08\/1.jpg?resize=300%2C101&amp;ssl=1 300w, https:\/\/i0.wp.com\/otempoaqui.com.br\/wp-content\/uploads\/2021\/08\/1.jpg?w=609&amp;ssl=1 609w\" sizes=\"auto, (max-width: 300px) 100vw, 300px\" \/><p id=\"caption-attachment-25256\" class=\"wp-caption-text\"><strong><em>Produtos agr\u00edcolas, ro\u00e7adeiras e motores. Tudo isto e muito mais voc\u00ea encontra aqui.<\/em><\/strong><\/p><\/div>\n<blockquote>\n<h3><em>Acompanhe nossas atualiza\u00e7\u00f5es di\u00e1rias para ficar bem informado e n\u00e3o ser pego de surpresa pelas adversidades do tempo meteorol\u00f3gico.<\/em><\/h3>\n<\/blockquote>\n","protected":false},"excerpt":{"rendered":"<p>PREVIS\u00c3O DE TEMPO PARA DOMINGO (9\/2\/2025) \u00a0Ajude-nos a manter financeiramente nosso portal do tempo, com a melhor previs\u00e3o, atrav\u00e9s do n\u00famero 711.849.992-79 (CPF) ALERTA DE CHUVAS INTENSAS E R\u00c1PIDA E ACENTUADA ELEVA\u00c7\u00c3O DO N\u00cdVEL DO RIO ACRE \u00a0 As condi\u00e7\u00f5es atmosf\u00e9ricas estar\u00e3o, at\u00e9 segunda-feira, dia 10, altamente favor\u00e1veis \u00e0 ocorr\u00eancia de chuvas intensas no Acre, [&hellip;]<\/p>\n","protected":false},"author":2,"featured_media":0,"comment_status":"open","ping_status":"open","sticky":false,"template":"","format":"standard","meta":{"_jetpack_memberships_contains_paid_content":false,"footnotes":"","jetpack_publicize_message":"","jetpack_publicize_feature_enabled":true,"jetpack_social_post_already_shared":true,"jetpack_social_options":{"image_generator_settings":{"template":"highway","enabled":false},"version":2}},"categories":[193],"tags":[73,52,36,61,157,23,46,250,26,64,35],"class_list":["post-40402","post","type-post","status-publish","format-standard","hentry","category-previsao-do-tempo","tag-alerta-de-temporais","tag-chuvas","tag-chuvas-fortes","tag-chuvas-intensas","tag-nivel-dos-rios","tag-previsao-do-tempo","tag-previsao-do-tempo-para-os-proximos-dias","tag-previsao-para-o-fim-de-semana","tag-previsao-para-os-proximos-dias","tag-rio-acre","tag-temporais"],"jetpack_publicize_connections":[],"jetpack_featured_media_url":"","jetpack_likes_enabled":true,"jetpack_sharing_enabled":true,"_links":{"self":[{"href":"https:\/\/otempoaqui.com.br\/index.php?rest_route=\/wp\/v2\/posts\/40402","targetHints":{"allow":["GET"]}}],"collection":[{"href":"https:\/\/otempoaqui.com.br\/index.php?rest_route=\/wp\/v2\/posts"}],"about":[{"href":"https:\/\/otempoaqui.com.br\/index.php?rest_route=\/wp\/v2\/types\/post"}],"author":[{"embeddable":true,"href":"https:\/\/otempoaqui.com.br\/index.php?rest_route=\/wp\/v2\/users\/2"}],"replies":[{"embeddable":true,"href":"https:\/\/otempoaqui.com.br\/index.php?rest_route=%2Fwp%2Fv2%2Fcomments&post=40402"}],"version-history":[{"count":2,"href":"https:\/\/otempoaqui.com.br\/index.php?rest_route=\/wp\/v2\/posts\/40402\/revisions"}],"predecessor-version":[{"id":40406,"href":"https:\/\/otempoaqui.com.br\/index.php?rest_route=\/wp\/v2\/posts\/40402\/revisions\/40406"}],"wp:attachment":[{"href":"https:\/\/otempoaqui.com.br\/index.php?rest_route=%2Fwp%2Fv2%2Fmedia&parent=40402"}],"wp:term":[{"taxonomy":"category","embeddable":true,"href":"https:\/\/otempoaqui.com.br\/index.php?rest_route=%2Fwp%2Fv2%2Fcategories&post=40402"},{"taxonomy":"post_tag","embeddable":true,"href":"https:\/\/otempoaqui.com.br\/index.php?rest_route=%2Fwp%2Fv2%2Ftags&post=40402"}],"curies":[{"name":"wp","href":"https:\/\/api.w.org\/{rel}","templated":true}]}}