{"id":38813,"date":"2024-09-02T16:00:24","date_gmt":"2024-09-02T21:00:24","guid":{"rendered":"https:\/\/otempoaqui.com.br\/?p=38813"},"modified":"2024-09-02T16:00:24","modified_gmt":"2024-09-02T21:00:24","slug":"fumaca-que-tem-origem-na-bolivia-marca-esta-semana-no-acre","status":"publish","type":"post","link":"https:\/\/otempoaqui.com.br\/?p=38813","title":{"rendered":"Fuma\u00e7a, que tem origem na Bol\u00edvia, marca esta semana no Acre"},"content":{"rendered":"<div style=\"color:#ae0000;background:radial-gradient(rgb(255,255,255) 57%,rgb(255,0,26) 100%)\" class=\"has-text-align-center has-link-color wp-elements-1 wp-block-post-date has-text-color has-background\"><time datetime=\"2024-09-02T16:00:24-05:00\">02\/09\/2024<\/time><\/div>\n\n\n<hr class=\"wp-block-separator aligncenter has-text-color has-vivid-red-color has-alpha-channel-opacity has-vivid-red-background-color has-background\"\/>\n\n\n\n<div class=\"wp-block-cover aligncenter is-light wp-duotone-rgba896060061-rgba146174183059-1\" style=\"min-height:321px;aspect-ratio:unset;\"><span aria-hidden=\"true\" class=\"wp-block-cover__background has-background-dim-0 has-background-dim\"><\/span><img data-recalc-dims=\"1\" loading=\"lazy\" decoding=\"async\" width=\"1024\" height=\"454\" class=\"wp-block-cover__image-background wp-image-29317\" alt=\"blue sky with white clouds\" src=\"https:\/\/i0.wp.com\/otempoaqui.com.br\/wp-content\/uploads\/2022\/04\/pexels-photo-417045.jpeg?resize=1024%2C454&#038;ssl=1\" style=\"object-position:100% 100%\" data-object-fit=\"cover\" data-object-position=\"100% 100%\"\/><div class=\"wp-block-cover__inner-container is-layout-flow wp-block-cover-is-layout-flow\">\n<h2 class=\"wp-block-heading has-text-align-center\" style=\"font-size:23px\"><em><mark style=\"background-color:rgba(0, 0, 0, 0);color:#790000\" class=\"has-inline-color\">Onda polar come\u00e7ou a penetrar no Acre no domingo, trazendo muita fuma\u00e7a das queimadas em territ\u00f3rio boliviano!<\/mark><mark style=\"background-color:rgba(0, 0, 0, 0)\" class=\"has-inline-color has-white-color\"><\/mark><mark style=\"background-color:rgba(0, 0, 0, 0)\" class=\"has-inline-color has-white-color\"><\/mark><\/em><\/h2>\n<\/div><\/div>\n\n\n\n<div class=\"wp-block-cover aligncenter is-light\" style=\"min-height:143px;aspect-ratio:unset;\"><span aria-hidden=\"true\" class=\"wp-block-cover__background has-cyan-bluish-gray-background-color has-background-dim-90 has-background-dim\"><\/span><div class=\"wp-block-cover__inner-container is-layout-constrained wp-block-cover-is-layout-constrained\">\n<h2 class=\"wp-block-heading has-text-align-center has-white-background-color has-text-color has-background has-link-color wp-elements-2\" style=\"color:#004369;font-size:23px\"><em>Calor e baixa umidade v\u00e3o predominar esta semana, mas pode chover na quinta-feira!<\/em><\/h2>\n\n\n\n<div style=\"height:12px\" aria-hidden=\"true\" class=\"wp-block-spacer\"><\/div>\n\n\n\n<h2 class=\"wp-block-heading has-text-align-center has-white-background-color has-text-color has-background has-link-color wp-elements-3\" style=\"color:#330063;font-size:23px\"><em>Mais uma onda polar fraca chega na quinta-feira, trazendo mais fuma\u00e7a da Bol\u00edvia!<\/em><\/h2>\n<\/div><\/div>\n\n\n\n<hr class=\"wp-block-separator aligncenter has-text-color has-vivid-red-color has-alpha-channel-opacity has-vivid-red-background-color has-background\"\/>\n\n\n\n<div style=\"height:22px\" aria-hidden=\"true\" class=\"wp-block-spacer\"><\/div>\n\n\n\n<h2 class=\"wp-block-heading has-text-align-center\"><em><mark style=\"background-color:rgba(0, 0, 0, 0)\" class=\"has-inline-color has-black-color\">Previs\u00e3o de tempo para a primeira semana de setembro<\/mark><\/em><\/h2>\n\n\n\n<p class=\"wp-block-paragraph\" style=\"font-size:18px\">&nbsp;&nbsp;&nbsp;&nbsp;&nbsp; <span style=\"color: #000000;\"><em>Como hav\u00edamos previsto e divulgado na \u00faltima sexta-feira, a d\u00e9cima quinta onda polar do ano come\u00e7ou a penetrar no leste e no sul do Acre no \u00faltimo domingo, dia primeiro de setembro, mas sem provocar friagem, por\u00e9m, trazendo intensa fuma\u00e7a, cuja origem est\u00e1 nas queimadas em territ\u00f3rio da Bol\u00edvia.<\/em><\/span><\/p>\n\n\n\n<p class=\"wp-block-paragraph\" style=\"font-size:18px\"><span style=\"color: #000000;\"><em>\u00a0\u00a0\u00a0\u00a0\u00a0 Infelizmente, a chegada dessa intensa fuma\u00e7a prevista por n\u00f3s foi confirmada nesta segunda-feira, dia 2. Pode-se ver, atrav\u00e9s das imagens de sat\u00e9lite, sem sombra de d\u00favida, que, quase a totalidade da fuma\u00e7a que cobre Rio Branco, tem sua origem nas terras bolivianas.<\/em><\/span><\/p>\n\n\n\n<p class=\"wp-block-paragraph\" style=\"font-size:18px\"><span style=\"color: #000000;\"><em>\u00a0\u00a0\u00a0\u00a0\u00a0 Sempre que ocorre a chegada de uma onda polar, a fuma\u00e7a das queimadas no pa\u00eds vizinho se acumula no Acre, principalmente, no leste e no sul do estado.<\/em><\/span><\/p>\n\n\n\n<p class=\"wp-block-paragraph\" style=\"font-size:18px\"><span style=\"color: #000000;\"><em>&nbsp;&nbsp;&nbsp;&nbsp;&nbsp; Durante esta semana, a primeira de setembro de 2024, o calor vai predominar no Acre, por\u00e9m, na quinta-feira, a chegada de mais uma fraca onda polar &#8211; a d\u00e9cima sexta deste ano &#8211; vai diminuir a temperatura durante a noite, podendo provocar chuvas passageiras e pontuais. No entanto, essa onda polar, que n\u00e3o provocar\u00e1 friagem, trar\u00e1 mais fuma\u00e7a da Bol\u00edvia, prejudicando a visibilidade e a qualidade do ar em Rio Branco e na maior parte do Acre e das \u00e1reas vizinhas.<\/em><\/span><\/p>\n","protected":false},"excerpt":{"rendered":"<p>Previs\u00e3o de tempo para a primeira semana de setembro &nbsp;&nbsp;&nbsp;&nbsp;&nbsp; Como hav\u00edamos previsto e divulgado na \u00faltima sexta-feira, a d\u00e9cima quinta onda polar do ano come\u00e7ou a penetrar no leste e no sul do Acre no \u00faltimo domingo, dia primeiro de setembro, mas sem provocar friagem, por\u00e9m, trazendo intensa fuma\u00e7a, cuja origem est\u00e1 nas queimadas [&hellip;]<\/p>\n","protected":false},"author":2,"featured_media":0,"comment_status":"open","ping_status":"open","sticky":false,"template":"","format":"standard","meta":{"_jetpack_memberships_contains_paid_content":false,"footnotes":"","jetpack_publicize_message":"","jetpack_publicize_feature_enabled":true,"jetpack_social_post_already_shared":true,"jetpack_social_options":{"image_generator_settings":{"template":"highway","enabled":false},"version":2}},"categories":[193],"tags":[31,52,259,253,23,46,168,26,111],"class_list":["post-38813","post","type-post","status-publish","format-standard","hentry","category-previsao-do-tempo","tag-baixa-umidade-do-ar","tag-chuvas","tag-dias-ensolarados","tag-dias-quentes","tag-previsao-do-tempo","tag-previsao-do-tempo-para-os-proximos-dias","tag-previsao-para-a-semana","tag-previsao-para-os-proximos-dias","tag-sol-e-calor"],"jetpack_publicize_connections":[],"jetpack_featured_media_url":"","jetpack_likes_enabled":true,"jetpack_sharing_enabled":true,"_links":{"self":[{"href":"https:\/\/otempoaqui.com.br\/index.php?rest_route=\/wp\/v2\/posts\/38813","targetHints":{"allow":["GET"]}}],"collection":[{"href":"https:\/\/otempoaqui.com.br\/index.php?rest_route=\/wp\/v2\/posts"}],"about":[{"href":"https:\/\/otempoaqui.com.br\/index.php?rest_route=\/wp\/v2\/types\/post"}],"author":[{"embeddable":true,"href":"https:\/\/otempoaqui.com.br\/index.php?rest_route=\/wp\/v2\/users\/2"}],"replies":[{"embeddable":true,"href":"https:\/\/otempoaqui.com.br\/index.php?rest_route=%2Fwp%2Fv2%2Fcomments&post=38813"}],"version-history":[{"count":5,"href":"https:\/\/otempoaqui.com.br\/index.php?rest_route=\/wp\/v2\/posts\/38813\/revisions"}],"predecessor-version":[{"id":38818,"href":"https:\/\/otempoaqui.com.br\/index.php?rest_route=\/wp\/v2\/posts\/38813\/revisions\/38818"}],"wp:attachment":[{"href":"https:\/\/otempoaqui.com.br\/index.php?rest_route=%2Fwp%2Fv2%2Fmedia&parent=38813"}],"wp:term":[{"taxonomy":"category","embeddable":true,"href":"https:\/\/otempoaqui.com.br\/index.php?rest_route=%2Fwp%2Fv2%2Fcategories&post=38813"},{"taxonomy":"post_tag","embeddable":true,"href":"https:\/\/otempoaqui.com.br\/index.php?rest_route=%2Fwp%2Fv2%2Ftags&post=38813"}],"curies":[{"name":"wp","href":"https:\/\/api.w.org\/{rel}","templated":true}]}}