{"id":38759,"date":"2024-08-28T16:12:00","date_gmt":"2024-08-28T21:12:00","guid":{"rendered":"https:\/\/otempoaqui.com.br\/?p=38759"},"modified":"2024-08-28T11:12:30","modified_gmt":"2024-08-28T16:12:30","slug":"quinta-feira-ensolarada-com-baixa-umidade-e-noite-amena-no-acre-2","status":"publish","type":"post","link":"https:\/\/otempoaqui.com.br\/?p=38759","title":{"rendered":"Quinta-feira ensolarada, com baixa umidade e noite amena, no Acre"},"content":{"rendered":"<h3 style=\"text-align: center;\"><span style=\"color: #0000ff;\">PREVIS\u00c3O DE TEMPO PARA QUINTA-FEIRA (29\/8\/2024)<\/span><\/h3>\n<hr \/>\n<h3 style=\"text-align: center;\">\u00a0Ajude-nos a manter financeiramente nosso portal do tempo, com a melhor previs\u00e3o, atrav\u00e9s do n\u00famero <span style=\"color: #800080;\">711.849.992-79<\/span> (CPF)<\/h3>\n<hr \/>\n<blockquote>\n<h4 style=\"text-align: center;\"><em><span style=\"color: #008000;\">ACRE COME\u00c7OU A QUARTA-FEIRA COM 15,1\u00baC<\/span><\/em><\/h4>\n<h4>\u00a0 <em>Nesta quarta-feira (28\/8\/2024), o Acre come\u00e7ou\u00a0 com temperatura de apenas 15,1\u00baC, em Epitaciol\u00e2ndia e em Assis Brasil, e 16,9\u00baC, em Rio Branco.<\/em><\/h4>\n<\/blockquote>\n<hr \/>\n<blockquote>\n<h4 style=\"text-align: center;\"><em><span style=\"color: #993300;\">\u00daLTIMA SEMANA DE AGOSTO SER\u00c1 COM P\u00c9SSIMAS CONDI\u00c7\u00d5ES ATMOSF\u00c9RICAS PARA A SA\u00daDE!<\/span><br \/>\n<\/em><\/h4>\n<h4>\u00a0 <em>Noites frias, extrema baixa umidade do ar, calor intenso durante o dia e muita fuma\u00e7a vinda da Bol\u00edvia marcar\u00e3o a \u00faltima semana de agosto de 2024 no Acre. Acesse nossa publica\u00e7\u00e3o, <span style=\"color: #333399;\">&#8220;<\/span><a href=\"https:\/\/otempoaqui.com.br\/?p=38731\"><span style=\"color: #333399;\">Alerta de extrema baixa umidade e intensa fuma\u00e7a esta semana<\/span><\/a><span style=\"color: #333399;\">&#8220;,<\/span> para saber como vai ficar o tempo nos pr\u00f3ximos dias.<br \/>\n<\/em><\/h4>\n<\/blockquote>\n<hr \/>\n<blockquote>\n<h4 style=\"text-align: center;\"><em>CLIMA E TEMPO EM AGOSTO<\/em><\/h4>\n<h4>\u00a0 <em>Saiba como como \u00e9 o clima em agosto e com dever\u00e1 ficar o tempo neste m\u00eas em 2024, acessando nossa publica\u00e7\u00e3o: <span style=\"color: #333399;\">&#8220;<\/span><a href=\"https:\/\/otempoaqui.com.br\/?p=38452\"><span style=\"color: #333399;\">Agosto: chuvas come\u00e7am a retornar, mas os dias s\u00e3o quentes no Acre<\/span><\/a><span style=\"color: #333399;\">&#8220;.<\/span><\/em><\/h4>\n<\/blockquote>\n<hr \/>\n<blockquote>\n<h4 style=\"text-align: center;\"><em>JULHO TEVE CHUVA ACIMA E TEMPERATURA E BAIXA UMIDADE ABAIXO DA M\u00c9DIA EM RIO BRANCO!<\/em><\/h4>\n<h4>\u00a0 <em>O m\u00eas de julho de 2024, em Rio Branco, encerrou com chuva 65,2% acima da m\u00e9dia, com a menor umidade relativa do ano, at\u00e9 o momento, apenas 25%, e com temperaturas recordes do ano, at\u00e9 agora, com m\u00ednima de 12,8\u00baC e m\u00e1xima de 35,9\u00baC. Saiba quais foram os demais extremos registrados em julho em Rio Branco, no Acre, nas capitais e no Brasil, acessando nossa publica\u00e7\u00e3o, <span style=\"color: #333399;\">&#8220;<\/span><a href=\"https:\/\/otempoaqui.com.br\/?p=38475\"><span style=\"color: #333399;\">Choveu 65,2% acima da m\u00e9dia em julho em Rio Branco<\/span><\/a><span style=\"color: #333399;\">&#8220;.<\/span><\/em><\/h4>\n<\/blockquote>\n<hr \/>\n<blockquote>\n<h4 style=\"text-align: center;\"><em>ESTAMOS NO INVERNO<br \/>\n<\/em><\/h4>\n<h4>\u00a0 <em>O inverno come\u00e7ou no \u00faltimo dia 20 de junho. No Acre e na maior parte do Brasil, esta esta\u00e7\u00e3o come\u00e7ou quente. Conhe\u00e7a o clima no inverno e saiba qual a tend\u00eancia do tempo para esta esta\u00e7\u00e3o em 2024, acessando nossa publica\u00e7\u00e3o: <span style=\"color: #333399;\">&#8220;<\/span><a href=\"https:\/\/otempoaqui.com.br\/?p=37993\"><span style=\"color: #333399;\">Inverno: a esta\u00e7\u00e3o mais fria e seca no Acre<\/span><\/a><span style=\"color: #333399;\">&#8220;.<\/span><br \/>\n<\/em><\/h4>\n<\/blockquote>\n<hr \/>\n<blockquote>\n<h4 style=\"text-align: center;\"><em>CONTRIBUA PARA QUE POSSAMOS CONTINUAR COM A MELHOR PREVIS\u00c3O DE TEMPO<br \/>\n<\/em><\/h4>\n<h4><em>\u00a0 Voc\u00ea, que sempre acessa nosso portal para planejar suas atividades di\u00e1rias, ajude-nos a permanecer co m nossas publica\u00e7\u00f5es di\u00e1rias e melhorar este portal do tempo, transferindo, agora mesmo, qualquer valor para CPF <span style=\"color: #993300;\">711.849.992-79<\/span> (Davi Melo).<br \/>\n<\/em><\/h4>\n<\/blockquote>\n<hr \/>\n<blockquote>\n<h4 style=\"text-align: center;\"><em>SUA AJUDA \u00c9 IMPORTANTE PARA MANTER E MELHORAR ESTE PORTAL<br \/>\n<\/em><\/h4>\n<h4>\u00a0 <em>Queremos melhorar ainda mais o nosso portal do tempo, com alertas a qualquer momento, durante 24 horas, nos sete dias da semana, mas o custo \u00e9 alto. Portanto, contribua para que possamos manter este portal <\/em><em>e melhorar ainda mais nossas previs\u00f5es. Saiba como acessando <span style=\"color: #333399;\">&#8220;<\/span><a href=\"https:\/\/otempoaqui.com.br\/?p=32206\"><span style=\"color: #333399;\">Contribua para manter e melhorar nosso portal do tempo<\/span><\/a><span style=\"color: #333399;\">&#8220;.<\/span><\/em><\/h4>\n<\/blockquote>\n<hr \/>\n<blockquote>\n<h4 style=\"text-align: center;\"><em>NASCER E P\u00d4R DO SOL<\/em><\/h4>\n<h5 style=\"text-align: center;\">\u00a0\u00a0 <em>Rio Branco: nasce \u00e0s 5h34min e se p\u00f5e \u00e0s 17h29min.<\/em><\/h5>\n<h5 style=\"text-align: center;\"><em>\u00a0 Cruzeiro do Sul: nasce \u00e0s 5h52min e se p\u00f5e \u00e0s 17h50min.<\/em><\/h5>\n<\/blockquote>\n<hr \/>\n<blockquote>\n<h4><em>MENOR TEMPERATURA DE 2024, AT\u00c9 AGORA, NO ACRE E EM RIO BRANCO: 11,8\u00baC e 12,8\u00baC<br \/>\n<\/em><\/h4>\n<h4>\u00a0 <em>As menores temperaturas de 2024, at\u00e9 o momento, no Acre, foram 11,8\u00baC, registrada em Epitaciol\u00e2ndia, no dia 29 de maio, e 12,8\u00baC, em Rio Branco, no dia 13 de julho.<\/em><\/h4>\n<\/blockquote>\n<hr \/>\n<blockquote>\n<h4><em>MAIOR TEMPERATURA DE 2024, AT\u00c9 AGORA, NO ACRE E EM RIO BRANCO: 39,2\u00baC e 38,6\u00baC<br \/>\n<\/em><\/h4>\n<h4>\u00a0 <em>A maior temperatura de 2024, at\u00e9 o momento, registrada no Acre, foi 39,2\u00baC, em Tarauac\u00e1, no dia 23 de agosto. Em Rio Branco, a maior temperatura foi 38,6\u00baC, tamb\u00e9m no dia 23 de agosto.<\/em><\/h4>\n<\/blockquote>\n<hr \/>\n<blockquote>\n<h4><em>MENOR TEMPERATURA DE 2024, AT\u00c9 AGORA, NO BRASIL: -7,3\u00baC<\/em><\/h4>\n<h4>\u00a0 <em>A menor temperatura de 2024, at\u00e9 o momento, no Brasil, foi -7,3\u00baC, registrada em Campo Belo (Rio de Janeiro), no dia 31 de maio.<\/em><\/h4>\n<\/blockquote>\n<hr \/>\n<blockquote>\n<h4><em>MAIOR TEMPERATURA DE 2024, AT\u00c9 AGORA, NO BRASIL: 42,2\u00baC<\/em><\/h4>\n<h4>\u00a0 <em>A maior temperatura de 2024, at\u00e9 o momento, no Brasil, foi 42,2\u00baC, registrada em Cuiab\u00e1 (Mato Grosso), no dia 18 de agosto.<\/em><\/h4>\n<\/blockquote>\n<hr \/>\n<blockquote>\n<h4><em>AS QUATRO ESTA\u00c7\u00d5ES DO ANO NO ACRE<\/em><\/h4>\n<h4>\u00a0 \u00a0 <em>O clima do Acre, m\u00eas a m\u00eas, voc\u00ea encontra na nossa publica\u00e7\u00e3o acessando &#8220;<a href=\"https:\/\/otempoaqui.com.br\/?p=27612\">As quatro esta\u00e7\u00f5es do ano no Acre<\/a>&#8220;.<\/em><\/h4>\n<\/blockquote>\n<hr \/>\n<blockquote>\n<h4><em>\u00a0OUTRAS INFORMA\u00c7\u00d5ES IMPORTANTES<br \/>\n<\/em><\/h4>\n<h4>\u00a0 \u00a0 <em>Leia, tamb\u00e9m, acessando:<\/em><\/h4>\n<ul>\n<li><strong>&#8220;<\/strong><a href=\"https:\/\/otempoaqui.com.br\/?p=32252\"><strong>VER\u00c3O, A ESTA\u00c7\u00c3O DAS CHUVAS NO ACRE<\/strong><\/a><strong>&#8220;;<\/strong><\/li>\n<li><strong>\u00a0&#8220;<a href=\"https:\/\/otempoaqui.com.br\/?p=31358\">PRIMAVERA, A ESTA\u00c7\u00c3O DO IN\u00cdCIO DO PER\u00cdODO CHUVOSO NO ACRE<\/a>&#8220;;<\/strong><\/li>\n<li><strong>&#8220;<\/strong><a href=\"https:\/\/otempoaqui.com.br\/?p=30155\"><strong>INVERNO: A ESTA\u00c7\u00c3O MAIS FRIA E SECA NO ACRE<\/strong><\/a><strong>&#8220;;<\/strong><\/li>\n<li><strong>&#8220;<\/strong><a href=\"https:\/\/otempoaqui.com.br\/?p=28869\"><strong>OUTONO: A ESTA\u00c7\u00c3O DAS PRIMEIRAS FRIAGENS T\u00cdPICAS NO ACRE<\/strong><\/a>&#8220;;<\/li>\n<li>&#8220;<a href=\"https:\/\/otempoaqui.com.br\/?p=27580\"><strong>Recordes de 2021: de -9,9\u00baC a 43,9\u00baC, no Brasil, e de 9,5\u00baC a 39,0\u00baC, no Acre<\/strong><\/a>&#8220;.<\/li>\n<\/ul>\n<\/blockquote>\n<hr \/>\n<h4 style=\"text-align: center;\">\u00a0<span style=\"color: #993300;\">VIS\u00c3O GERAL DO TEMPO NESTA QUINTA-FEIRA<\/span><\/h4>\n<h4>\u00a0 Nesta quinta-feira (29\/8\/2024), tempo seco e ensolarado, com noite amena, no Acre, em Rond\u00f4nia, em Mato Grosso, em Goi\u00e1s, nas plan\u00edcies da Bol\u00edvia e na regi\u00e3o de selva do Peru.<\/h4>\n<h4>\u00a0 Calor abafado e chuvas, que podem ser intensas e acompanhada de raios, no noroeste, norte e nordeste do Amazonas.<\/h4>\n<h4 style=\"text-align: center;\"><span style=\"color: #993300;\">PREVIS\u00c3O ESPEC\u00cdFICA PARA O ACRE PARA QUINTA-FEIRA (29\/8\/2024)<\/span><\/h4>\n<div id=\"attachment_21256\" style=\"width: 196px\" class=\"wp-caption alignleft\"><img data-recalc-dims=\"1\" loading=\"lazy\" decoding=\"async\" aria-describedby=\"caption-attachment-21256\" class=\" wp-image-21256\" src=\"https:\/\/i0.wp.com\/otempoaqui.com.br\/wp-content\/uploads\/2019\/06\/APROVACAO1.png?resize=186%2C186&#038;ssl=1\" alt=\"O melhor curso do Acre\" width=\"186\" height=\"186\" srcset=\"https:\/\/i0.wp.com\/otempoaqui.com.br\/wp-content\/uploads\/2019\/06\/APROVACAO1.png?w=200&amp;ssl=1 200w, https:\/\/i0.wp.com\/otempoaqui.com.br\/wp-content\/uploads\/2019\/06\/APROVACAO1.png?resize=150%2C150&amp;ssl=1 150w, https:\/\/i0.wp.com\/otempoaqui.com.br\/wp-content\/uploads\/2019\/06\/APROVACAO1.png?resize=175%2C175&amp;ssl=1 175w, https:\/\/i0.wp.com\/otempoaqui.com.br\/wp-content\/uploads\/2019\/06\/APROVACAO1.png?resize=184%2C184&amp;ssl=1 184w\" sizes=\"auto, (max-width: 186px) 100vw, 186px\" \/><p id=\"caption-attachment-21256\" class=\"wp-caption-text\"><strong>No Acre, o melhor curso preparat\u00f3rio para o ENEM e vestibulares de todo o Brasil. Tem turma especial para quem quer cursar <em>Medicina.<\/em> Turnos pela manh\u00e3, tarde e noite. J\u00e1 s\u00e3o 17 anos de tradi\u00e7\u00e3o em Rio Branco.<\/strong><\/p><\/div>\n<h4>\u00a0 Leste e sul do estado (microrregi\u00f5es de Rio Branco, Brasileia e Sena Madureira): tempo firme, seco e ensolarado, com noite amena. N\u00e3o chove. A umidade relativa do ar m\u00ednima varia entre 20 e 30%, durante a tarde, e a m\u00e1xima, entre 75 e 85%, ao amanhecer. Os ventos sopram, entre fracos e calmos, da dire\u00e7\u00e3o sudeste.<\/h4>\n<h4>\u00a0 Centro e oeste do estado (microrregi\u00f5es de Cruzeiro do Sul e Tarauac\u00e1): tempo firme, seco e ensolarado. N\u00e3o chove. A umidade relativa do ar m\u00ednima, varia entre 35 e 45%, durante a tarde, e a m\u00e1xima, entre 85 e 95%, ao amanhecer. Os ventos sopram, entre fracos e calmos, da dire\u00e7\u00e3o sudeste.<\/h4>\n<h4>\u00a0 Temperaturas:<\/h4>\n<h4>\u00a0 &#8211; Rio Branco, Senador Guiomard, Bujari e Porto Acre, com m\u00ednimas oscilando entre 17 e 19\u00baC, e m\u00e1ximas, entre 33 e 35\u00baC;<\/h4>\n<h4>\u00a0 &#8211; Brasileia, Epitaciol\u00e2ndia, Xapuri, Capixaba, Assis Brasil e Santa Rosa do Purus, com m\u00ednimas oscilando entre 16 e 18\u00baC, e m\u00e1ximas, entre 33 e 35\u00baC;<\/h4>\n<h4>\u00a0 &#8211; Pl\u00e1cido de Castro e Acrel\u00e2ndia, com m\u00ednimas oscilando entre 17 e 19\u00baC, e m\u00e1ximas, entre 32 e 34\u00baC;<\/h4>\n<h4>\u00a0 &#8211; Sena Madureira e Manuel Urbano, com m\u00ednimas oscilando entre 18 e 20\u00baC, e m\u00e1ximas, entre 33 e 35\u00baC;<\/h4>\n<h4>\u00a0 &#8211; Tarauac\u00e1 e Feij\u00f3, com m\u00ednimas oscilando entre 18 e 20\u00baC, e m\u00e1ximas, entre 33 e 35\u00baC;<\/h4>\n<h4>\u00a0 &#8211; Cruzeiro do Sul, M\u00e2ncio Lima e Rodrigues Alves, com m\u00ednimas oscilando entre 19 e 21\u00baC, e m\u00e1ximas, entre 31 e 33\u00baC;<\/h4>\n<h4>\u00a0 &#8211; Marechal Thaumaturgo, Porto Walter e Jord\u00e3o, com m\u00ednimas oscilando entre 19 e 21\u00baC, e m\u00e1ximas, entre 31 e 33\u00baC.<\/h4>\n<h1 style=\"text-align: center;\"><span style=\"color: #ff0000;\">\u2193\u2193\u2193<\/span><\/h1>\n<p style=\"text-align: center;\"><strong><span style=\"color: #800080;\">PREVIS\u00c3O PARA O ACRE PARA SEXTA-FEIRA<\/span><\/strong><strong> <span style=\"color: #800080;\">(30\/8\/2024)<\/span><br \/>\n<\/strong><\/p>\n<p><strong>\u00a0\u00a0\u00a0 Leste e sul do Acre (microrregi\u00f5es de Rio Branco, Brasileia e Sena Madureira): tempo firme, extremamente seco e ensolarado, com noite amena. N\u00e3o chove. A temperatura m\u00ednima varia entre 17u e 20\u00baC, e a m\u00e1xima, entre 34 e 37\u00baC.<\/strong><\/p>\n<p><strong>\u00a0 \u00a0 Centro e oeste do Acre (microrregi\u00f5es de Cruzeiro do Sul e Tarauac\u00e1): tempo firme, seco e ensolarado. N\u00e3o chove. A temperatura m\u00ednima varia entre 20 e 23\u00baC, e a m\u00e1xima, entre 33 e 36\u00baC.<\/strong><\/p>\n<hr \/>\n<h4 style=\"text-align: center;\"><span style=\"color: #993300;\">TEMPERATURAS EM OUTROS ESTADOS NESTA QUINTA-FEIRA<\/span><\/h4>\n<hr \/>\n<h4>ROND\u00d4NIA:<\/h4>\n<h4>\u00a0 &#8211; Porto Velho e Ariquemes, m\u00ednima entre 21 e 23\u00baC, e m\u00e1xima entre 33 e 35\u00baC;<\/h4>\n<h4>\u00a0 &#8211; Cacoal e Ji-Paran\u00e1, m\u00ednima entre 18 e 20\u00baC e m\u00e1xima entre 33 e 35\u00baC;<\/h4>\n<h4>\u00a0 &#8211; Vilhena, m\u00ednima entre 17 e 19\u00baC e m\u00e1xima entre 30 e 32\u00baC;<\/h4>\n<h4>\u00a0 &#8211; Guajar\u00e1-Mirim e Costa Marques, m\u00ednima entre 18 e 20\u00baC e m\u00e1xima entre 33 e 35\u00baC.<\/h4>\n<hr \/>\n<h4>\u00a0DISTRITO FEDERAL:<\/h4>\n<h4>\u00a0 Bras\u00edlia e arredores ter\u00e3o m\u00ednima entre 14 e 17\u00baC e m\u00e1xima entre 27 e 30\u00baC.<\/h4>\n<hr \/>\n<h4>GOI\u00c1S:<\/h4>\n<h4>\u00a0 Em Goi\u00e2nia, a m\u00ednima varia entre 16 e 18\u00baC e a m\u00e1xima, entre 31 e 33\u00baC.<\/h4>\n<hr \/>\n<h4>MATO GROSSO:<\/h4>\n<h4>\u00a0 Em Cuiab\u00e1, m\u00ednima entre 20 e 22\u00baC e m\u00e1xima entre 37 e 39\u00baC, e em C\u00e1ceres, m\u00ednima entre 19 e 21\u00baC e m\u00e1xima entre 36 e 38\u00baC.<\/h4>\n<hr \/>\n<h4>AMAZONAS:<\/h4>\n<h4>\u00a0 &#8211; Manaus, Manacapuru, Itacoatiara, Codaj\u00e1s e Parintins, m\u00ednima entre 24 e 26\u00baC e m\u00e1xima entre 32 e 34\u00baC;<\/h4>\n<h4>\u00a0 &#8211; Boca do Acre e Pauini, m\u00ednima entre 18 e 20\u00baC, e m\u00e1xima entre 32 e 34\u00baC;<\/h4>\n<h4>\u00a0 &#8211; Envira, Eirunep\u00e9, Ipixuna e Guajar\u00e1, m\u00ednima entre 21 e 23\u00baC, e m\u00e1xima entre 31 e 33\u00baC.<\/h4>\n<div id=\"attachment_25256\" style=\"width: 310px\" class=\"wp-caption aligncenter\"><img data-recalc-dims=\"1\" loading=\"lazy\" decoding=\"async\" aria-describedby=\"caption-attachment-25256\" class=\"size-medium wp-image-25256\" src=\"https:\/\/i0.wp.com\/otempoaqui.com.br\/wp-content\/uploads\/2021\/08\/1.jpg?resize=300%2C101&#038;ssl=1\" alt=\"\" width=\"300\" height=\"101\" srcset=\"https:\/\/i0.wp.com\/otempoaqui.com.br\/wp-content\/uploads\/2021\/08\/1.jpg?resize=300%2C101&amp;ssl=1 300w, https:\/\/i0.wp.com\/otempoaqui.com.br\/wp-content\/uploads\/2021\/08\/1.jpg?w=609&amp;ssl=1 609w\" sizes=\"auto, (max-width: 300px) 100vw, 300px\" \/><p id=\"caption-attachment-25256\" class=\"wp-caption-text\"><strong><em>Produtos agr\u00edcolas, ro\u00e7adeiras e motores. Tudo isto e muito mais voc\u00ea encontra aqui.<\/em><\/strong><\/p><\/div>\n<blockquote>\n<h3><em>Acompanhe nossas atualiza\u00e7\u00f5es di\u00e1rias para ficar bem informado e n\u00e3o ser pego de surpresa pelas adversidades do tempo meteorol\u00f3gico.<\/em><\/h3>\n<\/blockquote>\n","protected":false},"excerpt":{"rendered":"<p>PREVIS\u00c3O DE TEMPO PARA QUINTA-FEIRA (29\/8\/2024) \u00a0Ajude-nos a manter financeiramente nosso portal do tempo, com a melhor previs\u00e3o, atrav\u00e9s do n\u00famero 711.849.992-79 (CPF) ACRE COME\u00c7OU A QUARTA-FEIRA COM 15,1\u00baC \u00a0 Nesta quarta-feira (28\/8\/2024), o Acre come\u00e7ou\u00a0 com temperatura de apenas 15,1\u00baC, em Epitaciol\u00e2ndia e em Assis Brasil, e 16,9\u00baC, em Rio Branco. \u00daLTIMA SEMANA DE [&hellip;]<\/p>\n","protected":false},"author":2,"featured_media":0,"comment_status":"open","ping_status":"open","sticky":false,"template":"","format":"standard","meta":{"_jetpack_memberships_contains_paid_content":false,"footnotes":"","jetpack_publicize_message":"","jetpack_publicize_feature_enabled":true,"jetpack_social_post_already_shared":true,"jetpack_social_options":{"image_generator_settings":{"template":"highway","enabled":false},"version":2}},"categories":[193],"tags":[31,259,30,252,23,46,168,26],"class_list":["post-38759","post","type-post","status-publish","format-standard","hentry","category-previsao-do-tempo","tag-baixa-umidade-do-ar","tag-dias-ensolarados","tag-frio-no-acre","tag-noites-amenas","tag-previsao-do-tempo","tag-previsao-do-tempo-para-os-proximos-dias","tag-previsao-para-a-semana","tag-previsao-para-os-proximos-dias"],"jetpack_publicize_connections":[],"jetpack_featured_media_url":"","jetpack_likes_enabled":true,"jetpack_sharing_enabled":true,"_links":{"self":[{"href":"https:\/\/otempoaqui.com.br\/index.php?rest_route=\/wp\/v2\/posts\/38759","targetHints":{"allow":["GET"]}}],"collection":[{"href":"https:\/\/otempoaqui.com.br\/index.php?rest_route=\/wp\/v2\/posts"}],"about":[{"href":"https:\/\/otempoaqui.com.br\/index.php?rest_route=\/wp\/v2\/types\/post"}],"author":[{"embeddable":true,"href":"https:\/\/otempoaqui.com.br\/index.php?rest_route=\/wp\/v2\/users\/2"}],"replies":[{"embeddable":true,"href":"https:\/\/otempoaqui.com.br\/index.php?rest_route=%2Fwp%2Fv2%2Fcomments&post=38759"}],"version-history":[{"count":1,"href":"https:\/\/otempoaqui.com.br\/index.php?rest_route=\/wp\/v2\/posts\/38759\/revisions"}],"predecessor-version":[{"id":38760,"href":"https:\/\/otempoaqui.com.br\/index.php?rest_route=\/wp\/v2\/posts\/38759\/revisions\/38760"}],"wp:attachment":[{"href":"https:\/\/otempoaqui.com.br\/index.php?rest_route=%2Fwp%2Fv2%2Fmedia&parent=38759"}],"wp:term":[{"taxonomy":"category","embeddable":true,"href":"https:\/\/otempoaqui.com.br\/index.php?rest_route=%2Fwp%2Fv2%2Fcategories&post=38759"},{"taxonomy":"post_tag","embeddable":true,"href":"https:\/\/otempoaqui.com.br\/index.php?rest_route=%2Fwp%2Fv2%2Ftags&post=38759"}],"curies":[{"name":"wp","href":"https:\/\/api.w.org\/{rel}","templated":true}]}}