{"id":38731,"date":"2024-08-26T16:24:49","date_gmt":"2024-08-26T21:24:49","guid":{"rendered":"https:\/\/otempoaqui.com.br\/?p=38731"},"modified":"2024-08-26T16:29:03","modified_gmt":"2024-08-26T21:29:03","slug":"alerta-de-extrema-baixa-umidade-e-intensa-fumaca-esta-semana","status":"publish","type":"post","link":"https:\/\/otempoaqui.com.br\/?p=38731","title":{"rendered":"Alerta de extrema baixa umidade e intensa fuma\u00e7a esta semana"},"content":{"rendered":"<div style=\"color:#b50000;background:radial-gradient(rgb(255,255,255) 63%,rgb(216,0,14) 96%)\" class=\"has-text-align-center has-link-color wp-elements-1 wp-block-post-date has-text-color has-background\"><time datetime=\"2024-08-26T16:24:49-05:00\">26\/08\/2024<\/time><\/div>\n\n\n<hr class=\"wp-block-separator aligncenter has-text-color has-vivid-red-color has-alpha-channel-opacity has-vivid-red-background-color has-background\"\/>\n\n\n\n<div class=\"wp-block-cover aligncenter\" style=\"min-height:239px;aspect-ratio:unset;\"><span aria-hidden=\"true\" class=\"wp-block-cover__background has-background-dim\"><\/span><img data-recalc-dims=\"1\" loading=\"lazy\" decoding=\"async\" width=\"400\" height=\"222\" class=\"wp-block-cover__image-background wp-image-25305\" alt=\"\" src=\"https:\/\/i0.wp.com\/otempoaqui.com.br\/wp-content\/uploads\/2021\/08\/TEMPO-CLIMA-e1643124571730.jpg?resize=400%2C222&#038;ssl=1\" style=\"object-position:42% 0%\" data-object-fit=\"cover\" data-object-position=\"42% 0%\"\/><div class=\"wp-block-cover__inner-container is-layout-flow wp-block-cover-is-layout-flow\">\n<h2 class=\"wp-block-heading has-text-align-center\" style=\"font-size:25px\"><em><mark style=\"background-color:rgba(0, 0, 0, 0)\" class=\"has-inline-color has-white-color\">A semana no Acre ser\u00e1 com dias ensolarados, baix\u00edssima umidade, noites frias e intensa fuma\u00e7a vinda da Bol\u00edvia<\/mark><\/em><\/h2>\n<\/div><\/div>\n\n\n\n<div class=\"wp-block-cover\" style=\"min-height:345px;aspect-ratio:unset;\"><span aria-hidden=\"true\" class=\"wp-block-cover__background has-black-background-color has-background-dim-70 has-background-dim\"><\/span><div class=\"wp-block-cover__inner-container is-layout-constrained wp-block-cover-is-layout-constrained\">\n<h2 class=\"wp-block-heading has-text-align-center has-white-background-color has-text-color has-background has-link-color wp-elements-2\" style=\"color:#840000;font-size:23px\"><em>Umidade do ar pode ficar abaixo de 20%, caracterizando o estado de alerta!<\/em><\/h2>\n\n\n\n<div style=\"height:15px\" aria-hidden=\"true\" class=\"wp-block-spacer\"><\/div>\n\n\n\n<h2 class=\"wp-block-heading has-text-align-center has-white-background-color has-text-color has-background has-link-color wp-elements-3\" style=\"color:#420081;font-size:23px\"><em>Calor ser\u00e1 intenso no fim de semana, com possibilidade de novos recordes!<\/em><\/h2>\n\n\n\n<div style=\"height:15px\" aria-hidden=\"true\" class=\"wp-block-spacer\"><\/div>\n\n\n\n<h2 class=\"wp-block-heading has-text-align-center has-white-background-color has-text-color has-background has-link-color wp-elements-4\" style=\"color:#002f4a;font-size:22px\"><em>Fuma\u00e7a origin\u00e1ria das queimadas na Bol\u00edvia vai aumentar muito nos pr\u00f3ximos dias!<\/em><\/h2>\n<\/div><\/div>\n\n\n\n<hr class=\"wp-block-separator aligncenter has-text-color has-vivid-red-color has-alpha-channel-opacity has-vivid-red-background-color has-background\"\/>\n\n\n\n<div style=\"height:17px\" aria-hidden=\"true\" class=\"wp-block-spacer\"><\/div>\n\n\n\n<h2 class=\"wp-block-heading has-text-align-center\"><em><mark style=\"background-color:rgba(0, 0, 0, 0)\" class=\"has-inline-color has-black-color\">Semana ser\u00e1 com p\u00e9ssimas condi\u00e7\u00f5es atmosf\u00e9ricas para a sa\u00fade<\/mark><\/em><\/h2>\n\n\n\n<p class=\"wp-block-paragraph\" style=\"font-size:18px\">\u00a0\u00a0\u00a0\u00a0\u00a0 <span style=\"color: #000000;\"><em>A intensa incurs\u00e3o de ar frio, de origem polar, que come\u00e7ou no \u00faltimo domingo, vai deixar as condi\u00e7\u00f5es atmosf\u00e9ricas p\u00e9ssimas para a sa\u00fade humana.<\/em><\/span><\/p>\n\n\n\n<p class=\"wp-block-paragraph\" style=\"font-size:18px\"><span style=\"color: #000000;\"><em>&nbsp;&nbsp;&nbsp;&nbsp;&nbsp; A umidade relatava do ar m\u00ednima, na parte da tarde, atingir\u00e1 percentuais muito baixos, ficando diariamente, em m\u00e9dia, entre 21 e 30%, na maioria dos munic\u00edpios, ou seja, caracterizando o estado de aten\u00e7\u00e3o para a sa\u00fade humana. Em Rio Branco, Brasileia, Sena Madureira, Feij\u00f3 e munic\u00edpios pr\u00f3ximos poder\u00e3o ser registrados percentuais entre 15 e 20%, caracterizando o estado de alerta.<\/em><\/span><\/p>\n\n\n\n<p class=\"wp-block-paragraph\" style=\"font-size:18px\"><span style=\"color: #000000;\"><em>&nbsp;&nbsp;&nbsp;&nbsp;&nbsp; No entanto, a maior gravidade para a sa\u00fade estar\u00e1 na intensa fuma\u00e7a, origin\u00e1ria das queimadas na Bol\u00edvia, trazida para o Acre pelos ventos que sopram da dire\u00e7\u00e3o sudeste, pelo menos at\u00e9 a pr\u00f3xima sexta-feira, quando mudar\u00e3o de dire\u00e7\u00e3o, passando a soprar do norte e, assim, devolvendo essa fuma\u00e7a para o territ\u00f3rio boliviano.<\/em><\/span><\/p>\n\n\n\n<p class=\"wp-block-paragraph\" style=\"font-size:18px\"><span style=\"color: #000000;\"><em>&nbsp;&nbsp;&nbsp;&nbsp;&nbsp; A partir de sexta-feira, dia 30, uma intensa massa de ar quente ir\u00e1 pairar sobre o Acre e \u00e1reas vizinhas, podendo estabelecer novos recordes de calor, que, at\u00e9 o momento, neste ano, no estado, foram de 39,2\u00baC, em Tarauac\u00e1, no \u00faltimo dia 23, e, em Rio Branco, 38,6\u00baC, tamb\u00e9m no dia 23.<\/em><\/span><\/p>\n\n\n\n<p class=\"wp-block-paragraph\" style=\"font-size:18px\"><span style=\"color: #000000;\"><em>&nbsp;&nbsp;&nbsp;&nbsp;&nbsp; Portanto, ser\u00e1 o tempo firme, sem chuvas, com muito sol e noites amenas, que ir\u00e1 predominar esta semana no Acre. As chuvas poder\u00e3o ocorrer, de forma pontual e passageira, somente a partir do pr\u00f3ximo s\u00e1bado.<\/em><\/span><\/p>\n","protected":false},"excerpt":{"rendered":"<p>Semana ser\u00e1 com p\u00e9ssimas condi\u00e7\u00f5es atmosf\u00e9ricas para a sa\u00fade \u00a0\u00a0\u00a0\u00a0\u00a0 A intensa incurs\u00e3o de ar frio, de origem polar, que come\u00e7ou no \u00faltimo domingo, vai deixar as condi\u00e7\u00f5es atmosf\u00e9ricas p\u00e9ssimas para a sa\u00fade humana. &nbsp;&nbsp;&nbsp;&nbsp;&nbsp; A umidade relatava do ar m\u00ednima, na parte da tarde, atingir\u00e1 percentuais muito baixos, ficando diariamente, em m\u00e9dia, entre 21 [&hellip;]<\/p>\n","protected":false},"author":2,"featured_media":0,"comment_status":"open","ping_status":"open","sticky":false,"template":"","format":"standard","meta":{"_jetpack_memberships_contains_paid_content":false,"footnotes":"","jetpack_publicize_message":"","jetpack_publicize_feature_enabled":true,"jetpack_social_post_already_shared":true,"jetpack_social_options":{"image_generator_settings":{"template":"highway","enabled":false},"version":2}},"categories":[193],"tags":[31,259,258,23,46,168,26,63],"class_list":["post-38731","post","type-post","status-publish","format-standard","hentry","category-previsao-do-tempo","tag-baixa-umidade-do-ar","tag-dias-ensolarados","tag-noites-frias","tag-previsao-do-tempo","tag-previsao-do-tempo-para-os-proximos-dias","tag-previsao-para-a-semana","tag-previsao-para-os-proximos-dias","tag-tempo-bom"],"jetpack_publicize_connections":[],"jetpack_featured_media_url":"","jetpack_likes_enabled":true,"jetpack_sharing_enabled":true,"_links":{"self":[{"href":"https:\/\/otempoaqui.com.br\/index.php?rest_route=\/wp\/v2\/posts\/38731","targetHints":{"allow":["GET"]}}],"collection":[{"href":"https:\/\/otempoaqui.com.br\/index.php?rest_route=\/wp\/v2\/posts"}],"about":[{"href":"https:\/\/otempoaqui.com.br\/index.php?rest_route=\/wp\/v2\/types\/post"}],"author":[{"embeddable":true,"href":"https:\/\/otempoaqui.com.br\/index.php?rest_route=\/wp\/v2\/users\/2"}],"replies":[{"embeddable":true,"href":"https:\/\/otempoaqui.com.br\/index.php?rest_route=%2Fwp%2Fv2%2Fcomments&post=38731"}],"version-history":[{"count":7,"href":"https:\/\/otempoaqui.com.br\/index.php?rest_route=\/wp\/v2\/posts\/38731\/revisions"}],"predecessor-version":[{"id":38738,"href":"https:\/\/otempoaqui.com.br\/index.php?rest_route=\/wp\/v2\/posts\/38731\/revisions\/38738"}],"wp:attachment":[{"href":"https:\/\/otempoaqui.com.br\/index.php?rest_route=%2Fwp%2Fv2%2Fmedia&parent=38731"}],"wp:term":[{"taxonomy":"category","embeddable":true,"href":"https:\/\/otempoaqui.com.br\/index.php?rest_route=%2Fwp%2Fv2%2Fcategories&post=38731"},{"taxonomy":"post_tag","embeddable":true,"href":"https:\/\/otempoaqui.com.br\/index.php?rest_route=%2Fwp%2Fv2%2Ftags&post=38731"}],"curies":[{"name":"wp","href":"https:\/\/api.w.org\/{rel}","templated":true}]}}