{"id":38580,"date":"2024-08-12T16:43:42","date_gmt":"2024-08-12T21:43:42","guid":{"rendered":"https:\/\/otempoaqui.com.br\/?p=38580"},"modified":"2024-08-12T16:43:42","modified_gmt":"2024-08-12T21:43:42","slug":"dias-ensolarados-com-baixa-umidade-e-noites-amenas-no-acre","status":"publish","type":"post","link":"https:\/\/otempoaqui.com.br\/?p=38580","title":{"rendered":"Dias ensolarados, com baixa umidade, e noites amenas no Acre"},"content":{"rendered":"<div style=\"color:#8c0000;background:radial-gradient(rgb(255,255,255) 62%,rgb(224,193,81) 80%)\" class=\"has-text-align-center has-link-color wp-elements-1 wp-block-post-date has-text-color has-background\"><time datetime=\"2024-08-12T16:43:42-05:00\">12\/08\/2024<\/time><\/div>\n\n\n<hr class=\"wp-block-separator aligncenter has-text-color has-luminous-vivid-amber-color has-alpha-channel-opacity has-luminous-vivid-amber-background-color has-background\"\/>\n\n\n\n<div class=\"wp-block-cover\" style=\"min-height:247px;aspect-ratio:unset;\"><span aria-hidden=\"true\" class=\"wp-block-cover__background has-background-dim-0 has-background-dim\"><\/span><img data-recalc-dims=\"1\" loading=\"lazy\" decoding=\"async\" width=\"1024\" height=\"1009\" class=\"wp-block-cover__image-background wp-image-29635\" alt=\"A Hubble Sky Full of Stars\" src=\"https:\/\/i0.wp.com\/otempoaqui.com.br\/wp-content\/uploads\/2022\/05\/28751511106_f6e4c0e80f_b.jpg?resize=1024%2C1009&#038;ssl=1\" style=\"object-position:58% 0%\" data-object-fit=\"cover\" data-object-position=\"58% 0%\" srcset=\"https:\/\/i0.wp.com\/otempoaqui.com.br\/wp-content\/uploads\/2022\/05\/28751511106_f6e4c0e80f_b.jpg?w=1024&amp;ssl=1 1024w, https:\/\/i0.wp.com\/otempoaqui.com.br\/wp-content\/uploads\/2022\/05\/28751511106_f6e4c0e80f_b.jpg?resize=300%2C296&amp;ssl=1 300w, https:\/\/i0.wp.com\/otempoaqui.com.br\/wp-content\/uploads\/2022\/05\/28751511106_f6e4c0e80f_b.jpg?resize=768%2C757&amp;ssl=1 768w\" sizes=\"auto, (max-width: 1000px) 100vw, 1000px\" \/><div class=\"wp-block-cover__inner-container is-layout-flow wp-block-cover-is-layout-flow\">\n<h2 class=\"wp-block-heading has-text-align-center\" style=\"font-size:30px\"><em><mark style=\"background-color:rgba(0, 0, 0, 0)\" class=\"has-inline-color has-white-color\">Noites estreladas e amenas esta semana no Acre!<\/mark><\/em><\/h2>\n<\/div><\/div>\n\n\n\n<div class=\"wp-block-cover\" style=\"min-height:169px;aspect-ratio:unset;\"><span aria-hidden=\"true\" class=\"wp-block-cover__background has-black-background-color has-background-dim-80 has-background-dim\"><\/span><div class=\"wp-block-cover__inner-container is-layout-constrained wp-block-cover-is-layout-constrained\">\n<h2 class=\"wp-block-heading has-text-align-center has-white-background-color has-text-color has-background has-link-color wp-elements-2\" style=\"color:#9e0000;font-size:23px\"><em>Dias ensolarados, quentes e secos v\u00e3o predominar no Acre!<\/em><\/h2>\n\n\n\n<div style=\"height:15px\" aria-hidden=\"true\" class=\"wp-block-spacer\"><\/div>\n\n\n\n<h2 class=\"wp-block-heading has-text-align-center has-white-background-color has-text-color has-background has-link-color wp-elements-3\" style=\"color:#00507e;font-size:23px\"><em>Alerta de baixa umidade, com percentuais entre 25 e 35%!<\/em><\/h2>\n<\/div><\/div>\n\n\n\n<hr class=\"wp-block-separator aligncenter has-text-color has-luminous-vivid-amber-color has-alpha-channel-opacity has-luminous-vivid-amber-background-color has-background\"\/>\n\n\n\n<h2 class=\"wp-block-heading has-text-align-center\"><em><mark style=\"background-color:rgba(0, 0, 0, 0)\" class=\"has-inline-color has-black-color\">Semana com alerta de baixa umidade do ar!<\/mark><\/em><\/h2>\n\n\n\n<p class=\"wp-block-paragraph\" style=\"font-size:18px\">&nbsp;&nbsp;&nbsp;&nbsp;&nbsp; <span style=\"color: #000000;\"><em>A chegada de duas ondas polares, uma forte, na \u00faltima sexta-feira, dia 9, e outra fraca, nesta segunda-feira, dia 12, v\u00e3o deixar esta semana com tempo firme, seco e ensolarado, com noites amenas e estreladas, no Acre e \u00e1reas pr\u00f3ximas.<\/em><\/span><\/p>\n\n\n\n<p class=\"wp-block-paragraph\" style=\"font-size:18px\"><span style=\"color: #000000;\"><em>&nbsp;&nbsp;&nbsp;&nbsp;&nbsp; Os dias estar\u00e3o ensolarados e secos, com temperaturas m\u00e1ximas oscilando entre 33 e 36\u00baC em todos os munic\u00edpios acreanos.<\/em><\/span><\/p>\n\n\n\n<p class=\"wp-block-paragraph\" style=\"font-size:18px\"><span style=\"color: #000000;\"><em>&nbsp;&nbsp;&nbsp;&nbsp;&nbsp; As noites ficam frias ou amenas, no leste e no sul do Acre, com m\u00ednimas entre 14 e 17\u00baC. No centro e no oeste do estado, as m\u00ednimas v\u00e3o oscilar entre 17 e 20\u00baC.<\/em><\/span><\/p>\n\n\n\n<p class=\"wp-block-paragraph\" style=\"font-size:18px\"><span style=\"color: #000000;\"><em>&nbsp;&nbsp;&nbsp;&nbsp;&nbsp; A partir de quinta-feira, as m\u00ednimas v\u00e3o aumentar em todo o estado, deixando as noites com temperaturas um pouco mais elevadas.<\/em><\/span><\/p>\n\n\n\n<p class=\"wp-block-paragraph\" style=\"font-size:18px\"><span style=\"color: #000000;\"><em>&nbsp;&nbsp;&nbsp;&nbsp;&nbsp; Alertamos para a baixa umidade relativa do ar, na parte da tarde, cujos percentuais dever\u00e3o ficar entre 25 e 35%, caracterizando estado de aten\u00e7\u00e3o para a sa\u00fade humana.<\/em><\/span><\/p>\n\n\n\n<p class=\"wp-block-paragraph\" style=\"font-size:18px\"><span style=\"color: #000000;\"><em>&nbsp;&nbsp;&nbsp;&nbsp;&nbsp; N\u00e3o chove, pelo menos at\u00e9 a pr\u00f3xima quinta-feira, mas, a partir de sexta-feira, poder\u00e3o ocorrer chuvas passageiras e pontuais em qualquer munic\u00edpio do Acre.<\/em><\/span><\/p>\n\n\n\n<p class=\"wp-block-paragraph\"><\/p>\n","protected":false},"excerpt":{"rendered":"<p>Semana com alerta de baixa umidade do ar! &nbsp;&nbsp;&nbsp;&nbsp;&nbsp; A chegada de duas ondas polares, uma forte, na \u00faltima sexta-feira, dia 9, e outra fraca, nesta segunda-feira, dia 12, v\u00e3o deixar esta semana com tempo firme, seco e ensolarado, com noites amenas e estreladas, no Acre e \u00e1reas pr\u00f3ximas. &nbsp;&nbsp;&nbsp;&nbsp;&nbsp; Os dias estar\u00e3o ensolarados e [&hellip;]<\/p>\n","protected":false},"author":2,"featured_media":0,"comment_status":"open","ping_status":"open","sticky":false,"template":"","format":"standard","meta":{"_jetpack_memberships_contains_paid_content":false,"footnotes":"","jetpack_publicize_message":"","jetpack_publicize_feature_enabled":true,"jetpack_social_post_already_shared":true,"jetpack_social_options":{"image_generator_settings":{"template":"highway","enabled":false},"version":2}},"categories":[193],"tags":[31,259,253,30,258,23,46,168,26],"class_list":["post-38580","post","type-post","status-publish","format-standard","hentry","category-previsao-do-tempo","tag-baixa-umidade-do-ar","tag-dias-ensolarados","tag-dias-quentes","tag-frio-no-acre","tag-noites-frias","tag-previsao-do-tempo","tag-previsao-do-tempo-para-os-proximos-dias","tag-previsao-para-a-semana","tag-previsao-para-os-proximos-dias"],"jetpack_publicize_connections":[],"jetpack_featured_media_url":"","jetpack_likes_enabled":true,"jetpack_sharing_enabled":true,"_links":{"self":[{"href":"https:\/\/otempoaqui.com.br\/index.php?rest_route=\/wp\/v2\/posts\/38580","targetHints":{"allow":["GET"]}}],"collection":[{"href":"https:\/\/otempoaqui.com.br\/index.php?rest_route=\/wp\/v2\/posts"}],"about":[{"href":"https:\/\/otempoaqui.com.br\/index.php?rest_route=\/wp\/v2\/types\/post"}],"author":[{"embeddable":true,"href":"https:\/\/otempoaqui.com.br\/index.php?rest_route=\/wp\/v2\/users\/2"}],"replies":[{"embeddable":true,"href":"https:\/\/otempoaqui.com.br\/index.php?rest_route=%2Fwp%2Fv2%2Fcomments&post=38580"}],"version-history":[{"count":5,"href":"https:\/\/otempoaqui.com.br\/index.php?rest_route=\/wp\/v2\/posts\/38580\/revisions"}],"predecessor-version":[{"id":38585,"href":"https:\/\/otempoaqui.com.br\/index.php?rest_route=\/wp\/v2\/posts\/38580\/revisions\/38585"}],"wp:attachment":[{"href":"https:\/\/otempoaqui.com.br\/index.php?rest_route=%2Fwp%2Fv2%2Fmedia&parent=38580"}],"wp:term":[{"taxonomy":"category","embeddable":true,"href":"https:\/\/otempoaqui.com.br\/index.php?rest_route=%2Fwp%2Fv2%2Fcategories&post=38580"},{"taxonomy":"post_tag","embeddable":true,"href":"https:\/\/otempoaqui.com.br\/index.php?rest_route=%2Fwp%2Fv2%2Ftags&post=38580"}],"curies":[{"name":"wp","href":"https:\/\/api.w.org\/{rel}","templated":true}]}}