{"id":37982,"date":"2024-06-07T15:25:00","date_gmt":"2024-06-07T20:25:00","guid":{"rendered":"https:\/\/otempoaqui.com.br\/?p=37982"},"modified":"2024-06-07T11:24:36","modified_gmt":"2024-06-07T16:24:36","slug":"sabado-quente-com-sol-e-nuvens-2","status":"publish","type":"post","link":"https:\/\/otempoaqui.com.br\/?p=37982","title":{"rendered":"S\u00e1bado quente, com sol e nuvens"},"content":{"rendered":"<h3 style=\"text-align: center;\"><span style=\"color: #0000ff;\">\u00a0 PREVIS\u00c3O DE TEMPO PARA S\u00c1BADO (8\/6\/2024)<\/span><\/h3>\n<hr \/>\n<h3 style=\"text-align: center;\">Ajude-nos a manter financeiramente nosso portal do tempo, com a melhor previs\u00e3o, atrav\u00e9s do n\u00famero <span style=\"color: #800080;\">711.849.992-79<\/span> (CPF)<\/h3>\n<hr \/>\n<blockquote>\n<h4 style=\"text-align: center;\"><em><span style=\"color: #b30707;\">TEMPO QUENTE PREDOMINA, PELO MENOS AT\u00c9 O DIA 15!<\/span><\/em><\/h4>\n<h4>\u00a0 <em><span style=\"color: #b30707;\">Pelo menos at\u00e9 o pr\u00f3ximo dia 15 de junho, o sol e o calor v\u00e3o predominar no Acre, mas pode chover r\u00e1pido em alguns pontos. Saiba como vai ficar o tempo neste fim de semana e nos pr\u00f3ximos dias, acessando:<\/span> <span style=\"color: #333399;\">&#8220;<\/span><a href=\"https:\/\/otempoaqui.com.br\/?p=37961\"><span style=\"color: #333399;\">Tempo seco: dias quentes enoites amenas<\/span><\/a><span style=\"color: #333399;\">&#8220;.<\/span><br \/>\n<\/em><\/h4>\n<\/blockquote>\n<hr \/>\n<blockquote>\n<h4 style=\"text-align: center;\"><span style=\"color: #0000ff;\"><em>VEJA A ESTA\u00c7\u00c3O ESPACIAL NESTE S\u00c1BADO!<\/em><\/span><\/h4>\n<h4>\u00a0 <span style=\"color: #0000ff;\"><em>Neste s\u00e1bado, mais uma vez, os acreanos de Rio Branco e munic\u00edpios vizinhos poder\u00e3o ver a Esta\u00e7\u00e3o Espacial Internacional cruzando o c\u00e9u. Ela come\u00e7ar\u00e1 a aparecer, \u00e0s 18h30min, no horizonte noroeste (\u00e0 direita do local onde o Sol se p\u00f5e). Tr\u00eas minutos depois, \u00e0s 18h33min, estar\u00e1 quase na vertical, tendendo para nordeste, para, logo em seguida, \u00e0s 18h34min, desaparecer na sombra da Terra, na dire\u00e7\u00e3o sudeste. N\u00e3o deixe de ver o maior ve\u00edculo espacial a orbitar o nosso planete, com velocidade de 7,5 quil\u00f4metros por segundo, numa altura de cerca de 400km, tendo astronautas no seu interior.<\/em><\/span><\/h4>\n<\/blockquote>\n<hr \/>\n<blockquote>\n<h4 style=\"text-align: center;\"><em><span style=\"color: #008000;\">O CLIMA E O TEMPO EM JUNHO<\/span><\/em><\/h4>\n<h4>\u00a0 <em>Conhe\u00e7a o clima em junho e saiba qual a tend\u00eancia do tempo para este m\u00eas em 2024, acessando nossa publica\u00e7\u00e3o: <span style=\"color: #333399;\">&#8220;<\/span><a href=\"https:\/\/otempoaqui.com.br\/?p=37881\"><span style=\"color: #333399;\">Junho: o m\u00eas do in\u00edcio do inverno<\/span><\/a><span style=\"color: #333399;\">&#8220;.<\/span><\/em><\/h4>\n<\/blockquote>\n<hr \/>\n<blockquote>\n<h4 style=\"text-align: center;\"><em>EM MAIO, CHOVEU APENAS 47,6% DA M\u00c9DIA EM RIO BRANCO!<\/em><\/h4>\n<h4>\u00a0 <em>Confira todos os principais extremos meteorol\u00f3gicos registrados, em maio de 2024, em Rio Branco, no Acre, nas capitais e no Brasil, acessando <span style=\"color: #333399;\">&#8220;<\/span><a href=\"https:\/\/otempoaqui.com.br\/?p=37909\"><span style=\"color: #333399;\">Chuvas em Rio Branco, em maio, somaram 47% da m\u00e9dia<\/span><\/a><span style=\"color: #333399;\">&#8220;.<\/span><\/em><\/h4>\n<\/blockquote>\n<hr \/>\n<blockquote>\n<h4 style=\"text-align: center;\"><em><span style=\"color: #ff0000;\">ALERTA DE CHUVAS INTENSAS NO NORDESTE DO BRASIL!<\/span><\/em><\/h4>\n<h4>\u00a0 <em>Alertamos para a alta probabilidade de ocorr\u00eancia de chuvas intensas no litoral oriental do Nordeste brasileiro e na Zona da Mata, podendo provocar s\u00e9rios transtornos \u00e0 popula\u00e7\u00e3o nos meses de junho e julho. Acesse nossa publica\u00e7\u00e3o sobre esse assunto em <span style=\"color: #333399;\">&#8220;<\/span><a href=\"https:\/\/otempoaqui.com.br\/?p=37818\"><span style=\"color: #333399;\">Chuvas intensas no Nordeste<\/span><\/a><span style=\"color: #333399;\">&#8220;.<\/span><\/em><\/h4>\n<\/blockquote>\n<hr \/>\n<blockquote>\n<h4 style=\"text-align: center;\"><em><span style=\"color: #800080;\">AINDA ESTAMOS NO OUTONO!<\/span><\/em><\/h4>\n<h4>\u00a0 <em>O outono chegou ao Acre e em todo o hemisf\u00e9rio sul da Terra no \u00faltimo dia 19 de mar\u00e7o, \u00e0s 22h6min (hor\u00e1rio de Rio Branco) e termina no pr\u00f3ximo dia 21 de junho, com a chegada do inverno. Conhe\u00e7a o clima do outono e saiba qual a tend\u00eancia do tempo para esta esta\u00e7\u00e3o em 2024, acessando nossa publica\u00e7\u00e3o: <span style=\"color: #333399;\">&#8220;<\/span><a href=\"https:\/\/otempoaqui.com.br\/?p=37063\"><span style=\"color: #333399;\">Outono: a esta\u00e7\u00e3o de transi\u00e7\u00e3o do ver\u00e3o chuvoso para o inverno seco no Acre<\/span><\/a><span style=\"color: #333399;\">&#8220;.<\/span><\/em><\/h4>\n<\/blockquote>\n<hr \/>\n<blockquote>\n<h4 style=\"text-align: center;\"><em>CONTRIBUA PARA QUE POSSAMOS CONTINUAR COM A MELHOR PREVIS\u00c3O DE TEMPO<br \/>\n<\/em><\/h4>\n<h4><em>\u00a0 Voc\u00ea, que sempre acessa nosso portal para planejar suas atividades di\u00e1rias, ajude-nos a permanecer co m nossas publica\u00e7\u00f5es di\u00e1rias e melhorar este portal do tempo, transferindo, agora mesmo, qualquer valor para CPF <span style=\"color: #800080;\">711.849.992-79<\/span> (Davi Melo).<br \/>\n<\/em><\/h4>\n<\/blockquote>\n<hr \/>\n<blockquote>\n<h4 style=\"text-align: center;\"><em>SUA AJUDA \u00c9 IMPORTANTE PARA MANTER E MELHORAR ESTE PORTAL<br \/>\n<\/em><\/h4>\n<h4>\u00a0 <em>Queremos melhorar ainda mais o nosso portal do tempo, com alertas a qualquer momento, durante 24 horas, nos sete dias da semana, mas o custo \u00e9 alto. Portanto, contribua para que possamos manter este portal <\/em><em>e melhorar ainda mais nossas previs\u00f5es. Saiba como acessando <span style=\"color: #333399;\">&#8220;<\/span><a href=\"https:\/\/otempoaqui.com.br\/?p=32206\"><span style=\"color: #333399;\">Contribua para manter e melhorar nosso portal do tempo<\/span><\/a><span style=\"color: #333399;\">&#8220;.<\/span><\/em><\/h4>\n<\/blockquote>\n<hr \/>\n<blockquote>\n<h4 style=\"text-align: center;\"><em><span style=\"color: #800080;\">NASCER E P\u00d4R DO<\/span>\u00a0<span style=\"color: #800080;\">SOL<\/span><\/em><\/h4>\n<h5 style=\"text-align: center;\">\u00a0\u00a0 <em>Rio Branco: nasce \u00e0s <span style=\"color: #993300;\">5h43min<\/span> e se p\u00f5e \u00e0s <span style=\"color: #0000ff;\">17h16min.<\/span><\/em><\/h5>\n<h5 style=\"text-align: center;\"><em>\u00a0 Cruzeiro do Sul: nasce \u00e0s <span style=\"color: #993300;\">5h59min<\/span> e se p\u00f5e \u00e0s <span style=\"color: #0000ff;\">17h40min.<\/span><\/em><\/h5>\n<\/blockquote>\n<hr \/>\n<blockquote>\n<h4><em>MENOR TEMPERATURA DE 2024, AT\u00c9 AGORA, NO ACRE E EM RIO BRANCO: 11,8\u00baC e 13,1\u00baC<br \/>\n<\/em><\/h4>\n<h4>\u00a0 <em>As menores temperaturas de 2024, at\u00e9 o momento, no Acre, foram 11,8\u00baC, registrada em Epitaciol\u00e2ndia, no dia 29 de maio, e 13,1\u00baC, em Rio Branco, no dia 29 de maio.<\/em><\/h4>\n<\/blockquote>\n<hr \/>\n<blockquote>\n<h4><em>MAIOR TEMPERATURA DE 2024, AT\u00c9 AGORA, NO ACRE E EM RIO BRANCO: 37,0\u00baC e 34,9\u00baC<br \/>\n<\/em><\/h4>\n<h4>\u00a0 <em>A maior temperatura de 2024, at\u00e9 o momento, registrada no Acre, foi 37,0\u00baC, em Tarauac\u00e1, no dia 28 de mar\u00e7o. Em Rio Branco, a maior temperatura foi 34,9\u00baC, no dia 12 de mar\u00e7o.<\/em><\/h4>\n<\/blockquote>\n<hr \/>\n<blockquote>\n<h4><em>MENOR TEMPERATURA DE 2024, AT\u00c9 AGORA, NO BRASIL: -7,3\u00baC<\/em><\/h4>\n<h4>\u00a0 <em>A menor temperatura de 2024, at\u00e9 o momento, no Brasil, foi -7,3\u00baC, registrada em Campo Belo (Rio de Janeiro), no dia 31 de maio.<\/em><\/h4>\n<\/blockquote>\n<hr \/>\n<blockquote>\n<h4><em>MAIOR TEMPERATURA DE 2024, AT\u00c9 AGORA, NO BRASIL: 41,2\u00baC<\/em><\/h4>\n<h4>\u00a0 <em>A maior temperatura de 2024, at\u00e9 o momento, no Brasil, foi 41,2\u00baC, registrada em P\u00e3o de A\u00e7\u00facar (Alagoas), no dia 22 de janeiro.<\/em><\/h4>\n<\/blockquote>\n<hr \/>\n<blockquote>\n<h4><em>AS QUATRO ESTA\u00c7\u00d5ES DO ANO NO ACRE<\/em><\/h4>\n<h4>\u00a0 \u00a0 <em>O clima do Acre, m\u00eas a m\u00eas, voc\u00ea encontra na nossa publica\u00e7\u00e3o acessando &#8220;<a href=\"https:\/\/otempoaqui.com.br\/?p=27612\">As quatro esta\u00e7\u00f5es do ano no Acre<\/a>&#8220;.<\/em><\/h4>\n<\/blockquote>\n<hr \/>\n<blockquote>\n<h4><em>\u00a0OUTRAS INFORMA\u00c7\u00d5ES IMPORTANTES<br \/>\n<\/em><\/h4>\n<h4>\u00a0 \u00a0 <em>Leia, tamb\u00e9m, acessando:<\/em><\/h4>\n<ul>\n<li><strong>&#8220;<\/strong><a href=\"https:\/\/otempoaqui.com.br\/?p=32252\"><strong>VER\u00c3O, A ESTA\u00c7\u00c3O DAS CHUVAS NO ACRE<\/strong><\/a><strong>&#8220;;<\/strong><\/li>\n<li><strong>\u00a0&#8220;<a href=\"https:\/\/otempoaqui.com.br\/?p=31358\">PRIMAVERA, A ESTA\u00c7\u00c3O DO IN\u00cdCIO DO PER\u00cdODO CHUVOSO NO ACRE<\/a>&#8220;;<\/strong><\/li>\n<li><strong>&#8220;<\/strong><a href=\"https:\/\/otempoaqui.com.br\/?p=30155\"><strong>INVERNO: A ESTA\u00c7\u00c3O MAIS FRIA E SECA NO ACRE<\/strong><\/a><strong>&#8220;;<\/strong><\/li>\n<li><strong>&#8220;<\/strong><a href=\"https:\/\/otempoaqui.com.br\/?p=28869\"><strong>OUTONO: A ESTA\u00c7\u00c3O DAS PRIMEIRAS FRIAGENS T\u00cdPICAS NO ACRE<\/strong><\/a>&#8220;;<\/li>\n<li>&#8220;<a href=\"https:\/\/otempoaqui.com.br\/?p=27580\"><strong>Recordes de 2021: de -9,9\u00baC a 43,9\u00baC, no Brasil, e de 9,5\u00baC a 39,0\u00baC, no Acre<\/strong><\/a>&#8220;.<\/li>\n<\/ul>\n<\/blockquote>\n<hr \/>\n<h4 style=\"text-align: center;\">\u00a0<span style=\"color: #993300;\">VIS\u00c3O GERAL DO TEMPO NESTE S\u00c1BADO<\/span><\/h4>\n<h4>\u00a0 Neste s\u00e1bado (8\/6\/2024), predom\u00ednio de tempo firme e seco, com muito sol, no Acre, em Rond\u00f4nia, no sudeste, sul e sudoeste do Amazonas, em Mato Grosso, em Goi\u00e1s, no Distrito Federal, na Bol\u00edvia (plan\u00edcies) e no Peru (regi\u00e3o de selva).<\/h4>\n<h4>\u00a0 Calor e chuvas, que podem ser intensas e acompanhadas de temporais no centro, oeste, noroeste, norte, nordeste e leste do Amazonas.<\/h4>\n<h4 style=\"text-align: center;\"><span style=\"color: #993300;\">PREVIS\u00c3O ESPEC\u00cdFICA PARA O ACRE PARA S\u00c1BADO (8\/6\/2024)<\/span><\/h4>\n<div id=\"attachment_21256\" style=\"width: 196px\" class=\"wp-caption alignleft\"><img data-recalc-dims=\"1\" loading=\"lazy\" decoding=\"async\" aria-describedby=\"caption-attachment-21256\" class=\" wp-image-21256\" src=\"https:\/\/i0.wp.com\/otempoaqui.com.br\/wp-content\/uploads\/2019\/06\/APROVACAO1.png?resize=186%2C186&#038;ssl=1\" alt=\"O melhor curso do Acre\" width=\"186\" height=\"186\" srcset=\"https:\/\/i0.wp.com\/otempoaqui.com.br\/wp-content\/uploads\/2019\/06\/APROVACAO1.png?w=200&amp;ssl=1 200w, https:\/\/i0.wp.com\/otempoaqui.com.br\/wp-content\/uploads\/2019\/06\/APROVACAO1.png?resize=150%2C150&amp;ssl=1 150w, https:\/\/i0.wp.com\/otempoaqui.com.br\/wp-content\/uploads\/2019\/06\/APROVACAO1.png?resize=175%2C175&amp;ssl=1 175w, https:\/\/i0.wp.com\/otempoaqui.com.br\/wp-content\/uploads\/2019\/06\/APROVACAO1.png?resize=184%2C184&amp;ssl=1 184w\" sizes=\"auto, (max-width: 186px) 100vw, 186px\" \/><p id=\"caption-attachment-21256\" class=\"wp-caption-text\"><strong>No Acre, o melhor curso preparat\u00f3rio para o ENEM e vestibulares de todo o Brasil. Tem turma especial para quem quer cursar <em>Medicina.<\/em> Turnos pela manh\u00e3, tarde e noite. J\u00e1 s\u00e3o 17 anos de tradi\u00e7\u00e3o em Rio Branco.<\/strong><\/p><\/div>\n<h4>\u00a0 Leste e sul do estado (microrregi\u00f5es de Rio Branco, Brasileia e Sena Madureira): predom\u00ednio de tempo quente e seco, com sol e nuvens. A temperatura fica amena durante a noite. N\u00e3o chove. Os ventos sopram entre fracos e calmos, da dire\u00e7\u00e3o sudeste e varia\u00e7\u00f5es do sul e de leste.<\/h4>\n<h4>\u00a0 Centro e oeste do estado (microrregi\u00f5es de Cruzeiro do Sul e Tarauac\u00e1): predom\u00ednio de tempo quente e seco, com sol e nuvens. N\u00e3o chove. Os ventos sopram entre fracos e calmos, da dire\u00e7\u00e3o sudeste e varia\u00e7\u00f5es de leste e do sul.<\/h4>\n<h4>\u00a0 Temperaturas:<\/h4>\n<h4>\u00a0 &#8211; Rio Branco, Senador Guiomard, Bujari e Porto Acre, com m\u00ednimas oscilando entre 19 e 21\u00baC, e m\u00e1ximas, entre 32 e 34\u00baC;<\/h4>\n<h4>\u00a0 &#8211; Brasileia, Epitaciol\u00e2ndia, Xapuri, Capixaba, Assis Brasil e Santa Rosa do Purus, com m\u00ednimas oscilando entre 18 e 20\u00baC, e m\u00e1ximas, entre 33 e 35\u00baC;<\/h4>\n<h4>\u00a0 &#8211; Pl\u00e1cido de Castro e Acrel\u00e2ndia, com m\u00ednimas oscilando entre 19 e 21\u00baC, e m\u00e1ximas, entre 32 e 34\u00baC;<\/h4>\n<h4>\u00a0 &#8211; Sena Madureira e Manuel Urbano, com m\u00ednimas oscilando entre 20 e 22\u00baC, e m\u00e1ximas, entre 33\u00baC e 35\u00baC;<\/h4>\n<h4>\u00a0 &#8211; Tarauac\u00e1 e Feij\u00f3, com m\u00ednimas oscilando entre 20 e 22\u00baC, e m\u00e1ximas, entre 33 e 35\u00baC;<\/h4>\n<h4>\u00a0 &#8211; Cruzeiro do Sul, M\u00e2ncio Lima e Rodrigues Alves, com m\u00ednimas oscilando entre 20 e 22\u00baC, e m\u00e1ximas, entre 32 e 34\u00baC;<\/h4>\n<h4>\u00a0 &#8211; Marechal Thaumaturgo, Porto Walter e Jord\u00e3o, com m\u00ednimas oscilando entre 20 e 22\u00baC, e m\u00e1ximas, entre 32 e 34\u00baC.<\/h4>\n<h1 style=\"text-align: center;\"><span style=\"color: #ff0000;\">\u2193\u2193\u2193<\/span><\/h1>\n<p style=\"text-align: center;\"><strong><span style=\"color: #800080;\">PREVIS\u00c3O PARA O ACRE PARA DOMINGO<\/span><\/strong><strong> <span style=\"color: #800080;\">(9\/6\/2024)<\/span><br \/>\n<\/strong><\/p>\n<p><strong>\u00a0\u00a0\u00a0 Leste e sul do Acre (microrregi\u00f5es de Rio Branco, Brasileia e Sena Madureira): predom\u00ednio de tempo quente e seco, com muito sol. N\u00e3o chove. A temperatura m\u00ednima varia entre 19 e 22\u00baC, e a m\u00e1xima oscila entre 32 e 35\u00baC.<\/strong><\/p>\n<p><strong>\u00a0 \u00a0 Centro e oeste do Acre (microrregi\u00f5es de Cruzeiro do Sul e Tarauac\u00e1): predom\u00ednio de tempo quente e seco, com muito sol. N\u00e3o chove. A temperatura m\u00ednima varia entre 20 e 23\u00baC, e a m\u00e1xima, entre 32 e 35\u00baC.<\/strong><\/p>\n<hr \/>\n<h4 style=\"text-align: center;\"><span style=\"color: #000080;\">TEMPERATURAS EM OUTROS ESTADOS NESTE S\u00c1BADO<\/span><\/h4>\n<hr \/>\n<h4>ROND\u00d4NIA:<\/h4>\n<h4>\u00a0 &#8211; Porto Velho e Ariquemes, m\u00ednima entre 21 e 23\u00baC, e m\u00e1xima entre 33 e 35\u00baC;<\/h4>\n<h4>\u00a0 &#8211; Cacoal e Ji-Paran\u00e1, m\u00ednima entre 20 e 22\u00baC e m\u00e1xima entre 33 e 35\u00baC;<\/h4>\n<h4>\u00a0 &#8211; Vilhena, m\u00ednima entre 19 e 21\u00baC e m\u00e1xima entre 30 e 32\u00baC;<\/h4>\n<h4>\u00a0 &#8211; Guajar\u00e1-Mirim e Costa Marques, m\u00ednima entre 20 e 22\u00baC e m\u00e1xima entre 33 e 35\u00baC.<\/h4>\n<hr \/>\n<h4>\u00a0DISTRITO FEDERAL:<\/h4>\n<h4>\u00a0 Bras\u00edlia e arredores ter\u00e3o m\u00ednima entre 12 e 15\u00baC e m\u00e1xima entre 24 e 27\u00baC.<\/h4>\n<hr \/>\n<h4>GOI\u00c1S:<\/h4>\n<h4>\u00a0 Em Goi\u00e2nia, a m\u00ednima varia entre 16 e 18\u00baC e a m\u00e1xima, entre 30 e 32\u00baC.<\/h4>\n<hr \/>\n<h4>MATO GROSSO:<\/h4>\n<h4>\u00a0 Em Cuiab\u00e1, m\u00ednima entre 22 e 24\u00baC e m\u00e1xima entre 37 e 39\u00baC, e em C\u00e1ceres, m\u00ednima entre 21 e 23\u00baC e m\u00e1xima entre 35 e 37\u00baC.<\/h4>\n<hr \/>\n<h4>AMAZONAS:<\/h4>\n<h4>\u00a0 &#8211; Manaus, Manacapuru, Itacoatiara, Codaj\u00e1s e Parintins, m\u00ednima entre 24 e 26\u00baC e m\u00e1xima entre 32 e 34\u00baC;<\/h4>\n<h4>\u00a0 &#8211; Boca do Acre e Pauini, m\u00ednima entre 20 e 22\u00baC, e m\u00e1xima entre 32 e 34\u00baC;<\/h4>\n<h4>\u00a0 &#8211; Envira, Eirunep\u00e9, Ipixuna e Guajar\u00e1, m\u00ednima entre 22 e 24\u00baC, e m\u00e1xima entre 32 e 34\u00baC.<\/h4>\n<div id=\"attachment_25256\" style=\"width: 310px\" class=\"wp-caption aligncenter\"><img data-recalc-dims=\"1\" loading=\"lazy\" decoding=\"async\" aria-describedby=\"caption-attachment-25256\" class=\"size-medium wp-image-25256\" src=\"https:\/\/i0.wp.com\/otempoaqui.com.br\/wp-content\/uploads\/2021\/08\/1.jpg?resize=300%2C101&#038;ssl=1\" alt=\"\" width=\"300\" height=\"101\" srcset=\"https:\/\/i0.wp.com\/otempoaqui.com.br\/wp-content\/uploads\/2021\/08\/1.jpg?resize=300%2C101&amp;ssl=1 300w, https:\/\/i0.wp.com\/otempoaqui.com.br\/wp-content\/uploads\/2021\/08\/1.jpg?w=609&amp;ssl=1 609w\" sizes=\"auto, (max-width: 300px) 100vw, 300px\" \/><p id=\"caption-attachment-25256\" class=\"wp-caption-text\"><strong><em>Produtos agr\u00edcolas, ro\u00e7adeiras e motores. Tudo isto e muito mais voc\u00ea encontra aqui.<\/em><\/strong><\/p><\/div>\n<blockquote>\n<h3><em>Acompanhe nossas atualiza\u00e7\u00f5es di\u00e1rias para ficar bem informado e n\u00e3o ser pego de surpresa pelas adversidades do tempo meteorol\u00f3gico.<\/em><\/h3>\n<\/blockquote>\n","protected":false},"excerpt":{"rendered":"<p>\u00a0 PREVIS\u00c3O DE TEMPO PARA S\u00c1BADO (8\/6\/2024) Ajude-nos a manter financeiramente nosso portal do tempo, com a melhor previs\u00e3o, atrav\u00e9s do n\u00famero 711.849.992-79 (CPF) TEMPO QUENTE PREDOMINA, PELO MENOS AT\u00c9 O DIA 15! \u00a0 Pelo menos at\u00e9 o pr\u00f3ximo dia 15 de junho, o sol e o calor v\u00e3o predominar no Acre, mas pode chover [&hellip;]<\/p>\n","protected":false},"author":2,"featured_media":0,"comment_status":"open","ping_status":"open","sticky":false,"template":"","format":"standard","meta":{"_jetpack_memberships_contains_paid_content":false,"footnotes":"","jetpack_publicize_message":"","jetpack_publicize_feature_enabled":true,"jetpack_social_post_already_shared":true,"jetpack_social_options":{"image_generator_settings":{"template":"highway","enabled":false},"version":2}},"categories":[193],"tags":[244,52,253,23,46,250,26,111,63],"class_list":["post-37982","post","type-post","status-publish","format-standard","hentry","category-previsao-do-tempo","tag-calor","tag-chuvas","tag-dias-quentes","tag-previsao-do-tempo","tag-previsao-do-tempo-para-os-proximos-dias","tag-previsao-para-o-fim-de-semana","tag-previsao-para-os-proximos-dias","tag-sol-e-calor","tag-tempo-bom"],"jetpack_publicize_connections":[],"jetpack_featured_media_url":"","jetpack_likes_enabled":true,"jetpack_sharing_enabled":true,"_links":{"self":[{"href":"https:\/\/otempoaqui.com.br\/index.php?rest_route=\/wp\/v2\/posts\/37982","targetHints":{"allow":["GET"]}}],"collection":[{"href":"https:\/\/otempoaqui.com.br\/index.php?rest_route=\/wp\/v2\/posts"}],"about":[{"href":"https:\/\/otempoaqui.com.br\/index.php?rest_route=\/wp\/v2\/types\/post"}],"author":[{"embeddable":true,"href":"https:\/\/otempoaqui.com.br\/index.php?rest_route=\/wp\/v2\/users\/2"}],"replies":[{"embeddable":true,"href":"https:\/\/otempoaqui.com.br\/index.php?rest_route=%2Fwp%2Fv2%2Fcomments&post=37982"}],"version-history":[{"count":3,"href":"https:\/\/otempoaqui.com.br\/index.php?rest_route=\/wp\/v2\/posts\/37982\/revisions"}],"predecessor-version":[{"id":37991,"href":"https:\/\/otempoaqui.com.br\/index.php?rest_route=\/wp\/v2\/posts\/37982\/revisions\/37991"}],"wp:attachment":[{"href":"https:\/\/otempoaqui.com.br\/index.php?rest_route=%2Fwp%2Fv2%2Fmedia&parent=37982"}],"wp:term":[{"taxonomy":"category","embeddable":true,"href":"https:\/\/otempoaqui.com.br\/index.php?rest_route=%2Fwp%2Fv2%2Fcategories&post=37982"},{"taxonomy":"post_tag","embeddable":true,"href":"https:\/\/otempoaqui.com.br\/index.php?rest_route=%2Fwp%2Fv2%2Ftags&post=37982"}],"curies":[{"name":"wp","href":"https:\/\/api.w.org\/{rel}","templated":true}]}}