{"id":3770,"date":"2014-07-29T11:05:31","date_gmt":"2014-07-29T16:05:31","guid":{"rendered":"http:\/\/otempoaqui.com\/?p=3770"},"modified":"2014-07-29T11:05:31","modified_gmt":"2014-07-29T16:05:31","slug":"denso-nevoeiro-e-temperatura-de-apenas-153oc-assim-comecou-o-dia-nesta-terca-feira-em-rio-branco-que-foi-a-cidade-mais-fria-de-toda-a-regiao-norte","status":"publish","type":"post","link":"https:\/\/otempoaqui.com.br\/?p=3770","title":{"rendered":"Denso nevoeiro e temperatura de, apenas, 15,3\u00baC: Assim come\u00e7ou o dia, nesta ter\u00e7a-feira, em Rio Branco, que foi a cidade mais fria de toda  a regi\u00e3o Norte."},"content":{"rendered":"<p>9h 10min<\/p>\n<p>    Um denso nevoeiro reduziu a visibilidade, na capital acreana, que come\u00e7ou o dia, nesta ter\u00e7a-feira, 29 de julho, com temperatura de, apenas, 15,3\u00baC, sendo a cidade mais fria de toda a regi\u00e3o Norte do Brasil. A segunda mais fria da regi\u00e3o foi, tamb\u00e9m, a acreana Santa Rosa do Purus, com 15,4\u00baC, e a terceira colocada, ainda, no Acre, foi Brasileia, com 15,8\u00baC. Enquanto isso, Vilhena e Cacoal, em Rond\u00f4nia, est\u00e3o entre as que registraram as maiores m\u00ednimas, com 20,6\u00baC, ao amanhecer.<br \/>\n    Esta ter\u00e7a-feira ser\u00e1 mais um dia sem a menor possibilidade de chuvas, em todo o Acre e regi\u00f5es vizinhas. O sol volta forte, na maior parte do estado e, \u00e0 tarde, a temperatura vai oscilar entre 29 e 32\u00baC, na maioria dos munic\u00edpios.<br \/>\n    \u00c0 noite, a temperatura volta a cair rapidamente, no leste e no sudeste acreano e, ao amanhecer de quarta-feira, os term\u00f4metros v\u00e3o registrar valores entre 16 e 18\u00baC, em Rio Branco e Brasileia.<br \/>\n    A partir de agora, os dias ser\u00e3o quentes e secos, pelo menos, at\u00e9 a pr\u00f3xima segunda-feira, dia 4 de agosto. A probabilidade de chuvas, neste per\u00edodo, ser\u00e1 muito baixa e, se ocorrerem, ser\u00e3o r\u00e1pidas, \u00e0 tarde, e, somente, em alguns poucos pontos isolados.<br \/>\n    A umidade do ar, na parte da tarde, vai ficar baixa, entre 30 e 40%, na maior parte do estado, o que provoca sensa\u00e7\u00e3o de mal-estar em algumas pessoas.<br \/>\n    Nesse per\u00edodo de baixa umidade do ar \u00e9 aconselh\u00e1vel a ingest\u00e3o de muito l\u00edquido e evitar ficar exposto aos raios solares, tendo em vista que a radia\u00e7\u00e3o ultravioleta vai estar intensas, nos pr\u00f3ximos dias.<br \/>\n    Confira as cidades da Amaz\u00f4nia Ocidental, com os menores registros de temperatura, nesta ter\u00e7a-feira, 29 de julho, em ordem crescente:<br \/>\n    &#8211; 15,3\u00baC, em Rio Branco, Acre;<br \/>\n    &#8211; 15,4\u00baC, em Santa Rosa do Purus, Acre;<br \/>\n    &#8211; 15,8\u00baC, em Brasileia, Acre;<br \/>\n    &#8211; 16,0\u00baC, em Assis Brasil, Acre;<br \/>\n    &#8211; 17,5\u00baC, em Feij\u00f3, Acre;<br \/>\n    &#8211; 17,5\u00baC, em Porto Walter, Acre;<br \/>\n    &#8211; 17,5\u00baC, em Eirunep\u00e9, Amazonas;<br \/>\n    &#8211; 17,9\u00baC, em Boca do Acre, Amazonas;<br \/>\n    &#8211; 18,0\u00baC, em Guajar\u00e1-Mirim, Rond\u00f4nia;<br \/>\n    &#8211; 18,3\u00baC, em Tarauac\u00e1, Acre;<br \/>\n    &#8211; 19,1\u00baC, em L\u00e1brea, Amazonas;<br \/>\n    &#8211; 19,8\u00baC, em Porto Velho, Rond\u00f4nia;<br \/>\n    &#8211; 19,8\u00baC, em Ariquemes, Rond\u00f4nia;<br \/>\n    &#8211; 20,4\u00baC, em Cruzeiro do Sul, Acre;<br \/>\n    &#8211; 20,5\u00baC, em Tabatinga, Amazonas;<br \/>\n    &#8211; 20,6\u00baC, em Cacoal, Rond\u00f4nia;<br \/>\n    &#8211; 20,6\u00baC, em Vilhena, Rond\u00f4nia.<\/p>\n<p>    O Tempo Aqui acompanha o comportamento da atmosfera e informar\u00e1, a qualquer momento, poss\u00edveis varia\u00e7\u00f5es do nosso tempo.<\/p>\n","protected":false},"excerpt":{"rendered":"<p>9h 10min Um denso nevoeiro reduziu a visibilidade, na capital acreana, que come\u00e7ou o dia, nesta ter\u00e7a-feira, 29 de julho, com temperatura de, apenas, 15,3\u00baC, sendo a cidade mais fria de toda a regi\u00e3o Norte do Brasil. A segunda mais fria da regi\u00e3o foi, tamb\u00e9m, a acreana Santa Rosa do Purus, com 15,4\u00baC, e a [&hellip;]<\/p>\n","protected":false},"author":2,"featured_media":0,"comment_status":"open","ping_status":"open","sticky":false,"template":"","format":"standard","meta":{"_jetpack_memberships_contains_paid_content":false,"footnotes":"","jetpack_publicize_message":"","jetpack_publicize_feature_enabled":true,"jetpack_social_post_already_shared":true,"jetpack_social_options":{"image_generator_settings":{"template":"highway","enabled":false},"version":2}},"categories":[1],"tags":[129],"class_list":["post-3770","post","type-post","status-publish","format-standard","hentry","category-geral","tag-frio-na-amazonia"],"jetpack_publicize_connections":[],"jetpack_featured_media_url":"","jetpack_likes_enabled":true,"jetpack_sharing_enabled":true,"_links":{"self":[{"href":"https:\/\/otempoaqui.com.br\/index.php?rest_route=\/wp\/v2\/posts\/3770","targetHints":{"allow":["GET"]}}],"collection":[{"href":"https:\/\/otempoaqui.com.br\/index.php?rest_route=\/wp\/v2\/posts"}],"about":[{"href":"https:\/\/otempoaqui.com.br\/index.php?rest_route=\/wp\/v2\/types\/post"}],"author":[{"embeddable":true,"href":"https:\/\/otempoaqui.com.br\/index.php?rest_route=\/wp\/v2\/users\/2"}],"replies":[{"embeddable":true,"href":"https:\/\/otempoaqui.com.br\/index.php?rest_route=%2Fwp%2Fv2%2Fcomments&post=3770"}],"version-history":[{"count":0,"href":"https:\/\/otempoaqui.com.br\/index.php?rest_route=\/wp\/v2\/posts\/3770\/revisions"}],"wp:attachment":[{"href":"https:\/\/otempoaqui.com.br\/index.php?rest_route=%2Fwp%2Fv2%2Fmedia&parent=3770"}],"wp:term":[{"taxonomy":"category","embeddable":true,"href":"https:\/\/otempoaqui.com.br\/index.php?rest_route=%2Fwp%2Fv2%2Fcategories&post=3770"},{"taxonomy":"post_tag","embeddable":true,"href":"https:\/\/otempoaqui.com.br\/index.php?rest_route=%2Fwp%2Fv2%2Ftags&post=3770"}],"curies":[{"name":"wp","href":"https:\/\/api.w.org\/{rel}","templated":true}]}}