{"id":37235,"date":"2024-04-01T14:59:00","date_gmt":"2024-04-01T19:59:00","guid":{"rendered":"https:\/\/otempoaqui.com.br\/?p=37235"},"modified":"2024-04-01T11:18:37","modified_gmt":"2024-04-01T16:18:37","slug":"chuva-ficou-abaixo-da-media-em-marco-em-rio-branco","status":"publish","type":"post","link":"https:\/\/otempoaqui.com.br\/?p=37235","title":{"rendered":"Chuva ficou abaixo da m\u00e9dia, em mar\u00e7o, em Rio Branco"},"content":{"rendered":"<h3 style=\"text-align: center;\"><span style=\"color: #800000;\">CHOVEU APENAS 76% DA M\u00c9DIA DE MAR\u00c7O EM RIO BRANCO<br \/>\n<\/span><\/h3>\n<h4>\u00a0 <span style=\"color: #800000;\">Chuvas ficaram abaixo da m\u00e9dia em mar\u00e7o de 2024, em Rio Branco, com acumulado de 217,0mm, ou seja, 76,0% da m\u00e9dia mensal, que \u00e9 285,6mm, conforme dados oficiais do Instituto Nacional de Meteorologia.<\/span><\/h4>\n<h4><span style=\"color: #800000;\">\u00a0 A maior temperatura, em mar\u00e7o, em Rio Branco, foi 34,9\u00baC, no dia 12, que, tamb\u00e9m, foi o recorde do ano, at\u00e9 o momento. J\u00e1, a menor, foi 22,4\u00baC, no dia 23.<\/span><\/h4>\n<h4><span style=\"color: #800000;\">\u00a0 No Acre, a maior temperatura, em mar\u00e7o, foi 37,0\u00baC, em Tarauac\u00e1, que tamb\u00e9m, foi a maior do ano, at\u00e9 agora, enquanto, a menor, foi 20,4\u00baC, registrada em Epitaciol\u00e2ndia, no dia 24, que, tamb\u00e9m, foi a menor do ano, at\u00e9 o momento.<\/span><\/h4>\n<h4><span style=\"color: #800000;\">\u00a0 A chuva mais forte, no Acre, neste m\u00eas, foi registrada em Sena Madureira, no dia 17, com acumulado de 125,8mm, em apenas 24 horas.<\/span><\/h4>\n<h4><span style=\"color: #800000;\">\u00a0 Na capital acreana foi registrada rajada de vento, da dire\u00e7\u00e3o sul, com velocidade de 58,7km\/h, no dia 22.<\/span><\/h4>\n<h4><span style=\"color: #800000;\">\u00a0 No Brasil, a menor temperatura de mar\u00e7o foi 4,6\u00baC, no dia 31, que tamb\u00e9m fo a menor do ano, at\u00e9 o momento, registrada em Campo Belo (Rio de Janeiro).<br \/>\n<\/span><\/h4>\n<h4><span style=\"color: #800000;\">\u00a0 Confira todos os extremos meteorol\u00f3gicos registrados neste m\u00eas de mar\u00e7o e neste ano, at\u00e9 o momento, em Rio Branco, no Acre, nas capitais e no Brasil.<\/span><\/h4>\n<p><strong><span style=\"color: #ff0000;\">MENORES TEMPERATURAS<\/span><\/strong><\/p>\n<p><strong>Rio Branco, <\/strong><strong>no m\u00eas:<\/strong> 22,4\u00baC (aeroporto), no dia 23. <strong>No ano:<\/strong> 21,6\u00baC (EA), no dia 21 de fevereiro.<\/p>\n<p><strong>Acre, <\/strong><strong>no m\u00eas:<\/strong> 20,4\u00baC, em Epitaciol\u00e2ndia, no dia 24. <strong>No ano:<\/strong> 20,4\u00baC, em Epitaciol\u00e2ndia, no dia 24 de mar\u00e7o.<\/p>\n<p><strong>Capitais, <\/strong><strong>no m\u00eas:<\/strong> 14,6\u00baC, em S\u00e3o Paulo (IAG), no dia 31. <strong>No ano:<\/strong> 14,6\u00baC, em S\u00e3o Paulo (IAG), no dia 31, e em Bras\u00edlia (\u00c1guas Emendadas), no dia 27 de fevereiro.<\/p>\n<p><strong>Brasil, <\/strong><strong>no m\u00eas:<\/strong> 4,6\u00baC, em Campo Belo (Rio de Janeiro), no dia 31. <strong>No ano:<\/strong> 4,6\u00baC, em Campo Belo (Rio de Janeiro), no dia 31 de mar\u00e7o.<\/p>\n<p><strong><span style=\"color: #ff0000;\">MAIORES<\/span>\u00a0<span style=\"color: #ff0000;\">TEMPERATURAS<\/span><\/strong><\/p>\n<p><strong>Rio Branco, <\/strong><strong>no m\u00eas:<\/strong> 34,9\u00baC (EA), no dia 12. <strong>No ano:<\/strong> 34,9\u00baC (EA), no dia 12 de mar\u00e7o.<\/p>\n<p><strong>Acre, <\/strong><strong>no m\u00eas:<\/strong> 37,0\u00baC, em Tarauac\u00e1, no dia 28. <strong>No ano:<\/strong> 37,0\u00baC, em Tarauac\u00e1, no dia 28 de mar\u00e7o.<\/p>\n<p><strong>Capitais, <\/strong><strong>no m\u00eas:<\/strong> 40,6\u00baC, em Boa Vista, nos dias 23, 21, 17, 15, 14. <strong>No ano:<\/strong> 40,6\u00baC, em Boa Vista, nos dias 17, 15 e 14 de mar\u00e7o e 2 de fevereiro.<\/p>\n<p><strong>Brasil, <\/strong><strong>no m\u00eas:<\/strong> 40,6\u00baC, em Boa Vista (Roraima), nos dias 23, 21, 17, 15 e 14. <strong>No ano:<\/strong> 41,2\u00baC, em P\u00e3o de A\u00e7\u00facar (Alagoas), no dia 22 de janeiro.<\/p>\n<p><strong><span style=\"color: #ff0000;\">CHUVAS EM RIO<\/span>\u00a0<span style=\"color: #ff0000;\">BRANCO<\/span><\/strong><\/p>\n<p><strong>Maior acumulado, em 24h, no m\u00eas:<\/strong> 56,8mm (EA), no dia 22. <strong>Maior acumulado em 24h, no ano:<\/strong> 89,0mm (EA), no dia 3 de janeiro.<\/p>\n<p><strong><span style=\"color: #ff0000;\">TOTAL DE CHUVA ACUMULADA NO M\u00caS DE MAR\u00c7O, EM RIO BRANCO<\/span><br \/>\n<\/strong><\/p>\n<ul>\n<li><strong>Esta\u00e7\u00e3o autom\u00e1tica:<\/strong> 217,0mm, ou 76,0% da m\u00e9dia.<\/li>\n<li><strong>Ag\u00eancia Nacional de \u00c1guas:<\/strong> 182,8mm.<\/li>\n<li><strong>Aeroporto:<\/strong> 74,7mm.<\/li>\n<li><strong>M\u00e9dia de mar\u00e7o (per\u00edodo de 1991 a 2020):<\/strong> 285,6mm.<\/li>\n<\/ul>\n<p><strong><span style=\"color: #ff0000;\">N\u00daMERO DE DIAS COM CHUVA IGUAL OU ACIMA DE 1,0mm, EM RIO BRANCO, NO M\u00caS<\/span><br \/>\n<\/strong><\/p>\n<p><strong>Esta\u00e7\u00e3o autom\u00e1tica:<\/strong> 16.<\/p>\n<p><strong><span style=\"color: #ff0000;\">CHUVAS NO ACRE<\/span><\/strong><\/p>\n<p><strong>Maior acumulado, em 24h, no m\u00eas:<\/strong> 125,8mm, em Sena Madureira (ANA), no dia 17. <strong>Maior acumulado, em 24h, no ano:<\/strong> 175,0mm, em Assis Brasil (ANA), no dia 20 de fevereiro.<\/p>\n<p><strong><span style=\"color: #ff0000;\">CHUVAS NO BRASIL<\/span><\/strong><\/p>\n<p><strong>Maior acumulado, em 24h, no m\u00eas:<\/strong> 261,8mm, em Teres\u00f3polis (Rio de Janeiro), na esta\u00e7\u00e3o do Parque Nacional, no dia 23. <strong>Maior acumulado, em 24h, no ano:<\/strong> 261,8mm, em Teres\u00f3polis (Rio de Janeiro), na esta\u00e7\u00e3o do Parque Nacional, no dia 23 de mar\u00e7o.<\/p>\n<p><strong><span style=\"color: #ff0000;\">MENORES UMIDADES RELATIVAS DO AR<\/span><\/strong><\/p>\n<p><strong>Rio Branco, <\/strong><strong>no m\u00eas:<\/strong> 48% (EA), no dia 13. <strong>No ano:<\/strong> 46% (EA), no dia 8 de janeiro.<\/p>\n<p><strong>Acre, <\/strong><strong>no m\u00eas:<\/strong> 33%, em Cruzeiro do Sul (EA), no dia 12. <strong>No ano:<\/strong> 33%, em Cruzeiro do Sul (EA), no dia 12 de mar\u00e7o.<\/p>\n<p><strong><span style=\"color: #ff0000;\">VENTO, EM RIO BRANCO<\/span><\/strong><\/p>\n<p><strong>Maior velocidade (aeroporto), <\/strong><strong>no m\u00eas:<\/strong> 44,4km\/h, da dire\u00e7\u00e3o sul, \u00e0s 15h11min, no dia 22, e da dire\u00e7\u00e3o oeste, \u00e0s 24h, no dia 11. <strong>No ano:<\/strong> 46,3km\/h, da dire\u00e7\u00e3o noroeste, \u00e0s 16h40min, no dia 3 de janeiro.<\/p>\n<p><strong>Maior velocidade (esta\u00e7\u00e3o autom\u00e1tica), <\/strong><strong>no m\u00eas:<\/strong> 58,7kmn\/h, da dire\u00e7\u00e3o sul, \u00e0s 15h, no dia 22. <strong>No ano:<\/strong> 62,9km\/h, da dire\u00e7\u00e3o nordeste, \u00e0s 13h30min, no dia 16 de fevereiro.<\/p>\n<p><strong><span style=\"color: #ff0000;\">VENTO, NO<\/span>\u00a0<span style=\"color: #ff0000;\">ACRE<\/span><\/strong><\/p>\n<p><strong>Maior velocidade, <\/strong><strong>no m\u00eas:<\/strong> 58,7km\/h, da dire\u00e7\u00e3o sul, \u00e0s 15h, em Rio Branco (EA), no dia 22. <strong>No ano:<\/strong> 65,2km\/h, da dire\u00e7\u00e3o leste, \u00e0s 16h, em Feij\u00f3, no dia 20 de fevereiro.<\/p>\n","protected":false},"excerpt":{"rendered":"<p>CHOVEU APENAS 76% DA M\u00c9DIA DE MAR\u00c7O EM RIO BRANCO \u00a0 Chuvas ficaram abaixo da m\u00e9dia em mar\u00e7o de 2024, em Rio Branco, com acumulado de 217,0mm, ou seja, 76,0% da m\u00e9dia mensal, que \u00e9 285,6mm, conforme dados oficiais do Instituto Nacional de Meteorologia. \u00a0 A maior temperatura, em mar\u00e7o, em Rio Branco, foi 34,9\u00baC, [&hellip;]<\/p>\n","protected":false},"author":2,"featured_media":0,"comment_status":"open","ping_status":"open","sticky":false,"template":"","format":"standard","meta":{"_jetpack_memberships_contains_paid_content":false,"footnotes":"","jetpack_publicize_message":"","jetpack_publicize_feature_enabled":true,"jetpack_social_post_already_shared":true,"jetpack_social_options":{"image_generator_settings":{"template":"highway","enabled":false},"version":2}},"categories":[1],"tags":[],"class_list":["post-37235","post","type-post","status-publish","format-standard","hentry","category-geral"],"jetpack_publicize_connections":[],"jetpack_featured_media_url":"","jetpack_likes_enabled":true,"jetpack_sharing_enabled":true,"_links":{"self":[{"href":"https:\/\/otempoaqui.com.br\/index.php?rest_route=\/wp\/v2\/posts\/37235","targetHints":{"allow":["GET"]}}],"collection":[{"href":"https:\/\/otempoaqui.com.br\/index.php?rest_route=\/wp\/v2\/posts"}],"about":[{"href":"https:\/\/otempoaqui.com.br\/index.php?rest_route=\/wp\/v2\/types\/post"}],"author":[{"embeddable":true,"href":"https:\/\/otempoaqui.com.br\/index.php?rest_route=\/wp\/v2\/users\/2"}],"replies":[{"embeddable":true,"href":"https:\/\/otempoaqui.com.br\/index.php?rest_route=%2Fwp%2Fv2%2Fcomments&post=37235"}],"version-history":[{"count":3,"href":"https:\/\/otempoaqui.com.br\/index.php?rest_route=\/wp\/v2\/posts\/37235\/revisions"}],"predecessor-version":[{"id":37245,"href":"https:\/\/otempoaqui.com.br\/index.php?rest_route=\/wp\/v2\/posts\/37235\/revisions\/37245"}],"wp:attachment":[{"href":"https:\/\/otempoaqui.com.br\/index.php?rest_route=%2Fwp%2Fv2%2Fmedia&parent=37235"}],"wp:term":[{"taxonomy":"category","embeddable":true,"href":"https:\/\/otempoaqui.com.br\/index.php?rest_route=%2Fwp%2Fv2%2Fcategories&post=37235"},{"taxonomy":"post_tag","embeddable":true,"href":"https:\/\/otempoaqui.com.br\/index.php?rest_route=%2Fwp%2Fv2%2Ftags&post=37235"}],"curies":[{"name":"wp","href":"https:\/\/api.w.org\/{rel}","templated":true}]}}