{"id":34057,"date":"2023-06-02T23:57:00","date_gmt":"2023-06-03T04:57:00","guid":{"rendered":"https:\/\/otempoaqui.com.br\/?p=34057"},"modified":"2023-06-02T14:54:42","modified_gmt":"2023-06-02T19:54:42","slug":"sabado-quente-com-chuvas-passageiras-e-pontuais-no-acre-3","status":"publish","type":"post","link":"https:\/\/otempoaqui.com.br\/?p=34057","title":{"rendered":"S\u00e1bado quente, com chuvas passageiras e pontuais, no Acre"},"content":{"rendered":"<h3 style=\"text-align: center;\"><strong><span style=\"color: #000080;\">PREVIS\u00c3O DE TEMPO PARA S\u00c1BADO (3\/6\/2023)<\/span><\/strong><\/h3>\n<hr \/>\n<blockquote>\n<h4 style=\"text-align: center;\"><span style=\"color: #db3939;\"><em>FIM DE SEMANA QUENTE, COM CHUVAS PONTUAIS<\/em><\/span><\/h4>\n<h4>\u00a0 <em><span style=\"color: #db3939;\">O primeiro fim de semana de junho ser\u00e1 quente, com sol, nuvens e chuvas passageiras e pontuais, no Acre. Leia como vai ficar o tempo nos pr\u00f3ximos dias, acessando nossa publica\u00e7\u00e3o de sexta-feira: &#8220;<a href=\"https:\/\/otempoaqui.com.br\/?p=34040\"><span style=\"color: #333399;\">Calor e chuvas pontuais no primeiro fim de semana de junho<\/span><\/a>&#8220;.<\/span><\/em><\/h4>\n<\/blockquote>\n<hr \/>\n<blockquote>\n<h4 style=\"text-align: center;\"><em><span style=\"color: #3366ff;\">RIO ACRE, EM RIO BRANCO, SUBIU 1,6m EM APENAS 24 HORAS!<\/span><\/em><\/h4>\n<h4 style=\"text-align: left;\">\u00a0 <em><span style=\"color: #3366ff;\">O n\u00edvel do rio Acre, na capital acreana, subiu 1,6m em apenas 24 horas, passando de 4,7m, na \u00faltima quinta-feira, dia primeiro, para 6,2m, na sexta-feira, dia 2. Essa alta repentina estava prevista, pois, no \u00faltimo fim de semana de maio, choveu intensamente nos munic\u00edpios do vale do Acre.<\/span><\/em><\/h4>\n<\/blockquote>\n<hr \/>\n<blockquote>\n<h4 style=\"text-align: center;\"><em><span style=\"color: #7b46b0;\">JUNHO \u00c9 O M\u00caS DOS DIAS MAIS CURTOS E DAS NOITES MAIS LONGAS<\/span><\/em><\/h4>\n<h4>\u00a0 <em><span style=\"color: #7b46b0;\">Conhe\u00e7a o clima em junho e saiba qual a tend\u00eancia do tempo para este m\u00eas em 2023, acessando nossa publica\u00e7\u00e3o<\/span> <span style=\"color: #333399;\">&#8220;<\/span><a href=\"https:\/\/otempoaqui.com.br\/?p=33961\"><span style=\"color: #333399;\">Junho: in\u00edcio do inverno, dias mais curtos e noites amenas<\/span><\/a><span style=\"color: #333399;\">&#8220;.<\/span><\/em><\/h4>\n<\/blockquote>\n<hr \/>\n<blockquote>\n<h4 style=\"text-align: center;\"><em><span style=\"color: #008000;\">CHOVEU MAIS DO QUE O DOBRO EM MAIO EM RIO BRANCO!<\/span><br \/>\n<\/em><\/h4>\n<h4>\u00a0 <em>Foram 210,0mmm de chuva acumulados em Rio Branco, neste m\u00eas de maio, ou seja, choveu 118,8% acima da m\u00e9dia, que \u00e9 96,0mm. Assim, choveu mais do que o dobro da normal climatol\u00f3gica para o m\u00eas. Conforme nossas an\u00e1lises e proje\u00e7\u00f5es, os pr\u00f3ximos meses, junho, julho e agosto, tamb\u00e9m ter\u00e3o chuvas acima da m\u00e9dia, assim como previmos para o m\u00eas de maio.<br \/>\n<\/em><\/h4>\n<\/blockquote>\n<hr \/>\n<blockquote>\n<h4 style=\"text-align: center;\"><em><span style=\"color: #e67d37;\">P\u00d4R DO SOL EST\u00c1 SENDO O MAIS CEDO<\/span> <span style=\"color: #993366;\"><span style=\"color: #e67d37;\">DO ANO!<\/span><\/span><\/em><\/h4>\n<h4>\u00a0 <em>Os \u00faltimos tr\u00eas dias de maio e os primeiros tr\u00eas dias de junho s\u00e3o os que o sol se p\u00f5e mais cedo no Acre. Em Rio Branco, por exemplo, nestes dias, o Sol se p\u00f5e \u00e0s 17h16min e, em Cruzeiro do Sul, \u00e0s 17h3 9min. Observe que, no vale do Juru\u00e1, o Sol se p\u00f5e 23 minutos ap\u00f3s ser p\u00f4r na capital acreana. Isto se deve \u00e0 curvatura da Terra e ao movimento de rota\u00e7\u00e3o do nosso planeta! A partir do pr\u00f3ximo domingo, o Sol come\u00e7ar\u00e1, lentamente, a se p\u00f4r mais tarde! <\/em><\/h4>\n<\/blockquote>\n<hr \/>\n<blockquote>\n<h4 style=\"text-align: center;\"><em><span style=\"color: #b700ff;\">CONTRIBUA PARA QUE POSSAMOS CONTINUAR COM A MELHOR PREVIS\u00c3O DE TEMPO<\/span><br \/>\n<\/em><\/h4>\n<h4><em>\u00a0 Voc\u00ea, que sem pre acessa nosso portal para planejar suas atividades di\u00e1rias, ajude-nos a permanecer com nossas publica\u00e7\u00f5es di\u00e1rias e melhorar este portal do tempo, transferindo, agora mesmo, qualquer valor para <span style=\"color: #b700ff;\">CPF 711.849.992-79<\/span> (Davi Melo).<br \/>\n<\/em><\/h4>\n<\/blockquote>\n<hr \/>\n<blockquote>\n<h4 style=\"text-align: center;\"><em><span style=\"color: #008000;\">SUA AJUDA \u00c9 IMPORTANTE PARA MANTER E MELHORAR ESTE PORTAL<\/span><br \/>\n<\/em><\/h4>\n<h4>\u00a0 <em>Queremos melhorar ainda mais o nosso portal do tempo, com alertas a qualquer momento, durante 24 horas, nos sete dias da semana, mas o custo \u00e9 alto. Portanto, contribua para que possamos manter este portal <\/em><em>e melhorar ainda mais nossas previs\u00f5es. Saiba como acessando <span style=\"color: #333399;\">&#8220;<\/span><a href=\"https:\/\/otempoaqui.com.br\/?p=32206\"><span style=\"color: #333399;\">Contribua<\/span>\u00a0<span style=\"color: #333399;\">para manter e melhorar nosso portal do tempo<\/span><\/a><span style=\"color: #333399;\">&#8220;.<\/span><\/em><\/h4>\n<\/blockquote>\n<hr \/>\n<blockquote>\n<h4 style=\"text-align: center;\"><em><span style=\"color: #800080;\">NASCER E P\u00d4R DO SOL<\/span><\/em><\/h4>\n<h5 style=\"text-align: center;\">\u00a0\u00a0 <em>Rio Branco: nasce \u00e0s <span style=\"color: #ff6600;\">5h41min<\/span> e se p\u00f5e \u00e0s <span style=\"color: #0000ff;\">17h16min.<\/span><\/em><\/h5>\n<h5 style=\"text-align: center;\"><em>\u00a0 Cruzeiro do Sul: nasce \u00e0s <span style=\"color: #ff6600;\">5h57min<\/span> e se p\u00f5e \u00e0s <span style=\"color: #0000ff;\">17h39min.<\/span><\/em><\/h5>\n<\/blockquote>\n<hr \/>\n<blockquote>\n<h4 style=\"text-align: center;\"><em><span style=\"color: #339966;\">MENOR TEMPERATURA DE 2023 NO ACRE, AT\u00c9 O MOMENTO: 18,0\u00baC<\/span><\/em><\/h4>\n<h4>\u00a0 <em>A menor temperatura de 2023, at\u00e9 o momento, no Acre, foi 18,0\u00baC, registrada em Rio Branco, no dia 19 de fevereiro.<\/em><\/h4>\n<\/blockquote>\n<hr \/>\n<blockquote>\n<h4 style=\"text-align: center;\"><em><span style=\"color: #0000ff;\">MENOR<\/span>\u00a0<span style=\"color: #0000ff;\">TEMPERATURA<\/span> DE <span style=\"color: #0000ff;\">2023 NO BRASIL, AT\u00c9 O MOMENTO: -6,6\u00baC<\/span><\/em><\/h4>\n<h4>\u00a0 <em>A menor temperatura de 2023, at\u00e9 o momento, no Brasil, foi -6,6\u00baC, registrada no munic\u00edpio de Itatiaia (Rio de Janeiro, no dia 26 de maio.<\/em><\/h4>\n<\/blockquote>\n<hr \/>\n<blockquote>\n<h4 style=\"text-align: center;\"><em><span style=\"color: #ff0000;\">MAIOR TEMPERATURA DE 2023 NO BRASIL, AT\u00c9 O MOMENTO: 40,9\u00baC<\/span><\/em><\/h4>\n<h4>\u00a0 <em>A maior temperatura de 2023, at\u00e9 o momento, no Brasil, foi 40,9\u00baC, registrada em Quara\u00ed (Rio Grande do Sul), na fronteira com o Uruguai, no dia primeiro de janeiro.<\/em><\/h4>\n<\/blockquote>\n<hr \/>\n<blockquote>\n<h4 style=\"text-align: center;\"><em>AS QUATRO ESTA\u00c7\u00d5ES DO ANO NO ACRE<\/em><\/h4>\n<h4>\u00a0 \u00a0 <em>O clima do Acre, m\u00eas a m\u00eas, voc\u00ea encontra na nossa publica\u00e7\u00e3o acessando &#8220;<a href=\"https:\/\/otempoaqui.com.br\/?p=27612\">As quatro esta\u00e7\u00f5es do ano no Acre<\/a>&#8220;.<\/em><\/h4>\n<\/blockquote>\n<hr \/>\n<blockquote>\n<h4 style=\"text-align: center;\"><em>\u00a0OUTRAS INFORMA\u00c7\u00d5ES IMPORTANTES<\/em><\/h4>\n<h4>\u00a0 \u00a0 <em>Leia, tamb\u00e9m, acessando:<\/em><\/h4>\n<ul>\n<li><strong>&#8220;<\/strong><a href=\"https:\/\/otempoaqui.com.br\/?p=32252\"><strong>VER\u00c3O, A ESTA\u00c7\u00c3O DAS CHUVAS NO ACRE<\/strong><\/a><strong>&#8220;.<\/strong><\/li>\n<li><strong>\u00a0&#8220;<a href=\"https:\/\/otempoaqui.com.br\/?p=31358\">PRIMAVERA, A ESTA\u00c7\u00c3O DO IN\u00cdCIO DO PER\u00cdODO CHUVOSO NO ACRE<\/a>&#8220;<\/strong><\/li>\n<li><strong>&#8220;<\/strong><a href=\"https:\/\/otempoaqui.com.br\/?p=30155\"><strong>INVERNO: A ESTA\u00c7\u00c3O MAIS FRIA E SECA NO ACRE<\/strong><\/a><strong>&#8220;;<\/strong><\/li>\n<li>&#8220;<a href=\"https:\/\/otempoaqui.com.br\/?p=27580\"><strong>Recordes de 2021: de -9,9\u00baC a 43,9\u00baC, no Brasil, e de 9,5\u00baC a 39,0\u00baC, no Acre<\/strong><\/a>&#8220;<\/li>\n<li><strong>\u00a0&#8220;<\/strong><a href=\"https:\/\/otempoaqui.com.br\/?p=26829\"><strong>Acre foi abandonado pelo Instituto Nacional de Meteorologia<\/strong><\/a><strong>&#8220;<\/strong>.<\/li>\n<\/ul>\n<\/blockquote>\n<hr \/>\n<h4 style=\"text-align: center;\">\u00a0<span style=\"color: #000080;\">VIS\u00c3O GERAL DO TEMPO NESTE S\u00c1BADO<\/span><\/h4>\n<h4>\u00a0 Neste s\u00e1bado (3\/6\/2023), tempo quente, com sol e nuvens, vai predominar no Acre, em Rond\u00f4nia, no Amazonas, em Mato Grosso, em Goi\u00e1s, no Distrito Federal, nas plan\u00edcies da Bol\u00edvia e na regi\u00e3o de selva do Peru. Podem ocorrer chuvas passageiras e pontuais no Acre, em Rond\u00f4nia, no norte da Bol\u00edvia e na regi\u00e3o de selva do Peru, n\u00e3o se descartando, em alguns pontos, chuvas fortes, com trovoadas.<\/h4>\n<h4>\u00a0 Tempo firme e seco, com muito sol, sem chuvas, no Distrito Federal, em Goi\u00e1s e em Mato Grosso.<\/h4>\n<h4>\u00a0 Noite fria no Distrito Federal e nas \u00e1reas de maior altitude de Goi\u00e1s.<\/h4>\n<h4>\u00a0 Calor e chuvas, que podem ser intensas, no <span style=\"color: #000000;\">Amazonas.<\/span><\/h4>\n<h4 style=\"text-align: center;\"><span style=\"color: #993300;\">PREVIS\u00c3O ESPEC\u00cdFICA PARA O ACRE PARA S\u00c1BADO (3\/6\/2023)<\/span><\/h4>\n<div id=\"attachment_21256\" style=\"width: 196px\" class=\"wp-caption alignleft\"><img data-recalc-dims=\"1\" loading=\"lazy\" decoding=\"async\" aria-describedby=\"caption-attachment-21256\" class=\" wp-image-21256\" src=\"https:\/\/i0.wp.com\/otempoaqui.com.br\/wp-content\/uploads\/2019\/06\/APROVACAO1.png?resize=186%2C186&#038;ssl=1\" alt=\"O melhor curso do Acre\" width=\"186\" height=\"186\" srcset=\"https:\/\/i0.wp.com\/otempoaqui.com.br\/wp-content\/uploads\/2019\/06\/APROVACAO1.png?w=200&amp;ssl=1 200w, https:\/\/i0.wp.com\/otempoaqui.com.br\/wp-content\/uploads\/2019\/06\/APROVACAO1.png?resize=150%2C150&amp;ssl=1 150w, https:\/\/i0.wp.com\/otempoaqui.com.br\/wp-content\/uploads\/2019\/06\/APROVACAO1.png?resize=175%2C175&amp;ssl=1 175w, https:\/\/i0.wp.com\/otempoaqui.com.br\/wp-content\/uploads\/2019\/06\/APROVACAO1.png?resize=184%2C184&amp;ssl=1 184w\" sizes=\"auto, (max-width: 186px) 100vw, 186px\" \/><p id=\"caption-attachment-21256\" class=\"wp-caption-text\"><strong>No Acre,\u00a0 o melhor curso preparat\u00f3rio para o ENEM e vestibulares de todo o Brasil. Tem turma especial para quem quer cursar <em>Medicina.<\/em> Turnos pela manh\u00e3, tarde e noite. J\u00e1 s\u00e3o 17 anos de tradi\u00e7\u00e3o em Rio Branco.<\/strong><\/p><\/div>\n<h4>\u00a0 Leste e sul do estado (microrregi\u00f5es de Rio Branco, Brasileia e Sena Madureira): tempo quente, com sol, nuvens e possibilidade de chuvas r\u00e1pidas e pontuais. Em alguns pontos, pode chover forte, com trovoadas. Os ventos sopram, entre fracos e calmos, da dire\u00e7\u00e3o sudeste e varia\u00e7\u00f5es do sul e de leste.<\/h4>\n<h4>\u00a0 Centro e oeste do estado (microrregi\u00f5es de Cruzeiro do Sul e Tarauac\u00e1): tempo quente, com sol, nuvens e possibilidade de chuvas passageiras e pontuais. Em algumas \u00e1reas, pode chover forte, com raios. Os ventos sopram, entre fracos e calmos, da dire\u00e7\u00e3o sudeste e varia\u00e7\u00f5es do sul e de leste.<\/h4>\n<h4>\u00a0 Temperaturas:<\/h4>\n<h4>\u00a0 &#8211; Rio Branco, Senador Guiomard, Bujari e Porto Acre, com m\u00ednimas oscilando entre 20 e 22\u00baC, e m\u00e1ximas, entre 31 e 33\u00baC;<\/h4>\n<h4>\u00a0 &#8211; Brasileia, Epitaciol\u00e2ndia, Xapuri, Capixaba, Assis Brasil e Santa Rosa do Purus, com m\u00ednimas oscilando entre 20 e 22\u00baC, e m\u00e1ximas, entre 32 e 34\u00baC;<\/h4>\n<h4>\u00a0 &#8211; Pl\u00e1cido de Castro e Acrel\u00e2ndia, com m\u00ednimas oscilando entre 20 e 22\u00baC, e m\u00e1ximas, entre 32 e 34\u00baC;<\/h4>\n<h4>\u00a0 &#8211; Sena Madureira e Manuel Urbano, com m\u00ednimas oscilando entre 20 e 22\u00baC, e m\u00e1ximas, entre 32 e 34\u00baC;<\/h4>\n<h4>\u00a0 &#8211; Tarauac\u00e1 e Feij\u00f3, com m\u00ednimas oscilando entre 22 e 24\u00baC, e m\u00e1ximas, entre 32 e 34\u00baC;<\/h4>\n<h4>\u00a0 &#8211; Cruzeiro do Sul, M\u00e2ncio Lima e Rodrigues Alves, com m\u00ednimas oscilando entre 23 e 25\u00baC, e m\u00e1ximas, entre 33 e 35\u00baC;<\/h4>\n<h4>\u00a0 &#8211; Marechal Thaumaturgo, Porto Walter e Jord\u00e3o, com m\u00ednimas oscilando entre 23 e 25\u00baC, e m\u00e1ximas, entre 33 e 35\u00baC.<\/h4>\n<h1 style=\"text-align: center;\"><span style=\"color: #ff0000;\">\u2193\u2193\u2193<\/span><\/h1>\n<p style=\"text-align: center;\"><strong><span style=\"color: #800080;\">PREVIS\u00c3O PARA O ACRE PARA DOMINGO (4\/6\/2023)<\/span><br \/>\n<\/strong><\/p>\n<p><strong>Leste e sul do Acre (microrregi\u00f5es de Rio Branco, Brasileia e Sena Madureira): tempo quente, com sol, nuvens e possibilidade de chuvas r\u00e1pidas e pontuais. Em alguns pontos, pode chover forte, com trovoadas. A temperatura m\u00ednima varia entre 21 e 24\u00baC, e a m\u00e1xima oscila entre 31 e 34\u00baC.<\/strong><\/p>\n<p><strong>\u00a0 \u00a0 Centro e oeste do Acre (microrregi\u00f5es de Cruzeiro do Sul e Tarauac\u00e1): tempo quente, com sol, nuvens e possibilidade de chuvas passageiras e pontuais, podendo chover forte, com trovoadas em algumas \u00e1reas. A temperatura m\u00ednima varia entre 22 e 25\u00baC, e a m\u00e1xima, entre 32 e 35\u00baC.<\/strong><\/p>\n<hr \/>\n<h4 style=\"text-align: center;\"><span style=\"color: #000080;\">TEMPERATURAS EM OUTROS ESTADOS NESTE S\u00c1BADO<br \/>\n<\/span><\/h4>\n<hr \/>\n<h4>ROND\u00d4NIA:<\/h4>\n<h4>\u00a0 &#8211; Porto Velho e Ariquemes, m\u00ednima entre 23 e 25\u00baC, e m\u00e1xima entre 32 e 34\u00baC;<\/h4>\n<h4>\u00a0 &#8211; Cacoal e Ji-Paran\u00e1, m\u00ednima entre 21 e 23\u00baC e m\u00e1xima entre 32 e 34\u00baC;<\/h4>\n<h4>\u00a0 &#8211; Vilhena, m\u00ednima entre 20 e 22\u00baC e m\u00e1xima entre 30 e 32\u00baC;<\/h4>\n<h4>\u00a0 &#8211; Guajar\u00e1-Mirim e Costa Marques, m\u00ednima entre 22 e 24\u00baC e m\u00e1xima entre 33 e 35\u00baC.<\/h4>\n<hr \/>\n<h4>\u00a0DISTRITO FEDERAL:<\/h4>\n<h4>\u00a0 Bras\u00edlia e arredores ter\u00e3o m\u00ednima entre 10 e 12\u00baC e m\u00e1xima entre 24 e 27\u00baC.<\/h4>\n<hr \/>\n<h4>GOI\u00c1S:<\/h4>\n<h4>\u00a0 Em Goi\u00e2nia, a m\u00ednima varia entre 14 e 16\u00baC e a m\u00e1xima, entre 30 e 32\u00baC.<\/h4>\n<hr \/>\n<h4>MATO GROSSO:<\/h4>\n<h4>\u00a0 Em Cuiab\u00e1, m\u00ednima entre 21 e 23\u00baC e m\u00e1xima entre 34 e 36\u00baC, e em C\u00e1ceres, m\u00ednima entre 20 e 22\u00baC e m\u00e1xima entre 33 e 35\u00baC.<\/h4>\n<hr \/>\n<h4>AMAZONAS:<\/h4>\n<h4>\u00a0 &#8211; Manaus, Manacapuru, Itacoatiara e Parintins, m\u00ednima entre 23 e 25\u00baC e m\u00e1xima entre 31 e 33\u00baC;<\/h4>\n<h4>\u00a0 &#8211; Boca do Acre e Pauini, m\u00ednima entre 22 e 24\u00baC, e m\u00e1xima entre 31 e 33\u00baC;<\/h4>\n<h4>\u00a0 &#8211; Eirunep\u00e9, Ipixuna e Guajar\u00e1, m\u00ednima entre 23 e 25\u00baC, e m\u00e1xima entre 33 e 35\u00baC.<\/h4>\n<div id=\"attachment_25256\" style=\"width: 310px\" class=\"wp-caption aligncenter\"><img data-recalc-dims=\"1\" loading=\"lazy\" decoding=\"async\" aria-describedby=\"caption-attachment-25256\" class=\"size-medium wp-image-25256\" src=\"https:\/\/i0.wp.com\/otempoaqui.com.br\/wp-content\/uploads\/2021\/08\/1.jpg?resize=300%2C101&#038;ssl=1\" alt=\"\" width=\"300\" height=\"101\" srcset=\"https:\/\/i0.wp.com\/otempoaqui.com.br\/wp-content\/uploads\/2021\/08\/1.jpg?resize=300%2C101&amp;ssl=1 300w, https:\/\/i0.wp.com\/otempoaqui.com.br\/wp-content\/uploads\/2021\/08\/1.jpg?w=609&amp;ssl=1 609w\" sizes=\"auto, (max-width: 300px) 100vw, 300px\" \/><p id=\"caption-attachment-25256\" class=\"wp-caption-text\"><strong><em>Produtos agr\u00edcolas, ro\u00e7adeiras e motores. Tudo isto e muito mais voc\u00ea encontra aqui.<\/em><\/strong><\/p><\/div>\n<blockquote>\n<h3><em>Acompanhe nossas atualiza\u00e7\u00f5es di\u00e1rias para ficar bem informado e n\u00e3o ser pego de surpresa pelas adversidades do tempo meteorol\u00f3gico.<\/em><\/h3>\n<\/blockquote>\n","protected":false},"excerpt":{"rendered":"<p>PREVIS\u00c3O DE TEMPO PARA S\u00c1BADO (3\/6\/2023) FIM DE SEMANA QUENTE, COM CHUVAS PONTUAIS \u00a0 O primeiro fim de semana de junho ser\u00e1 quente, com sol, nuvens e chuvas passageiras e pontuais, no Acre. Leia como vai ficar o tempo nos pr\u00f3ximos dias, acessando nossa publica\u00e7\u00e3o de sexta-feira: &#8220;Calor e chuvas pontuais no primeiro fim de [&hellip;]<\/p>\n","protected":false},"author":2,"featured_media":0,"comment_status":"open","ping_status":"open","sticky":false,"template":"","format":"standard","meta":{"_jetpack_memberships_contains_paid_content":false,"footnotes":"","jetpack_publicize_message":"","jetpack_publicize_feature_enabled":true,"jetpack_social_post_already_shared":true,"jetpack_social_options":{"image_generator_settings":{"template":"highway","enabled":false},"version":2}},"categories":[193],"tags":[52,253,23,46,250,26,111],"class_list":["post-34057","post","type-post","status-publish","format-standard","hentry","category-previsao-do-tempo","tag-chuvas","tag-dias-quentes","tag-previsao-do-tempo","tag-previsao-do-tempo-para-os-proximos-dias","tag-previsao-para-o-fim-de-semana","tag-previsao-para-os-proximos-dias","tag-sol-e-calor"],"jetpack_publicize_connections":[],"jetpack_featured_media_url":"","jetpack_likes_enabled":true,"jetpack_sharing_enabled":true,"_links":{"self":[{"href":"https:\/\/otempoaqui.com.br\/index.php?rest_route=\/wp\/v2\/posts\/34057","targetHints":{"allow":["GET"]}}],"collection":[{"href":"https:\/\/otempoaqui.com.br\/index.php?rest_route=\/wp\/v2\/posts"}],"about":[{"href":"https:\/\/otempoaqui.com.br\/index.php?rest_route=\/wp\/v2\/types\/post"}],"author":[{"embeddable":true,"href":"https:\/\/otempoaqui.com.br\/index.php?rest_route=\/wp\/v2\/users\/2"}],"replies":[{"embeddable":true,"href":"https:\/\/otempoaqui.com.br\/index.php?rest_route=%2Fwp%2Fv2%2Fcomments&post=34057"}],"version-history":[{"count":1,"href":"https:\/\/otempoaqui.com.br\/index.php?rest_route=\/wp\/v2\/posts\/34057\/revisions"}],"predecessor-version":[{"id":34058,"href":"https:\/\/otempoaqui.com.br\/index.php?rest_route=\/wp\/v2\/posts\/34057\/revisions\/34058"}],"wp:attachment":[{"href":"https:\/\/otempoaqui.com.br\/index.php?rest_route=%2Fwp%2Fv2%2Fmedia&parent=34057"}],"wp:term":[{"taxonomy":"category","embeddable":true,"href":"https:\/\/otempoaqui.com.br\/index.php?rest_route=%2Fwp%2Fv2%2Fcategories&post=34057"},{"taxonomy":"post_tag","embeddable":true,"href":"https:\/\/otempoaqui.com.br\/index.php?rest_route=%2Fwp%2Fv2%2Ftags&post=34057"}],"curies":[{"name":"wp","href":"https:\/\/api.w.org\/{rel}","templated":true}]}}