{"id":33628,"date":"2023-04-28T23:53:00","date_gmt":"2023-04-29T04:53:00","guid":{"rendered":"https:\/\/otempoaqui.com.br\/?p=33628"},"modified":"2023-04-28T15:25:00","modified_gmt":"2023-04-28T20:25:00","slug":"sabado-muito-quente-com-predominio-de-sol-e-nuvens-no-acre","status":"publish","type":"post","link":"https:\/\/otempoaqui.com.br\/?p=33628","title":{"rendered":"S\u00e1bado muito quente, com predom\u00ednio de sol e nuvens, no Acre"},"content":{"rendered":"<h3 style=\"text-align: center;\"><span style=\"color: #0000ff;\">PREVIS\u00c3O DE TEMPO PARA S\u00c1BADO (29\/4\/2023)<\/span><\/h3>\n<hr \/>\n<blockquote>\n<h4 style=\"text-align: center;\"><em><span style=\"color: #c40606;\">FIM DE SEMANA MUITO QUENTE, COM BAIXA PROBABILIDADE DE CHUVAS<\/span><br \/>\n<\/em><\/h4>\n<h4>\u00a0 <em><span style=\"color: #c40606;\">O \u00faltimo fim de semana de abril ser\u00e1 muito quente no Acre, com baixa probabilidade de chuvas, por\u00e9m, caso ocorram, ser\u00e3o r\u00e1pidas e pontuais. N\u00e3o haver\u00e1 incurs\u00e3o de ar frio polar, pelo menos at\u00e9 o pr\u00f3ximo dia 3 de maio. At\u00e9 agora, neste ano, a menor temperatura no Acre, ocorreu no dia 19 de fevereiro (primeira friagem do ano), com 18,0\u00baC, registrada em Rio Branco. Acesse nossa publica\u00e7\u00e3o &#8220;<a href=\"https:\/\/otempoaqui.com.br\/?p=33642\"><span style=\"color: #333399;\">Calor e pouca chuva no \u00faltimo fim de semana de abril<\/span><\/a>&#8221; para saber como vai ficar o tempo nos pr\u00f3ximos dias.<br \/>\n<\/span><\/em><\/h4>\n<\/blockquote>\n<hr \/>\n<blockquote>\n<h4 style=\"text-align: center;\"><em><span style=\"color: #0000ff;\">CONTRIBUA PARA QUE POSSAMOS CONTINUAR COM A MELHOR PREVIS\u00c3O DE TEMPO<\/span><br \/>\n<\/em><\/h4>\n<h4><em>\u00a0 Voc\u00ea, que sempre acessa nosso portal para planejar suas atividades di\u00e1rias, ajude-nos a permanecer com nossas publica\u00e7\u00f5es di\u00e1rias e melhorar este portal do tempo, transferindo, agora mesmo, qualquer valor para <span style=\"color: #0000ff;\">CPF 711.849.992-79<\/span> (Davi Melo).<br \/>\n<\/em><\/h4>\n<\/blockquote>\n<hr \/>\n<blockquote>\n<h4 style=\"text-align: center;\"><em><span style=\"color: #014701;\">SUA AJUDA \u00c9 IMPORTANTE PARA MANTER E MELHORAR ESTE PORTAL<\/span><br \/>\n<\/em><\/h4>\n<h4>\u00a0 <em>Queremos melhorar ainda mais o nosso portal do tempo, com alertas a qualquer momento, durante 24 horas, nos sete dias da semana, mas o custo \u00e9 alto. Portanto, contribua para que possamos manter este portal <\/em><em>e melhorar ainda mais nossas previs\u00f5es. Saiba como acessando <span style=\"color: #333399;\">&#8220;<\/span><a href=\"https:\/\/otempoaqui.com.br\/?p=32206\"><span style=\"color: #333399;\">Contribua para manter e melhorar nosso portal do tempo<\/span><\/a><span style=\"color: #333399;\">&#8220;.<\/span><\/em><\/h4>\n<\/blockquote>\n<hr \/>\n<blockquote>\n<h4 style=\"text-align: center;\"><em><span style=\"color: #800080;\">NASCER E P\u00d4R DO SOL<\/span><\/em><\/h4>\n<h5 style=\"text-align: center;\">\u00a0\u00a0 <em>Rio Branco: nasce \u00e0s <span style=\"color: #993300;\">5h35min<\/span> e se p\u00f5e \u00e0s <span style=\"color: #0000ff;\">17h21min.<\/span><\/em><\/h5>\n<h5 style=\"text-align: center;\"><em>\u00a0 Cruzeiro do Sul: nasce \u00e0s <span style=\"color: #993300;\">5h52min<\/span> e se p\u00f5e \u00e0s <span style=\"color: #0000ff;\">17h43min.<\/span><\/em><\/h5>\n<\/blockquote>\n<hr \/>\n<blockquote>\n<h4 style=\"text-align: center;\"><em>MENOR TEMPERATURA DE 2023 NO ACRE, AT\u00c9 O MOMENTO: 18,0\u00baC<\/em><\/h4>\n<h4>\u00a0 <em>A menor temperatura de 2023, at\u00e9 o momento, no Acre, foi 18,0\u00baC, registrada em Rio Branco, no dia 19 de fevereiro.<\/em><\/h4>\n<\/blockquote>\n<hr \/>\n<blockquote>\n<h4 style=\"text-align: center;\"><em>MENOR TEMPERATURA DE 2023 NO BRASIL, AT\u00c9 O MOMENTO: 0,9\u00baC<br \/>\n<\/em><\/h4>\n<h4>\u00a0 <em>A menor temperatura de 2023, at\u00e9 o momento, no Brasil, foi 0,9\u00baC, registrada no munic\u00edpio de Itatiaia (Rio de Janeiro), na esta\u00e7\u00e3o de Campo Belo, no dia 26 de janeiro.<br \/>\n<\/em><\/h4>\n<\/blockquote>\n<hr \/>\n<blockquote>\n<h4 style=\"text-align: center;\"><em>MAIOR TEMPERATURA DE 2023 NO BRASIL, AT\u00c9 O MOMENTO: 40,9\u00baC<\/em><\/h4>\n<h4>\u00a0 <em>A maior temperatura de 2023, at\u00e9 o momento, no Brasil, foi 40,9\u00baC, registrada em Quara\u00ed (Rio Grande do Sul), no dia primeiro de janeiro.<\/em><\/h4>\n<\/blockquote>\n<hr \/>\n<blockquote>\n<h4 style=\"text-align: center;\"><em>AS QUATRO ESTA\u00c7\u00d5ES DO ANO NO ACRE<\/em><\/h4>\n<h4>\u00a0 \u00a0 <em>O clima do Acre, m\u00eas a m\u00eas, voc\u00ea encontra na nossa publica\u00e7\u00e3o acessando &#8220;<a href=\"https:\/\/otempoaqui.com.br\/?p=27612\">As quatro esta\u00e7\u00f5es do ano no Acre<\/a>&#8220;.<\/em><\/h4>\n<\/blockquote>\n<hr \/>\n<blockquote>\n<h4 style=\"text-align: center;\"><em>\u00a0OUTRAS INFORMA\u00c7\u00d5ES IMPORTANTES<\/em><\/h4>\n<h4>\u00a0 \u00a0 <em>Leia, tamb\u00e9m, acessando:<\/em><\/h4>\n<ul>\n<li><strong>&#8220;<\/strong><a href=\"https:\/\/otempoaqui.com.br\/?p=32252\"><strong>VER\u00c3O, A ESTA\u00c7\u00c3O DAS CHUVAS NO ACRE<\/strong><\/a><strong>&#8220;.<\/strong><\/li>\n<li><strong>\u00a0&#8220;<a href=\"https:\/\/otempoaqui.com.br\/?p=31358\">PRIMAVERA, A ESTA\u00c7\u00c3O DO IN\u00cdCIO DO PER\u00cdODO CHUVOSO NO ACRE<\/a>&#8220;<\/strong><\/li>\n<li><strong>&#8220;<\/strong><a href=\"https:\/\/otempoaqui.com.br\/?p=30155\"><strong>INVERNO: A ESTA\u00c7\u00c3O MAIS FRIA E SECA NO ACRE<\/strong><\/a><strong>&#8220;;<\/strong><\/li>\n<li>&#8220;<a href=\"https:\/\/otempoaqui.com.br\/?p=27580\"><strong>Recordes de 2021: de -9,9\u00baC a 43,9\u00baC, no Brasil, e de 9,5\u00baC a 39,0\u00baC, no Acre<\/strong><\/a>&#8220;<\/li>\n<li><strong>\u00a0&#8220;<\/strong><a href=\"https:\/\/otempoaqui.com.br\/?p=26829\"><strong>Acre foi abandonado pelo Instituto Nacional de Meteorologia<\/strong><\/a><strong>&#8220;<\/strong>.<\/li>\n<\/ul>\n<\/blockquote>\n<hr \/>\n<h4 style=\"text-align: center;\">\u00a0<span style=\"color: #000080;\">VIS\u00c3O GERAL DO TEMPO NESTE S\u00c1BADO<br \/>\n<\/span><\/h4>\n<h4>\u00a0 Neste s\u00e1bado (29\/4\/2023), tempo quente, com sol, nuvens e chuvas passageiras e pontuais, vai predominar no Acre, em Rond\u00f4nia, no Amazonas, em Mato Grosso, em Goi\u00e1s, no Distrito Federal, nas plan\u00edcies da Bol\u00edvia e na regi\u00e3o de selva do Peru. Pode chover forte em \u00e1reas do Amazonas, de Rond\u00f4nia e de Mato Grosso. Baixa probabilidade de chuvas no Acre, no oeste de Rond\u00f4nia, na Bol\u00edvia e no sudeste da regi\u00e3o de selva do Peru.<\/h4>\n<h4 style=\"text-align: center;\"><span style=\"color: #800000;\">PREVIS\u00c3O ESPEC\u00cdFICA PARA O ACRE PARA S\u00c1BADO (29\/4\/2023)<\/span><\/h4>\n<div id=\"attachment_21256\" style=\"width: 196px\" class=\"wp-caption alignleft\"><img data-recalc-dims=\"1\" loading=\"lazy\" decoding=\"async\" aria-describedby=\"caption-attachment-21256\" class=\" wp-image-21256\" src=\"https:\/\/i0.wp.com\/otempoaqui.com.br\/wp-content\/uploads\/2019\/06\/APROVACAO1.png?resize=186%2C186&#038;ssl=1\" alt=\"O melhor curso do Acre\" width=\"186\" height=\"186\" srcset=\"https:\/\/i0.wp.com\/otempoaqui.com.br\/wp-content\/uploads\/2019\/06\/APROVACAO1.png?w=200&amp;ssl=1 200w, https:\/\/i0.wp.com\/otempoaqui.com.br\/wp-content\/uploads\/2019\/06\/APROVACAO1.png?resize=150%2C150&amp;ssl=1 150w, https:\/\/i0.wp.com\/otempoaqui.com.br\/wp-content\/uploads\/2019\/06\/APROVACAO1.png?resize=175%2C175&amp;ssl=1 175w, https:\/\/i0.wp.com\/otempoaqui.com.br\/wp-content\/uploads\/2019\/06\/APROVACAO1.png?resize=184%2C184&amp;ssl=1 184w\" sizes=\"auto, (max-width: 186px) 100vw, 186px\" \/><p id=\"caption-attachment-21256\" class=\"wp-caption-text\"><strong>No Acre,\u00a0 o melhor curso preparat\u00f3rio para o ENEM e vestibulares de todo o Brasil. Tem turma especial para quem quer cursar <em>Medicina.<\/em> Turnos pela manh\u00e3, tarde e noite. J\u00e1 s\u00e3o 17 anos de tradi\u00e7\u00e3o em Rio Branco.<\/strong><\/p><\/div>\n<h4>\u00a0 Leste e sul do estado (microrregi\u00f5es de Rio Branco, Brasileia e Sena Madureira): tempo muito quente, com predom\u00ednio de sol e nuvens. Baixa probabilidade de chuvas, por\u00e9m, caso ocorram, ser\u00e3o r\u00e1pidas e pontuais. Os ventos sopram, entre fracos e calmos, de dire\u00e7\u00f5es vari\u00e1veis.<\/h4>\n<h4>\u00a0 Centro e oeste do estado (microrregi\u00f5es de Cruzeiro do Sul e Tarauac\u00e1): tempo quente, com sol e nuvens, mas pode chover r\u00e1pido em algumas \u00e1reas. Os ventos sopram, entre fracos e calmos, de dire\u00e7\u00f5es vari\u00e1veis.<\/h4>\n<h4>\u00a0 Temperaturas:<\/h4>\n<h4>\u00a0 &#8211; Rio Branco, Senador Guiomard, Bujari e Porto Acre, com m\u00ednimas oscilando entre 22 e 24\u00baC, e m\u00e1ximas, entre 32 e 34\u00baC;<\/h4>\n<h4>\u00a0 &#8211; Brasileia, Epitaciol\u00e2ndia, Xapuri, Capixaba, Assis Brasil e Santa Rosa do Purus, com m\u00ednimas oscilando entre 21 e 23\u00baC, e m\u00e1ximas, entre 32 e 34\u00baC;<\/h4>\n<h4>\u00a0 &#8211; Pl\u00e1cido de Castro e Acrel\u00e2ndia, com m\u00ednimas oscilando entre 22 e 24\u00baC, e m\u00e1ximas, entre 32 e 34\u00baC;<\/h4>\n<h4>\u00a0 &#8211; Sena Madureira e Manuel Urbano, com m\u00ednimas oscilando entre 22 e 24\u00baC, e m\u00e1ximas, entre 32 e 34\u00baC;<\/h4>\n<h4>\u00a0 &#8211; Tarauac\u00e1 e Feij\u00f3, com m\u00ednimas oscilando entre 22 e 24\u00baC, e m\u00e1ximas, entre 33 e 35\u00baC;<\/h4>\n<h4>\u00a0 &#8211; Cruzeiro do Sul, M\u00e2ncio Lima e Rodrigues Alves, com m\u00ednimas oscilando entre 22 e 24\u00baC, e m\u00e1ximas, entre 31 e 33\u00baC;<\/h4>\n<h4>\u00a0 &#8211; Marechal Thaumaturgo, Porto Walter e Jord\u00e3o, com m\u00ednimas oscilando entre 22 e 24\u00baC, e m\u00e1ximas, entre 31 e 33\u00baC.<\/h4>\n<h1 style=\"text-align: center;\"><span style=\"color: #ff0000;\">\u2193\u2193\u2193<\/span><\/h1>\n<p style=\"text-align: center;\"><strong><span style=\"color: #800080;\">PREVIS\u00c3O PARA O ACRE PARA DOMINGO (30\/4\/2023)<\/span><br \/>\n<\/strong><\/p>\n<p><strong>Leste e sul do Acre (microrregi\u00f5es de Rio Branco, Brasileia e Sena Madureira): tempo quente, com sol e nuvens. A probabilidade de chuvas \u00e9 baixa, por\u00e9m, caso ocorram, ser\u00e3o r\u00e1pidas e pontuais. A temperatura m\u00ednima varia entre 21 e 24\u00baC, e a m\u00e1xima oscila entre 32 e 35\u00baC.<\/strong><\/p>\n<p><strong>\u00a0 \u00a0 Centro e oeste do Acre (microrregi\u00f5es de Cruzeiro do Sul e Tarauac\u00e1): tempo quente, com sol e nuvens. A probabilidade de chuvas \u00e9 baixa, por\u00e9m, caso ocorram, ser\u00e3o r\u00e1pidas e pontuais. A temperatura m\u00ednima varia entre 22 e 25\u00baC, e a m\u00e1xima, entre 32 e 35\u00baC.<\/strong><\/p>\n<hr \/>\n<h4 style=\"text-align: center;\"><span style=\"color: #000080;\">TEMPERATURAS EM OUTROS ESTADOS NESTE S\u00c1BADO<\/span><\/h4>\n<hr \/>\n<h4>ROND\u00d4NIA:<\/h4>\n<h4>\u00a0 &#8211; Porto Velho e Ariquemes, m\u00ednima entre 22 e 24\u00baC, e m\u00e1xima entre 30 e 32\u00baC;<\/h4>\n<h4>\u00a0 &#8211; Cacoal e Ji-Paran\u00e1, m\u00ednima entre 22 e 24\u00baC e m\u00e1xima entre 32 e 34\u00baC;<\/h4>\n<h4>\u00a0 &#8211; Vilhena, m\u00ednima entre 21 e 23\u00baC e m\u00e1xima entre 30 e 32\u00baC;<\/h4>\n<h4>\u00a0 &#8211; Guajar\u00e1-Mirim e Costa Marques, m\u00ednima entre 22 e 24\u00baC e m\u00e1xima entre 33 e 35\u00baC.<\/h4>\n<hr \/>\n<h4>\u00a0DISTRITO FEDERAL:<\/h4>\n<h4>\u00a0 Bras\u00edlia e arredores ter\u00e3o m\u00ednima entre 14 e 17\u00baC e m\u00e1xima entre 26 e 29\u00baC.<\/h4>\n<hr \/>\n<h4>GOI\u00c1S:<\/h4>\n<h4>\u00a0 Em Goi\u00e2nia, a m\u00ednima varia entre 18 e 20\u00baC e a m\u00e1xima, entre 29 e 31\u00baC.<\/h4>\n<hr \/>\n<h4>MATO GROSSO:<\/h4>\n<h4>\u00a0 Em Cuiab\u00e1, m\u00ednima entre 23 e 25\u00baC e m\u00e1xima entre 35 e 37\u00baC, e em C\u00e1ceres, m\u00ednima entre 22 e 24\u00baC e m\u00e1xima entre 34 e 36\u00baC.<\/h4>\n<hr \/>\n<h4>AMAZONAS:<\/h4>\n<h4>\u00a0 &#8211; Manaus, Manacapuru, Itacoatiara e Parintins, m\u00ednima entre 23 e 25\u00baC e m\u00e1xima entre 31 e 33\u00baC;<\/h4>\n<h4>\u00a0 &#8211; Boca do Acre e Pauini, m\u00ednima entre 22 e 24\u00baC, e m\u00e1xima entre 31 e 33\u00baC;<\/h4>\n<h4>\u00a0 &#8211; Eirunep\u00e9, Ipixuna e Guajar\u00e1, m\u00ednima entre 22 e 24\u00baC, e m\u00e1xima entre 31 e 33\u00baC.<\/h4>\n<div id=\"attachment_25256\" style=\"width: 310px\" class=\"wp-caption aligncenter\"><img data-recalc-dims=\"1\" loading=\"lazy\" decoding=\"async\" aria-describedby=\"caption-attachment-25256\" class=\"size-medium wp-image-25256\" src=\"https:\/\/i0.wp.com\/otempoaqui.com.br\/wp-content\/uploads\/2021\/08\/1.jpg?resize=300%2C101&#038;ssl=1\" alt=\"\" width=\"300\" height=\"101\" srcset=\"https:\/\/i0.wp.com\/otempoaqui.com.br\/wp-content\/uploads\/2021\/08\/1.jpg?resize=300%2C101&amp;ssl=1 300w, https:\/\/i0.wp.com\/otempoaqui.com.br\/wp-content\/uploads\/2021\/08\/1.jpg?w=609&amp;ssl=1 609w\" sizes=\"auto, (max-width: 300px) 100vw, 300px\" \/><p id=\"caption-attachment-25256\" class=\"wp-caption-text\"><strong><em>Produtos agr\u00edcolas, ro\u00e7adeiras e motores. Tudo isto e muito mais voc\u00ea encontra aqui.<\/em><\/strong><\/p><\/div>\n<blockquote>\n<h3><em>Acompanhe nossas atualiza\u00e7\u00f5es di\u00e1rias para ficar bem informado e n\u00e3o ser pego de surpresa pelas adversidades do tempo meteorol\u00f3gico.<\/em><\/h3>\n<\/blockquote>\n","protected":false},"excerpt":{"rendered":"<p>PREVIS\u00c3O DE TEMPO PARA S\u00c1BADO (29\/4\/2023) FIM DE SEMANA MUITO QUENTE, COM BAIXA PROBABILIDADE DE CHUVAS \u00a0 O \u00faltimo fim de semana de abril ser\u00e1 muito quente no Acre, com baixa probabilidade de chuvas, por\u00e9m, caso ocorram, ser\u00e3o r\u00e1pidas e pontuais. N\u00e3o haver\u00e1 incurs\u00e3o de ar frio polar, pelo menos at\u00e9 o pr\u00f3ximo dia 3 [&hellip;]<\/p>\n","protected":false},"author":2,"featured_media":0,"comment_status":"open","ping_status":"open","sticky":false,"template":"","format":"standard","meta":{"_jetpack_memberships_contains_paid_content":false,"footnotes":"","jetpack_publicize_message":"","jetpack_publicize_feature_enabled":true,"jetpack_social_post_already_shared":true,"jetpack_social_options":{"image_generator_settings":{"template":"highway","enabled":false},"version":2}},"categories":[193],"tags":[244,54,10,23,46,250,26,111],"class_list":["post-33628","post","type-post","status-publish","format-standard","hentry","category-previsao-do-tempo","tag-calor","tag-calor-intenso","tag-diario-do-clima","tag-previsao-do-tempo","tag-previsao-do-tempo-para-os-proximos-dias","tag-previsao-para-o-fim-de-semana","tag-previsao-para-os-proximos-dias","tag-sol-e-calor"],"jetpack_publicize_connections":[],"jetpack_featured_media_url":"","jetpack_likes_enabled":true,"jetpack_sharing_enabled":true,"_links":{"self":[{"href":"https:\/\/otempoaqui.com.br\/index.php?rest_route=\/wp\/v2\/posts\/33628","targetHints":{"allow":["GET"]}}],"collection":[{"href":"https:\/\/otempoaqui.com.br\/index.php?rest_route=\/wp\/v2\/posts"}],"about":[{"href":"https:\/\/otempoaqui.com.br\/index.php?rest_route=\/wp\/v2\/types\/post"}],"author":[{"embeddable":true,"href":"https:\/\/otempoaqui.com.br\/index.php?rest_route=\/wp\/v2\/users\/2"}],"replies":[{"embeddable":true,"href":"https:\/\/otempoaqui.com.br\/index.php?rest_route=%2Fwp%2Fv2%2Fcomments&post=33628"}],"version-history":[{"count":2,"href":"https:\/\/otempoaqui.com.br\/index.php?rest_route=\/wp\/v2\/posts\/33628\/revisions"}],"predecessor-version":[{"id":33655,"href":"https:\/\/otempoaqui.com.br\/index.php?rest_route=\/wp\/v2\/posts\/33628\/revisions\/33655"}],"wp:attachment":[{"href":"https:\/\/otempoaqui.com.br\/index.php?rest_route=%2Fwp%2Fv2%2Fmedia&parent=33628"}],"wp:term":[{"taxonomy":"category","embeddable":true,"href":"https:\/\/otempoaqui.com.br\/index.php?rest_route=%2Fwp%2Fv2%2Fcategories&post=33628"},{"taxonomy":"post_tag","embeddable":true,"href":"https:\/\/otempoaqui.com.br\/index.php?rest_route=%2Fwp%2Fv2%2Ftags&post=33628"}],"curies":[{"name":"wp","href":"https:\/\/api.w.org\/{rel}","templated":true}]}}