{"id":3146,"date":"2014-05-24T18:10:30","date_gmt":"2014-05-24T23:10:30","guid":{"rendered":"http:\/\/otempoaqui.com\/?p=3146"},"modified":"2014-05-24T18:10:30","modified_gmt":"2014-05-24T23:10:30","slug":"dia-mais-frio-no-acre-desde-o-recorde-do-ano-passado-a-tarde-em-rio-branco-nao-passou-de-16oc-neste-sabado","status":"publish","type":"post","link":"https:\/\/otempoaqui.com.br\/?p=3146","title":{"rendered":"Dia mais frio, no Acre, desde o recorde do ano passado. A tarde, em Rio Branco, n\u00e3o passou de 16\u00baC, neste s\u00e1bado."},"content":{"rendered":"<p>17h 10min <\/p>\n<p>    Nada do que aconteceu, na \u00faltima sexta-feira, dia 23, e no dia seguinte, s\u00e1bado, foi surpresa para os acreanos, que se prepararam para enfrentar as adversidades do tempo.<br \/>\n    Com muita anteced\u00eancia, O Tempo Aqui previu e anunciou a mudan\u00e7a radical do tempo do Acre. Chuvas fortes, ventos acima de 50 km\/h, que causaram tantos transtornos \u00e0 popula\u00e7\u00e3o, queda de granizo e, logo em seguida, acentuado decl\u00ednio da temperatura, principalmente, na capital acreana e em Brasileia, marcaram o estado todo.<br \/>\n    Neste s\u00e1bado, foi registrada a tarde mais desde o dia 24 de julho de 2013, em Rio Branco. A temperatura n\u00e3o passou dos 16\u00baC, mas ao amanhecer, os term\u00f4metros marcavam 14\u00baC, na esta\u00e7\u00e3o meteorol\u00f3gica do aeroporto. No entanto, os fortes ventos que sopraram o dia e a noite toda proporcionavam uma sensa\u00e7\u00e3o t\u00e9rmica inferior a 9\u00baC para quem estivesse exposto a esses ventos.<br \/>\n    Em Brasileia, a tarde deste s\u00e1bado registrou m\u00e1xima de, apenas, 15\u00baC, enquanto a m\u00ednima foi de 12\u00baC, ao amanhecer.<br \/>\n    Em Cruzeiro do Sul, a frente fria chegou durante o dia e fez a temperatura, tamb\u00e9m, cair bruscamente.<br \/>\n     Na capital acreana, os ventos fortes, acima de 50 km\/h, come\u00e7aram a soprar, repentinamente, de sudeste, causando muitos danos \u00e0s edifica\u00e7\u00f5es e derrubando galhos e \u00e1rvores, em todos os bairros. A temperatura caiu de 28\u00baC para 17\u00baC, em apenas uma hora.<br \/>\n     H\u00e1 relatos de que, no munic\u00edpio de Capixaba, houve forte queda de granizo.<br \/>\n     Cumprimos, mais uma vez, com a nossa miss\u00e3o de informar e prevenir a popula\u00e7\u00e3o contra as adversidades do tempo.<br \/>\n     Vamos continuar informando, com o m\u00e1xima de dedica\u00e7\u00e3o, as condi\u00e7\u00f5es atmosf\u00e9ricas para o Acre, Rond\u00f4nia, Amazonas, Mato Grosso, Goi\u00e1s, Distrito Federal, Bol\u00edvia e Peru.<br \/>\n      Agradecemos aos milhares de internautas que acessaram nosso portal, nestes \u00faltimos dois dias, com a finalidade de programarem melhor suas atividades.<\/p>\n","protected":false},"excerpt":{"rendered":"<p>17h 10min Nada do que aconteceu, na \u00faltima sexta-feira, dia 23, e no dia seguinte, s\u00e1bado, foi surpresa para os acreanos, que se prepararam para enfrentar as adversidades do tempo. Com muita anteced\u00eancia, O Tempo Aqui previu e anunciou a mudan\u00e7a radical do tempo do Acre. Chuvas fortes, ventos acima de 50 km\/h, que causaram [&hellip;]<\/p>\n","protected":false},"author":2,"featured_media":0,"comment_status":"open","ping_status":"open","sticky":false,"template":"","format":"standard","meta":{"_jetpack_memberships_contains_paid_content":false,"footnotes":"","jetpack_publicize_message":"","jetpack_publicize_feature_enabled":true,"jetpack_social_post_already_shared":true,"jetpack_social_options":{"image_generator_settings":{"template":"highway","enabled":false},"version":2}},"categories":[1],"tags":[104,110],"class_list":["post-3146","post","type-post","status-publish","format-standard","hentry","category-geral","tag-frio-intenso","tag-no-acre"],"jetpack_publicize_connections":[],"jetpack_featured_media_url":"","jetpack_likes_enabled":true,"jetpack_sharing_enabled":true,"_links":{"self":[{"href":"https:\/\/otempoaqui.com.br\/index.php?rest_route=\/wp\/v2\/posts\/3146","targetHints":{"allow":["GET"]}}],"collection":[{"href":"https:\/\/otempoaqui.com.br\/index.php?rest_route=\/wp\/v2\/posts"}],"about":[{"href":"https:\/\/otempoaqui.com.br\/index.php?rest_route=\/wp\/v2\/types\/post"}],"author":[{"embeddable":true,"href":"https:\/\/otempoaqui.com.br\/index.php?rest_route=\/wp\/v2\/users\/2"}],"replies":[{"embeddable":true,"href":"https:\/\/otempoaqui.com.br\/index.php?rest_route=%2Fwp%2Fv2%2Fcomments&post=3146"}],"version-history":[{"count":0,"href":"https:\/\/otempoaqui.com.br\/index.php?rest_route=\/wp\/v2\/posts\/3146\/revisions"}],"wp:attachment":[{"href":"https:\/\/otempoaqui.com.br\/index.php?rest_route=%2Fwp%2Fv2%2Fmedia&parent=3146"}],"wp:term":[{"taxonomy":"category","embeddable":true,"href":"https:\/\/otempoaqui.com.br\/index.php?rest_route=%2Fwp%2Fv2%2Fcategories&post=3146"},{"taxonomy":"post_tag","embeddable":true,"href":"https:\/\/otempoaqui.com.br\/index.php?rest_route=%2Fwp%2Fv2%2Ftags&post=3146"}],"curies":[{"name":"wp","href":"https:\/\/api.w.org\/{rel}","templated":true}]}}