{"id":31244,"date":"2022-09-09T23:58:00","date_gmt":"2022-09-10T04:58:00","guid":{"rendered":"https:\/\/otempoaqui.com.br\/?p=31244"},"modified":"2022-09-09T16:26:26","modified_gmt":"2022-09-09T21:26:26","slug":"sabado-quente-com-chuvas-pontuais-e-possibilidade-de-temporais","status":"publish","type":"post","link":"https:\/\/otempoaqui.com.br\/?p=31244","title":{"rendered":"S\u00e1bado quente, com chuvas pontuais e possibilidade de temporais"},"content":{"rendered":"<h3 style=\"text-align: center;\"><span style=\"color: #0000ff;\">PREVIS\u00c3O DE TEMPO PARA S\u00c1BADO (10\/9\/2022)<\/span><\/h3>\n<hr \/>\n<blockquote>\n<h4 style=\"text-align: center;\"><em><span style=\"color: #800000;\">CALOR, CHUVAS E TEMPORAIS NESTE FIM DE SEMANA<\/span><\/em><\/h4>\n<h4>\u00a0 <em><span style=\"color: #800000;\">Fim de semana, no Acre, tem calor, chuvas e temporais. Saiba mais acessando nossa publica\u00e7\u00e3o de sexta-feira: &#8220;<a href=\"https:\/\/otempoaqui.com.br\/?p=31235\"><span style=\"color: #333399;\">Calor, chuvas e alerta de temporais neste fim de semana<\/span><\/a>&#8220;.<\/span><\/em><\/h4>\n<\/blockquote>\n<hr \/>\n<blockquote>\n<h4 style=\"text-align: center;\"><em><span style=\"color: #cf0000;\">FUMA\u00c7A DA BOL\u00cdVIA INVADE O ACRE<\/span><br \/>\n<\/em><\/h4>\n<h4>\u00a0\u00a0\u00a0\u00a0\u00a0 <span style=\"color: #cf0000;\"><em>A enorme massa de fuma\u00e7a que est\u00e1 sobre o Acre tem sua origem nas queimadas que ocorrem na Bol\u00edvia. A participa\u00e7\u00e3o dos focos de inc\u00eandio em territ\u00f3rio acreano \u00e9 pequena, quando comparada com a do pa\u00eds vizinho. Nossas estimativas s\u00e3o de que 80% da fuma\u00e7a que chegou ao estado, nestes \u00faltimos dias, tem origem em territ\u00f3rio boliviano. Essas part\u00edculas das queimadas s\u00e3o trazidas pelas ondas polares, ou seja, quando os ventos passam a soprar da dire\u00e7\u00e3o sudeste. Nos pr\u00f3ximos dias, haver\u00e1 uma sens\u00edvel diminui\u00e7\u00e3o da intensidade da fuma\u00e7a que assola Rio Branco e demais munic\u00edpios acreanos, tendo em vista que os ventos mudaram de dire\u00e7\u00e3o e passaram a soprar de noroeste, ou seja, estar\u00e3o devolvendo para a Bol\u00edvia essa enorme massa azul causada pelas queimadas.<\/em><\/span><\/h4>\n<\/blockquote>\n<hr \/>\n<blockquote>\n<h4 style=\"text-align: center;\"><em><strong><span style=\"color: #008000;\">CLIMA E TEMPO EM SETEMBRO<\/span><\/strong><\/em><\/h4>\n<h4>\u00a0 <em><span style=\"color: #008000;\">Conhe\u00e7a o clima do Acre em setembro\u00a0e saiba como dever\u00e1 ficar o tempo neste m\u00eas de 2022, acessando &#8220;<a href=\"https:\/\/otempoaqui.com.br\/?p=31149\"><span style=\"color: #333399;\">SETEMBRO: TERMINA O INVERNO E AUMENTAM AS CHUVAS<\/span><\/a>&#8220;.<\/span><\/em><\/h4>\n<\/blockquote>\n<hr \/>\n<blockquote>\n<h4 style=\"text-align: center;\"><em><span style=\"color: #800000;\">EXTREMOS REGISTRADOS EM AGOSTO E EM 2022, AT\u00c9 O MOMENTO<\/span><\/em><\/h4>\n<h4>\u00a0 <em><span style=\"color: #800000;\">Saiba quais os extremos meteorol\u00f3gicos registrados em agosto e no ano de 2022, at\u00e9 o momento, acessando<\/span> &#8220;<a href=\"https:\/\/otempoaqui.com.br\/?p=31159\"><span style=\"color: #333399;\">Agosto registrou recordes de m\u00ednima (10,2\u00baC) e de m\u00e1xima (37,1\u00baC) do ano no Acre<\/span><\/a>&#8220;.<br \/>\n<\/em><\/h4>\n<\/blockquote>\n<hr \/>\n<blockquote>\n<h4 style=\"text-align: center;\"><em><span style=\"color: #800080;\">NASCER E P\u00d4R DO SOL<\/span><\/em><\/h4>\n<h5>\u00a0 <em><span style=\"color: #800080;\">Rio Branco: nasce \u00e0s<\/span> <span style=\"color: #ff6600;\">5h34min<\/span> <span style=\"color: #800080;\">e se p\u00f5e \u00e0s<\/span> <span style=\"color: #0000ff;\">17h28min.<\/span><\/em><\/h5>\n<h5><em>\u00a0 <span style=\"color: #800080;\">Cruzeiro do Sul: nasce \u00e0s<\/span> <span style=\"color: #ff6600;\">5h52min<\/span> <span style=\"color: #800080;\">e se p\u00f5e \u00e0s<\/span> <span style=\"color: #0000ff;\">17h50min.<\/span><\/em><\/h5>\n<\/blockquote>\n<hr \/>\n<blockquote>\n<h4 style=\"text-align: center;\"><em><span style=\"color: #0000ff;\">MENOR TEMPERATURA DO ANO NO ACRE: 10,2\u00baC<\/span><\/em><\/h4>\n<h4>\u00a0 <em>At\u00e9 agora, a menor temperatura de 2022, no Acre, foi 10,2\u00baC, registrada em Assis Brasil, no dia 20 de agosto. Em Rio Branco, a menor temperatura foi 12,1\u00baC, ocorrida, tamb\u00e9m, no dia 20 de agosto.<\/em><\/h4>\n<\/blockquote>\n<hr \/>\n<blockquote>\n<h4 style=\"text-align: center;\"><em>RECORDE DE FRIO DO ANO, AT\u00c9 AGORA, NO BRASIL, COM 7,8\u00baC E 11,4\u00baC NEGATIVOS<\/em><\/h4>\n<h4>\u00a0 <em>No dia 14 de junho, foi registrado novo recorde de frio do ano no Brasil, com m\u00ednima de -7,8\u00baC e -11,4\u00baC, no munic\u00edpio de Itatiaia, em duas esta\u00e7\u00f5es meteorol\u00f3gicas diferentes, no estado do Rio de Janeiro, o mais frio do pa\u00eds. No entanto, na esta\u00e7\u00e3o meteorol\u00f3gica do pr\u00f3prio parque, a temperatura registrada nesta dia foi -11,4\u00baC.<\/em><\/h4>\n<\/blockquote>\n<hr \/>\n<blockquote>\n<h4 style=\"text-align: center;\"><em>O FEN\u00d4MENO DA FRIAGEM<\/em><\/h4>\n<h4>\u00a0 <em>Conhe\u00e7a o fen\u00f4meno da friagem no Acre e na Amaz\u00f4nia Ocidental acessando nossa publica\u00e7\u00e3o do \u00faltimo dia 31 de mar\u00e7o em &#8220;<a href=\"https:\/\/otempoaqui.com.br\/?p=29030\">Frio polar chegou ao Acre provocando a primeira friagem do ano<\/a>&#8220;.<\/em><\/h4>\n<\/blockquote>\n<hr \/>\n<blockquote>\n<h4 style=\"text-align: center;\"><em>O TEMPO E O PAPEL DA TELEVIS\u00c3O<\/em><\/h4>\n<h4>\u00a0\u00a0<em>Muitos transtornos e preju\u00edzos \u00e0 popula\u00e7\u00e3o seriam evitados ou, pelo menos, atenuados, se as emissoras de televis\u00e3o do Acre informassem a previs\u00e3o de tempo feita por fontes confi\u00e1veis. Acesse nossa publica\u00e7\u00e3o a respeito em &#8220;<a href=\"https:\/\/otempoaqui.com.br\/?p=28944\">Se emissoras de televis\u00e3o do Acre divulgassem nossas previs\u00f5es, muitos transtornos e preju\u00edzos seriam evitados<\/a>&#8220;.<\/em><\/h4>\n<\/blockquote>\n<hr \/>\n<blockquote>\n<h4 style=\"text-align: center;\"><em>AS QUATRO ESTA\u00c7\u00d5ES DO ANO NO ACRE<\/em><\/h4>\n<h4>\u00a0 \u00a0 <em>O clima do Acre, m\u00eas a m\u00eas, voc\u00ea encontra na nossa publica\u00e7\u00e3o acessando &#8220;<a href=\"https:\/\/otempoaqui.com.br\/?p=27612\">As quatro esta\u00e7\u00f5es do ano no Acre<\/a>&#8220;.<\/em><\/h4>\n<\/blockquote>\n<hr \/>\n<blockquote>\n<h4 style=\"text-align: center;\"><em>JORNAL BRIT\u00c2NICO PUBLICOU INFORMA\u00c7\u00d5ES ERRADAS SOBRE RIO BRANCO<\/em><\/h4>\n<h4>\u00a0 \u00a0 <em>Acesse &#8220;<a href=\"https:\/\/otempoaqui.com.br\/?p=27233\">Jornal ingl\u00eas The Guardian errou feio<\/a>&#8220;.<\/em><\/h4>\n<\/blockquote>\n<hr \/>\n<blockquote>\n<h4 style=\"text-align: center;\"><em>OUTRAS INFORMA\u00c7\u00d5ES IMPORTANTES<\/em><\/h4>\n<h4>\u00a0 \u00a0 <em>Leia, tamb\u00e9m, acessando:<\/em><\/h4>\n<ul>\n<li><strong>&#8220;<\/strong><a href=\"https:\/\/otempoaqui.com.br\/?p=30155\"><strong>INVERNO: COME\u00c7A A ESTA\u00c7\u00c3O MAIS FRIA E SECA NO ACRE<\/strong><\/a><strong>&#8220;;<\/strong><\/li>\n<li>&#8220;<a href=\"https:\/\/otempoaqui.com.br\/?p=27580\"><strong>Recordes de 2021: de -9,9\u00baC a 43,9\u00baC, no Brasil, e de 9,5\u00baC a 39,0\u00baC, no Acre<\/strong><\/a>&#8220;;<\/li>\n<li><strong>&#8220;<\/strong><a href=\"https:\/\/otempoaqui.com.br\/?p=27213\"><strong>VER\u00c3O: A ESTA\u00c7\u00c3O MAIS CHUVOSA NO ACRE<\/strong><\/a><strong>&#8220;;<\/strong><\/li>\n<li><strong>&#8220;<\/strong><a href=\"https:\/\/otempoaqui.com.br\/?p=26829\"><strong>Acre foi abandonado pelo Instituto Nacional de Meteorologia<\/strong><\/a><strong>&#8220;<\/strong>.<\/li>\n<\/ul>\n<\/blockquote>\n<hr \/>\n<h4 style=\"text-align: center;\">\u00a0<span style=\"color: #000080;\">VIS\u00c3O GERAL DO TEMPO NESTE S\u00c1BADO<\/span><\/h4>\n<h4>\u00a0 <span style=\"color: #000080;\">Neste s\u00e1bado (10\/9\/2022), o calor predomina no Acre, em Rond\u00f4nia, no sudeste, sul e sudoeste do Amazonas, em Mato Grosso, em Goi\u00e1s, na Bol\u00edvia (norte) e no Peru (regi\u00e3o de selva). Tempo firme e ensolarado, com noite fria, no Distrito Federal e nas \u00e1reas com maior altitude de Goi\u00e1s. Chuvas pontuais, com possibilidade de temporais, e queda da temperatura, no centro, sul e leste da Bol\u00edvia, devido \u00e0 chegada de uma onda polar.<\/span><\/h4>\n<h4>\u00a0 <span style=\"color: #000080;\">Calor abafado, com chuvas, que poder<\/span> ser fortes, <span style=\"color: #000080;\">predomina<\/span> nas <span style=\"color: #000080;\">demais \u00e1reas do Amazonas.<\/span><\/h4>\n<h4 style=\"text-align: center;\"><span style=\"color: #800000;\">PREVIS\u00c3O ESPEC\u00cdFICA PARA O ACRE<\/span><\/h4>\n<div id=\"attachment_21256\" style=\"width: 196px\" class=\"wp-caption alignleft\"><img data-recalc-dims=\"1\" loading=\"lazy\" decoding=\"async\" aria-describedby=\"caption-attachment-21256\" class=\" wp-image-21256\" src=\"https:\/\/i0.wp.com\/otempoaqui.com.br\/wp-content\/uploads\/2019\/06\/APROVACAO1.png?resize=186%2C186&#038;ssl=1\" alt=\"O melhor curso do Acre\" width=\"186\" height=\"186\" srcset=\"https:\/\/i0.wp.com\/otempoaqui.com.br\/wp-content\/uploads\/2019\/06\/APROVACAO1.png?w=200&amp;ssl=1 200w, https:\/\/i0.wp.com\/otempoaqui.com.br\/wp-content\/uploads\/2019\/06\/APROVACAO1.png?resize=150%2C150&amp;ssl=1 150w, https:\/\/i0.wp.com\/otempoaqui.com.br\/wp-content\/uploads\/2019\/06\/APROVACAO1.png?resize=175%2C175&amp;ssl=1 175w, https:\/\/i0.wp.com\/otempoaqui.com.br\/wp-content\/uploads\/2019\/06\/APROVACAO1.png?resize=184%2C184&amp;ssl=1 184w\" sizes=\"auto, (max-width: 186px) 100vw, 186px\" \/><p id=\"caption-attachment-21256\" class=\"wp-caption-text\"><strong>No Acre, o melhor curso preparat\u00f3rio para o ENEM e vestibulares de todo o Brasil. Tem turma especial para quem quer cursar <span style=\"color: #ff0000;\">Medicina.<\/span> Turnos pela manh\u00e3, tarde e noite. J\u00e1 s\u00e3o 16 anos de tradi\u00e7\u00e3o em Rio Branco.<\/strong><\/p><\/div>\n<h4>\u00a0 <span style=\"color: #800000;\">Leste e sul do estado (microrregi\u00f5es de Rio Branco, Brasileia e Sena Madureira): tempo quente e abafado, com chuvas pontuais, que podem ser acompanhadas de temporais. Os ventos sopram, entre fracos e calmos, de dire\u00e7\u00f5es vari\u00e1veis.<\/span><\/h4>\n<h4>\u00a0 <span style=\"color: #800000;\">Centro e oeste acreano (microrregi\u00f5es de Cruzeiro do Sul e Tarauac\u00e1): tempo quente e abafado, com chuvas pontuais, que podem ser acompanhadas de temporais.<\/span>\u00a0<span style=\"color: #800000;\">Os ventos sopram, entre fracos e calmos,<\/span>\u00a0<span style=\"color: #800000;\">de dire\u00e7\u00f5es vari\u00e1veis.<\/span><\/h4>\n<h4>\u00a0 <span style=\"color: #800000;\">Temperaturas:<\/span><\/h4>\n<h4>\u00a0 &#8211; <span style=\"color: #800000;\">Rio Branco, Senador Guiomard, Bujari e Porto Acre,<\/span> com m\u00ednimas oscilando entre 21 e 23\u00baC, e m\u00e1ximas, entre 35 e 37\u00baC;<\/h4>\n<h4>\u00a0 &#8211; Brasileia, <span style=\"color: #800000;\">Epitaciol\u00e2ndia, Xapuri, Capixaba, Assis Brasil e Santa Rosa do Purus,<\/span> com m\u00ednimas oscilando entre 20 e 22\u00baC, e m\u00e1ximas, entre 35 e 37\u00baC;<\/h4>\n<h4>\u00a0 &#8211; <span style=\"color: #800000;\">Pl\u00e1cido de Castro e Acrel\u00e2ndia,<\/span> com m\u00ednimas oscilando entre 21 e 23\u00baC, e m\u00e1ximas, entre 35 e 37\u00baC;<\/h4>\n<h4>\u00a0 &#8211; <span style=\"color: #800000;\">Sena Madureira e Manuel Urbano,<\/span> com m\u00ednimas oscilando entre 21 e 23\u00baC, e m\u00e1ximas, entre 35 e 37\u00baC;<\/h4>\n<h4>\u00a0 &#8211; <span style=\"color: #800000;\">Tarauac\u00e1 e Feij\u00f3,<\/span> com m\u00ednimas oscilando entre 22 e 24\u00baC, e m\u00e1ximas, entre 36 e 38\u00baC;<\/h4>\n<h4>\u00a0 &#8211; <span style=\"color: #800000;\">Cruzeiro do Sul, M\u00e2ncio Lima e Rodrigues Alves,<\/span> com m\u00ednimas oscilando entre 22 e 24\u00baC, e m\u00e1ximas, entre 34 e 36\u00baC;<\/h4>\n<h4>\u00a0 &#8211; <span style=\"color: #800000;\">Marechal Thaumaturgo, Porto Walter e Jord\u00e3o,<\/span> com m\u00ednimas oscilando entre 22 e 24\u00baC, e m\u00e1ximas, entre 34 e 36\u00baC.<\/h4>\n<h1 style=\"text-align: center;\"><span style=\"color: #ff0000;\">\u2193\u2193\u2193<\/span><\/h1>\n<p style=\"text-align: center;\">\u00a0 \u00a0 <strong><span style=\"color: #800080;\">PREVIS\u00c3O PARA O ACRE PARA DOMINGO (11\/9\/2022)<\/span><\/strong><\/p>\n<p>\u00a0 \u00a0 <strong><span style=\"color: #800080;\">Leste e sul do Acre (microrregi\u00f5es<\/span> de <span style=\"color: #800080;\">Rio Branco, Brasileia e Sena Madureira):<\/span> tempo inst\u00e1vel, mas quente, com chuvas, em geral, passageiras e pontuais, mas que podem ser fortes e acompanhadas de temporais. A temperatura m\u00ednima varia entre 20 e 23\u00baC, e a m\u00e1xima oscila entre 31 e 34\u00baC.<\/strong><\/p>\n<p><strong>\u00a0 \u00a0 <span style=\"color: #800080;\">Centro e oeste do Acre (microrregi\u00f5es de Cruzeiro do Sul e Tarauac\u00e1):<\/span> tempo quente e abafado, com sol, nuvens e chuvas passageiras e pontuais, que podem ser acompanhadas de temporais. A temperatura m\u00ednima varia entre 21 e 24\u00baC, e a m\u00e1xima, entre 34 e 37\u00baC.<\/strong><\/p>\n<hr \/>\n<h4 style=\"text-align: center;\"><span style=\"color: #000080;\">TEMPERATURAS EM OUTROS ESTADOS NESTE S\u00c1BADO<\/span><\/h4>\n<hr \/>\n<h4><span style=\"color: #000080;\">ROND\u00d4NIA:<\/span><\/h4>\n<h4>\u00a0 &#8211; Porto Velho e Ariquemes, m\u00ednima entre 22 e 24\u00baC, e m\u00e1xima entre 35 e 37\u00baC;<\/h4>\n<h4>\u00a0 &#8211; Cacoal e Ji-Paran\u00e1, m\u00ednima entre 21 e 23\u00baC e m\u00e1xima entre 35 e 37\u00baC;<\/h4>\n<h4>\u00a0 &#8211; Vilhena, m\u00ednima entre 20 e 22\u00baC e m\u00e1xima entre 31 e 33\u00baC;<\/h4>\n<h4>\u00a0 &#8211; Guajar\u00e1-Mirim e Costa Marques, m\u00ednima entre 20 e 22\u00baC e m\u00e1xima entre 33 e 35\u00baC.<\/h4>\n<hr \/>\n<h4>\u00a0<span style=\"color: #000080;\">DISTRITO FEDERAL:<\/span><\/h4>\n<h4>\u00a0 Bras\u00edlia e arredores ter\u00e3o m\u00ednima entre 12 e 15\u00baC e m\u00e1xima entre 27 e 30\u00baC.<\/h4>\n<hr \/>\n<h4><span style=\"color: #000080;\">GOI\u00c1S:<\/span><\/h4>\n<h4>\u00a0 Em Goi\u00e2nia, a m\u00ednima varia entre 16 e 18\u00baC e a m\u00e1xima, entre 32 e 34\u00baC.<\/h4>\n<hr \/>\n<h4><span style=\"color: #000080;\">MATO <span style=\"color: #333399;\">GROSSO:<\/span><\/span><\/h4>\n<h4>\u00a0 Em Cuiab\u00e1, m\u00ednima entre 23 e 25\u00baC e m\u00e1xima entre 36 e 38\u00baC, e em C\u00e1ceres, m\u00ednima entre 22 e 24\u00baC e m\u00e1xima entre 35 e 37\u00baC.<\/h4>\n<hr \/>\n<h4><span style=\"color: #000080;\">AMAZONAS:<\/span><\/h4>\n<h4>\u00a0 &#8211; Manaus, Manacapuru, Itacoatiara e Parintins, m\u00ednima entre 24 e 26\u00baC e m\u00e1xima entre 32 e 34\u00baC;<\/h4>\n<h4>\u00a0 &#8211; Boca do Acre e Pauini, m\u00ednima entre 22 e 24\u00baC, e m\u00e1xima entre 34 e 36\u00baC;<\/h4>\n<h4>\u00a0 &#8211; Eirunep\u00e9, Ipixuna e Guajar\u00e1, m\u00ednima entre 22 e 24\u00baC, e m\u00e1xima entre 33 e 35\u00baC.<\/h4>\n<div id=\"attachment_25256\" style=\"width: 310px\" class=\"wp-caption aligncenter\"><img data-recalc-dims=\"1\" loading=\"lazy\" decoding=\"async\" aria-describedby=\"caption-attachment-25256\" class=\"size-medium wp-image-25256\" src=\"https:\/\/i0.wp.com\/otempoaqui.com.br\/wp-content\/uploads\/2021\/08\/1.jpg?resize=300%2C101&#038;ssl=1\" alt=\"\" width=\"300\" height=\"101\" srcset=\"https:\/\/i0.wp.com\/otempoaqui.com.br\/wp-content\/uploads\/2021\/08\/1.jpg?resize=300%2C101&amp;ssl=1 300w, https:\/\/i0.wp.com\/otempoaqui.com.br\/wp-content\/uploads\/2021\/08\/1.jpg?w=609&amp;ssl=1 609w\" sizes=\"auto, (max-width: 300px) 100vw, 300px\" \/><p id=\"caption-attachment-25256\" class=\"wp-caption-text\"><strong><em><span style=\"color: #0000ff;\">Produtos agr\u00edcolas, ro\u00e7adeiras e motores. Tudo isto e muito mais voc\u00ea encontra aqui.<\/span><\/em><\/strong><\/p><\/div>\n<blockquote>\n<h3 style=\"text-align: center;\"><em><span style=\"color: #008000;\">Acompanhe nossas atualiza\u00e7\u00f5es di\u00e1rias para ficar bem informado e n\u00e3o ser pego de surpresa pelas adversidades do tempo meteorol\u00f3gico.<\/span><\/em><\/h3>\n<\/blockquote>\n","protected":false},"excerpt":{"rendered":"<p>PREVIS\u00c3O DE TEMPO PARA S\u00c1BADO (10\/9\/2022) CALOR, CHUVAS E TEMPORAIS NESTE FIM DE SEMANA \u00a0 Fim de semana, no Acre, tem calor, chuvas e temporais. Saiba mais acessando nossa publica\u00e7\u00e3o de sexta-feira: &#8220;Calor, chuvas e alerta de temporais neste fim de semana&#8220;. FUMA\u00c7A DA BOL\u00cdVIA INVADE O ACRE \u00a0\u00a0\u00a0\u00a0\u00a0 A enorme massa de fuma\u00e7a que [&hellip;]<\/p>\n","protected":false},"author":2,"featured_media":0,"comment_status":"open","ping_status":"open","sticky":false,"template":"","format":"standard","meta":{"_jetpack_memberships_contains_paid_content":false,"footnotes":"","jetpack_publicize_message":"","jetpack_publicize_feature_enabled":true,"jetpack_social_post_already_shared":true,"jetpack_social_options":{"image_generator_settings":{"template":"highway","enabled":false},"version":2}},"categories":[193],"tags":[73,54,52,36,23,46,250,26,111,35],"class_list":["post-31244","post","type-post","status-publish","format-standard","hentry","category-previsao-do-tempo","tag-alerta-de-temporais","tag-calor-intenso","tag-chuvas","tag-chuvas-fortes","tag-previsao-do-tempo","tag-previsao-do-tempo-para-os-proximos-dias","tag-previsao-para-o-fim-de-semana","tag-previsao-para-os-proximos-dias","tag-sol-e-calor","tag-temporais"],"jetpack_publicize_connections":[],"jetpack_featured_media_url":"","jetpack_likes_enabled":true,"jetpack_sharing_enabled":true,"_links":{"self":[{"href":"https:\/\/otempoaqui.com.br\/index.php?rest_route=\/wp\/v2\/posts\/31244","targetHints":{"allow":["GET"]}}],"collection":[{"href":"https:\/\/otempoaqui.com.br\/index.php?rest_route=\/wp\/v2\/posts"}],"about":[{"href":"https:\/\/otempoaqui.com.br\/index.php?rest_route=\/wp\/v2\/types\/post"}],"author":[{"embeddable":true,"href":"https:\/\/otempoaqui.com.br\/index.php?rest_route=\/wp\/v2\/users\/2"}],"replies":[{"embeddable":true,"href":"https:\/\/otempoaqui.com.br\/index.php?rest_route=%2Fwp%2Fv2%2Fcomments&post=31244"}],"version-history":[{"count":1,"href":"https:\/\/otempoaqui.com.br\/index.php?rest_route=\/wp\/v2\/posts\/31244\/revisions"}],"predecessor-version":[{"id":31245,"href":"https:\/\/otempoaqui.com.br\/index.php?rest_route=\/wp\/v2\/posts\/31244\/revisions\/31245"}],"wp:attachment":[{"href":"https:\/\/otempoaqui.com.br\/index.php?rest_route=%2Fwp%2Fv2%2Fmedia&parent=31244"}],"wp:term":[{"taxonomy":"category","embeddable":true,"href":"https:\/\/otempoaqui.com.br\/index.php?rest_route=%2Fwp%2Fv2%2Fcategories&post=31244"},{"taxonomy":"post_tag","embeddable":true,"href":"https:\/\/otempoaqui.com.br\/index.php?rest_route=%2Fwp%2Fv2%2Ftags&post=31244"}],"curies":[{"name":"wp","href":"https:\/\/api.w.org\/{rel}","templated":true}]}}