{"id":3069,"date":"2014-05-16T10:09:21","date_gmt":"2014-05-16T15:09:21","guid":{"rendered":"http:\/\/otempoaqui.com\/?p=3069"},"modified":"2014-05-16T10:09:21","modified_gmt":"2014-05-16T15:09:21","slug":"alerta-alta-probabilidade-de-temporais-com-chuvas-intensas-raios-e-ventanias-nesta-sexta-feira-na-maior-parte-do-acre","status":"publish","type":"post","link":"https:\/\/otempoaqui.com.br\/?p=3069","title":{"rendered":"ALERTA: Alta probabilidade de temporais, com chuvas intensas, raios e ventanias, nesta sexta-feira, na maior parte do Acre."},"content":{"rendered":"<p>8h 50min<\/p>\n<p>    As condi\u00e7\u00f5es atmosf\u00e9ricas est\u00e3o favor\u00e1veis \u00e0 ocorr\u00eancia de chuvas intensas, com alta probabilidade de temporais acompanhados de raios, chuvas fortes e ventanias, na maior parte do Acre, nesta sexta-feira, dia 16 de maio.<br \/>\n    A forma\u00e7\u00e3o de uma intensa camada de nuvens sobre o Peru, na fronteira com o Acre, e o seu deslocamento para as dire\u00e7\u00f5es norte e nordeste deixar\u00e1 o tempo fechado, na maior parte do estado, em especial, nas regi\u00f5es de Brasileia e Jord\u00e3o, logo pela manh\u00e3. Rio Branco, Sena Madureira, Feij\u00f3, Santa Rosa do Purus, Tarauac\u00e1, Pl\u00e1cido de Castro e munic\u00edpios pr\u00f3ximos ficar\u00e3o com o dia encoberto e as chuvas dever\u00e3o ocorrer a qualquer hora, com possibilidade, tamb\u00e9m, de muita chuva.<br \/>\n    Na parte da tarde, os munic\u00edpios do Juru\u00e1, tamb\u00e9m, ser\u00e3o atingidos por chuvas fortes localizadas.<br \/>\n    O Tempo Aqui alerta para a possibilidade de temporais fortes, em alguns pontos do Acre, podendo causar s\u00e9rios transtornos \u00e0 popula\u00e7\u00e3o atingida pelo tempo severo, nesta sexta-feira.<\/p>\n","protected":false},"excerpt":{"rendered":"<p>8h 50min As condi\u00e7\u00f5es atmosf\u00e9ricas est\u00e3o favor\u00e1veis \u00e0 ocorr\u00eancia de chuvas intensas, com alta probabilidade de temporais acompanhados de raios, chuvas fortes e ventanias, na maior parte do Acre, nesta sexta-feira, dia 16 de maio. A forma\u00e7\u00e3o de uma intensa camada de nuvens sobre o Peru, na fronteira com o Acre, e o seu deslocamento [&hellip;]<\/p>\n","protected":false},"author":2,"featured_media":0,"comment_status":"open","ping_status":"open","sticky":false,"template":"","format":"standard","meta":{"_jetpack_memberships_contains_paid_content":false,"footnotes":"","jetpack_publicize_message":"","jetpack_publicize_feature_enabled":true,"jetpack_social_post_already_shared":true,"jetpack_social_options":{"image_generator_settings":{"template":"highway","enabled":false},"version":2}},"categories":[1],"tags":[73],"class_list":["post-3069","post","type-post","status-publish","format-standard","hentry","category-geral","tag-alerta-de-temporais"],"jetpack_publicize_connections":[],"jetpack_featured_media_url":"","jetpack_likes_enabled":true,"jetpack_sharing_enabled":true,"_links":{"self":[{"href":"https:\/\/otempoaqui.com.br\/index.php?rest_route=\/wp\/v2\/posts\/3069","targetHints":{"allow":["GET"]}}],"collection":[{"href":"https:\/\/otempoaqui.com.br\/index.php?rest_route=\/wp\/v2\/posts"}],"about":[{"href":"https:\/\/otempoaqui.com.br\/index.php?rest_route=\/wp\/v2\/types\/post"}],"author":[{"embeddable":true,"href":"https:\/\/otempoaqui.com.br\/index.php?rest_route=\/wp\/v2\/users\/2"}],"replies":[{"embeddable":true,"href":"https:\/\/otempoaqui.com.br\/index.php?rest_route=%2Fwp%2Fv2%2Fcomments&post=3069"}],"version-history":[{"count":0,"href":"https:\/\/otempoaqui.com.br\/index.php?rest_route=\/wp\/v2\/posts\/3069\/revisions"}],"wp:attachment":[{"href":"https:\/\/otempoaqui.com.br\/index.php?rest_route=%2Fwp%2Fv2%2Fmedia&parent=3069"}],"wp:term":[{"taxonomy":"category","embeddable":true,"href":"https:\/\/otempoaqui.com.br\/index.php?rest_route=%2Fwp%2Fv2%2Fcategories&post=3069"},{"taxonomy":"post_tag","embeddable":true,"href":"https:\/\/otempoaqui.com.br\/index.php?rest_route=%2Fwp%2Fv2%2Ftags&post=3069"}],"curies":[{"name":"wp","href":"https:\/\/api.w.org\/{rel}","templated":true}]}}