{"id":2999,"date":"2014-05-09T11:09:15","date_gmt":"2014-05-09T16:09:15","guid":{"rendered":"http:\/\/otempoaqui.com\/?p=2999"},"modified":"2014-05-10T16:53:02","modified_gmt":"2014-05-10T21:53:02","slug":"nivel-do-rio-madeira-vai-continuar-baixando-nao-ha-motivos-para-preocupacao-a-ligeira-subida-de-24cm-foi-momentanea-e-ja-continua-baixando","status":"publish","type":"post","link":"https:\/\/otempoaqui.com.br\/?p=2999","title":{"rendered":"N\u00edvel do rio Madeira vai continuar baixando. N\u00e2o h\u00e1 motivos para preocupa\u00e7\u00e3o. A ligeira subida de 24cm foi moment\u00e2nea e j\u00e1 continua baixando."},"content":{"rendered":"<p>10h 30min<\/p>\n<p>Assim como o n\u00edvel do rio Acre, frequente e repentinamente, sobe um pouco, para, logo em seguida, baixar, o mesmo fen\u00f4meno ocorreu com o n\u00edvel do rio Madeira, durante esta semana.<br \/>\nAnalisando os n\u00edveis medidos pela ANA (Ag\u00eancia Nacional de \u00c1guas), nas esta\u00e7\u00f5es do Abun\u00e3, de Guajar\u00e1-Mirim e de Costa Marques, todas acima de Porto Velho, verifica-se que os n\u00edveis dos rios Madeira, Mamor\u00e9 e Guapor\u00e9 est\u00e3o, a cada dia, menores. desde o final de mar\u00e7o.<br \/>\nPortanto, n\u00e3o h\u00e1 nenhum motivo para preocupa\u00e7\u00e3o, pois as chuvas n\u00e3o ser\u00e3o mais intensas, nos pr\u00f3ximos meses, no territ\u00f3rio boliviano, principal \u00e1rea de drenagem do rio Madeira.<br \/>\nA subida repentina de 24 cent\u00edmetros, que ocorreu no n\u00edvel do rio, nos dias 7 e 8 de maio, foi pontual e normal.<br \/>\nObserve o gr\u00e1fico do rio Madeira, na esta\u00e7\u00e3o do Abun\u00e3, onde mostra a varia\u00e7\u00e3o do seu n\u00edvel desde o dia 25 de mar\u00e7o at\u00e9 esta sexta-feira, dia 9 de maio. Pode-se observar que a curva \u00e9 descendente, em todo esse per\u00edodo, com alguma exce\u00e7\u00f5es pontuais, quando se percebe uma ligeira eleva\u00e7\u00e3o, em alguns momentos, por\u00e9m, na sequ\u00eancia cai rapidamente, mantendo a descida do n\u00edvel.<\/p>\n<p><a href=\"http:\/\/www.otempoaqui.com.br\/noticia-destaque\/nivel-do-rio-madeira-vai-continuar-baixando-nao-ha-motivos-para-preocupacao-a-ligeira-subida-de-24cm-foi-momentanea-e-ja-continua-baixando\"><img data-recalc-dims=\"1\" loading=\"lazy\" decoding=\"async\" title=\"N\u00edvel do rio Madeira vai continuar baixando. N\u00e2o h\u00e1 motivos para preocupa\u00e7\u00e3o. A ligeira subida de 24cm foi moment\u00e2nea e j\u00e1 continua baixando.\" alt=\"N\u00edvel do rio Madeira vai continuar baixando. N\u00e2o h\u00e1 motivos para preocupa\u00e7\u00e3o. A ligeira subida de 24cm foi moment\u00e2nea e j\u00e1 continua baixando.\" src=\"https:\/\/i0.wp.com\/www.otempoaqui.com.br\/noticias\/noticias_09052014130243.jpg?resize=570%2C300\" width=\"570\" height=\"300\" border=\"0\" \/><\/a><\/p>\n","protected":false},"excerpt":{"rendered":"<p>10h 30min Assim como o n\u00edvel do rio Acre, frequente e repentinamente, sobe um pouco, para, logo em seguida, baixar, o mesmo fen\u00f4meno ocorreu com o n\u00edvel do rio Madeira, durante esta semana. Analisando os n\u00edveis medidos pela ANA (Ag\u00eancia Nacional de \u00c1guas), nas esta\u00e7\u00f5es do Abun\u00e3, de Guajar\u00e1-Mirim e de Costa Marques, todas acima [&hellip;]<\/p>\n","protected":false},"author":2,"featured_media":0,"comment_status":"open","ping_status":"open","sticky":false,"template":"","format":"standard","meta":{"_jetpack_memberships_contains_paid_content":false,"footnotes":"","jetpack_publicize_message":"","jetpack_publicize_feature_enabled":true,"jetpack_social_post_already_shared":true,"jetpack_social_options":{"image_generator_settings":{"template":"highway","enabled":false},"version":2}},"categories":[1],"tags":[92],"class_list":["post-2999","post","type-post","status-publish","format-standard","hentry","category-geral","tag-rio-madeira"],"jetpack_publicize_connections":[],"jetpack_featured_media_url":"","jetpack_likes_enabled":true,"jetpack_sharing_enabled":true,"_links":{"self":[{"href":"https:\/\/otempoaqui.com.br\/index.php?rest_route=\/wp\/v2\/posts\/2999","targetHints":{"allow":["GET"]}}],"collection":[{"href":"https:\/\/otempoaqui.com.br\/index.php?rest_route=\/wp\/v2\/posts"}],"about":[{"href":"https:\/\/otempoaqui.com.br\/index.php?rest_route=\/wp\/v2\/types\/post"}],"author":[{"embeddable":true,"href":"https:\/\/otempoaqui.com.br\/index.php?rest_route=\/wp\/v2\/users\/2"}],"replies":[{"embeddable":true,"href":"https:\/\/otempoaqui.com.br\/index.php?rest_route=%2Fwp%2Fv2%2Fcomments&post=2999"}],"version-history":[{"count":0,"href":"https:\/\/otempoaqui.com.br\/index.php?rest_route=\/wp\/v2\/posts\/2999\/revisions"}],"wp:attachment":[{"href":"https:\/\/otempoaqui.com.br\/index.php?rest_route=%2Fwp%2Fv2%2Fmedia&parent=2999"}],"wp:term":[{"taxonomy":"category","embeddable":true,"href":"https:\/\/otempoaqui.com.br\/index.php?rest_route=%2Fwp%2Fv2%2Fcategories&post=2999"},{"taxonomy":"post_tag","embeddable":true,"href":"https:\/\/otempoaqui.com.br\/index.php?rest_route=%2Fwp%2Fv2%2Ftags&post=2999"}],"curies":[{"name":"wp","href":"https:\/\/api.w.org\/{rel}","templated":true}]}}