{"id":29181,"date":"2022-04-08T14:54:13","date_gmt":"2022-04-08T19:54:13","guid":{"rendered":"https:\/\/otempoaqui.com.br\/?p=29181"},"modified":"2022-04-08T14:54:17","modified_gmt":"2022-04-08T19:54:17","slug":"fim-de-semana-quente-com-chuvas-passageiras-e-pontuais","status":"publish","type":"post","link":"https:\/\/otempoaqui.com.br\/?p=29181","title":{"rendered":"Fim de semana quente, com chuvas passageiras e pontuais"},"content":{"rendered":"<div class=\"has-text-align-center wp-block-post-date\"><time datetime=\"2022-04-08T14:54:13-05:00\">8 de abril de 2022, 14:54<\/time><\/div>\n\n\n<hr class=\"wp-block-separator\"\/>\n\n\n\n<div class=\"wp-block-cover is-light\" style=\"min-height:106px;aspect-ratio:unset;\"><span aria-hidden=\"true\" class=\"has-pale-cyan-blue-background-color has-background-dim-20 wp-block-cover__gradient-background has-background-dim\"><\/span><div class=\"wp-block-cover__inner-container is-layout-flow wp-block-cover-is-layout-flow\">\n<h2 class=\"has-text-align-center wp-block-heading\"><mark style=\"background-color:rgba(0, 0, 0, 0);color:#41007d\" class=\"has-inline-color\"><em>N\u00edvel do rio Acre, em Rio Branco, deve ficar abaixo de 9m at\u00e9 segunda-feira<\/em><\/mark><\/h2>\n<\/div><\/div>\n\n\n\n<div class=\"wp-block-cover is-light\" style=\"min-height:291px;aspect-ratio:unset;\"><span aria-hidden=\"true\" class=\"has-luminous-vivid-amber-background-color has-background-dim-10 wp-block-cover__gradient-background has-background-dim\"><\/span><div class=\"wp-block-cover__inner-container is-layout-flow wp-block-cover-is-layout-flow\">\n<h2 class=\"has-text-align-center wp-block-heading\"><em><mark style=\"background-color:rgba(0, 0, 0, 0);color:#a50000\" class=\"has-inline-color\">Calor, com chuvas passageiras e pontuais, marcar\u00e3o este fim de semana<\/mark><\/em><\/h2>\n\n\n\n<div class=\"wp-block-columns is-layout-flex wp-container-core-columns-is-layout-8f761849 wp-block-columns-is-layout-flex\">\n<div class=\"wp-block-column is-layout-flow wp-block-column-is-layout-flow\">\n<div class=\"wp-block-cover is-light\" style=\"min-height:172px;aspect-ratio:unset;\"><span aria-hidden=\"true\" class=\"has-light-green-cyan-background-color has-background-dim-30 wp-block-cover__gradient-background has-background-dim\"><\/span><div class=\"wp-block-cover__inner-container is-layout-flow wp-block-cover-is-layout-flow\">\n<h2 class=\"has-text-align-center wp-block-heading\"><em><mark style=\"background-color:rgba(0, 0, 0, 0);color:#8400ff\" class=\"has-inline-color\">Tempo segue sem mudan\u00e7as no Acre at\u00e9 o pr\u00f3ximo dia 13 de abril<\/mark><\/em><\/h2>\n<\/div><\/div>\n<\/div>\n\n\n\n<div class=\"wp-block-column is-layout-flow wp-block-column-is-layout-flow\">\n<div class=\"wp-block-cover is-light\" style=\"min-height:175px;aspect-ratio:unset;\"><span aria-hidden=\"true\" class=\"has-light-green-cyan-background-color has-background-dim-30 wp-block-cover__gradient-background has-background-dim\"><\/span><div class=\"wp-block-cover__inner-container is-layout-flow wp-block-cover-is-layout-flow\">\n<h2 class=\"has-text-align-center wp-block-heading\"><em><mark style=\"background-color:rgba(0, 0, 0, 0);color:#8400ff\" class=\"has-inline-color\">Frio polar chegar\u00e1 ao Acre no dia 14, com fraca ou m\u00e9dia intensidade<\/mark><\/em><\/h2>\n<\/div><\/div>\n<\/div>\n<\/div>\n\n\n\n<h2 class=\"has-text-align-center wp-block-heading\"><em><mark style=\"background-color:rgba(0, 0, 0, 0);color:#950000\" class=\"has-inline-color\">Confira, tamb\u00e9m, o n\u00edvel atual e a tend\u00eancia dos principais rios acreanos<\/mark><\/em><\/h2>\n<\/div><\/div>\n\n\n\n<hr class=\"wp-block-separator\"\/>\n\n\n\n<h2 class=\"has-text-align-center wp-block-heading\"><mark style=\"background-color:rgba(0, 0, 0, 0)\" class=\"has-inline-color has-black-color\">Calor e chuvas passageiras e pontuais neste fim de semana<\/mark><\/h2>\n\n\n\n<p class=\"wp-block-paragraph\" style=\"font-size:17px\">&nbsp; &nbsp; &nbsp; <span style=\"color: #000000;\">Fim de semana, dias 9 e 10 de abril, no Acre, ser\u00e1 com tempo quente em todos os munic\u00edpios. As chuvas podem ocorrer, mas, de um modo geral, ser\u00e3o passageiras e pontuais.<\/span><\/p>\n\n\n\n<p class=\"wp-block-paragraph\" style=\"font-size:17px\"><span style=\"color: #000000;\">&nbsp; &nbsp; &nbsp; No domingo, o dia fica ventilado no estado, tendo em vista a forma\u00e7\u00e3o de um centro de baixa press\u00e3o atmosf\u00e9rica na Argentina, para onde convergem os ventos da Amaz\u00f4nia Ocidental, que estar\u00e3o soprando, neste fim de semana, da dire\u00e7\u00e3o noroeste, com varia\u00e7\u00f5es de oeste e do norte, \u00e0s vezes, de nordeste.<\/span><\/p>\n\n\n\n<p class=\"wp-block-paragraph\" style=\"font-size:17px\"><span style=\"color: #000000;\">&nbsp; &nbsp; &nbsp; A temperatura m\u00e1xima, durante a tarde, vai oscilar entre 31 e 34\u00baC, podendo chegar a 35\u00baC, em alguns munic\u00edpios. J\u00e1, a m\u00ednima varia entre 21 e 24\u00baC, no in\u00edcio dia.<\/span><\/p>\n\n\n\n<p class=\"wp-block-paragraph\" style=\"font-size:17px\"><span style=\"color: #000000;\">&nbsp; &nbsp; &nbsp; O tempo, no Acre, n\u00e3o muda at\u00e9 o pr\u00f3ximo dia 13 de abril. J\u00e1, no dia 14, chegar\u00e1 ao estado mais uma onda de frio polar de fraca ou m\u00e9dia intensidade, cujas informa\u00e7\u00f5es mais precisas estaremos publicando nesta segunda-feira (11\/4\/2022), por volta das 13h.<\/span><\/p>\n\n\n\n<h2 class=\"has-text-align-center wp-block-heading\"><mark style=\"background-color:rgba(0, 0, 0, 0)\" class=\"has-inline-color has-black-color\">N\u00edveis dos rios baixam rapidamente<\/mark><\/h2>\n\n\n\n<p class=\"wp-block-paragraph\" style=\"font-size:17px\">\u00a0 \u00a0 \u00a0 <span style=\"color: #000000;\">Como previsto e publicado por n\u00f3s, a redu\u00e7\u00e3o das chuvas provocou a r\u00e1pida diminui\u00e7\u00e3o do n\u00edvel dos principais rios do Acre. Esta redu\u00e7\u00e3o vai continuar pelos pr\u00f3ximos dias, tendo em vista que as chuvas v\u00e3o continuar abaixo da m\u00e9dia.<\/span><\/p>\n\n\n\n<p class=\"wp-block-paragraph\" style=\"font-size:17px\"><span style=\"color: #000000;\">&nbsp; &nbsp; &nbsp; Em Rio Branco, o n\u00edvel do rio Acre dever\u00e1 ficar abaixo de 9m at\u00e9 a pr\u00f3xima segunda-feira.<\/span><\/p>\n\n\n\n<p class=\"wp-block-paragraph\" style=\"font-size:17px\"><span style=\"color: #000000;\">&nbsp; &nbsp; &nbsp; Confira o n\u00edvel atual, nesta sexta-feira (8\/4\/2022), \u00e0s 14h, e sua compara\u00e7\u00e3o com as \u00faltimas 48h dos principais rios acreanos:<\/span><\/p>\n\n\n\n<figure class=\"wp-block-table is-style-stripes\"><table><thead><tr><th class=\"has-text-align-center\" data-align=\"center\"><strong>CIDADE<\/strong><\/th><th class=\"has-text-align-center\" data-align=\"center\"><strong>N\u00cdVEL ATUAL<\/strong><\/th><th class=\"has-text-align-center\" data-align=\"center\"><strong>N\u00cdVEL H\u00c1<\/strong><br><strong>48 HORAS<\/strong><\/th><th class=\"has-text-align-center\" data-align=\"center\"><strong>VARIA\u00c7\u00c3O EM<\/strong><br><strong>48 HORAS<\/strong><\/th><\/tr><\/thead><tbody><tr><td class=\"has-text-align-center\" data-align=\"center\"><strong>RIO BRANCO<\/strong><\/td><td class=\"has-text-align-center\" data-align=\"center\"><strong>10,7m<\/strong><\/td><td class=\"has-text-align-center\" data-align=\"center\"><strong>12,4m<\/strong><\/td><td class=\"has-text-align-center\" data-align=\"center\"><strong>Menos 1,7m<\/strong><\/td><\/tr><tr><td class=\"has-text-align-center\" data-align=\"center\"><strong>CRUZEIRO DO SUL<\/strong><\/td><td class=\"has-text-align-center\" data-align=\"center\"><strong>12,5m<\/strong><\/td><td class=\"has-text-align-center\" data-align=\"center\"><strong>13,4m<\/strong><\/td><td class=\"has-text-align-center\" data-align=\"center\"><strong>Menos 0,9m<\/strong><\/td><\/tr><tr><td class=\"has-text-align-center\" data-align=\"center\"><strong>SENA MADUREIRA<\/strong><\/td><td class=\"has-text-align-center\" data-align=\"center\">Sem dados<\/td><td class=\"has-text-align-center\" data-align=\"center\">&#8211;<\/td><td class=\"has-text-align-center\" data-align=\"center\">&#8211;<\/td><\/tr><tr><td class=\"has-text-align-center\" data-align=\"center\"><strong>TARAUAC\u00c1<\/strong><\/td><td class=\"has-text-align-center\" data-align=\"center\"><strong>5,4m<\/strong><\/td><td class=\"has-text-align-center\" data-align=\"center\"><strong>5,5m<\/strong><\/td><td class=\"has-text-align-center\" data-align=\"center\"><strong>Menos 0,1m<\/strong><\/td><\/tr><tr><td class=\"has-text-align-center\" data-align=\"center\"><strong>MANUEL URBANO<\/strong><\/td><td class=\"has-text-align-center\" data-align=\"center\">Sem dados<\/td><td class=\"has-text-align-center\" data-align=\"center\">&#8211;<\/td><td class=\"has-text-align-center\" data-align=\"center\">&#8211;<\/td><\/tr><tr><td class=\"has-text-align-center\" data-align=\"center\"><strong>XAPURI<\/strong><\/td><td class=\"has-text-align-center\" data-align=\"center\"><strong>4,3m<\/strong><\/td><td class=\"has-text-align-center\" data-align=\"center\"><strong>4,6m<\/strong><\/td><td class=\"has-text-align-center\" data-align=\"center\"><strong>Menos 0,3m<\/strong><\/td><\/tr><tr><td class=\"has-text-align-center\" data-align=\"center\"><strong>BRASILEIA<\/strong><\/td><td class=\"has-text-align-center\" data-align=\"center\"><strong>2,5m<\/strong><\/td><td class=\"has-text-align-center\" data-align=\"center\"><strong>2,8m<\/strong><\/td><td class=\"has-text-align-center\" data-align=\"center\"><strong>Menos 0,3m<\/strong><\/td><\/tr><tr><td class=\"has-text-align-center\" data-align=\"center\"><strong>ASSIS BRASIL<\/strong><\/td><td class=\"has-text-align-center\" data-align=\"center\"><strong>3,5m<\/strong><\/td><td class=\"has-text-align-center\" data-align=\"center\"><strong>3,1m<\/strong><\/td><td class=\"has-text-align-center\" data-align=\"center\"><strong>Mais 0,4m<\/strong><\/td><\/tr><tr><td class=\"has-text-align-center\" data-align=\"center\"><strong>PL\u00c1CIDO DE CASTRO<\/strong><\/td><td class=\"has-text-align-center\" data-align=\"center\"><strong>11,5m<\/strong><\/td><td class=\"has-text-align-center\" data-align=\"center\"><strong>11,8m<\/strong><\/td><td class=\"has-text-align-center\" data-align=\"center\"><strong>Menos 0,3m<\/strong><\/td><\/tr><tr><td class=\"has-text-align-center\" data-align=\"center\"><strong>FEIJ\u00d3<\/strong><\/td><td class=\"has-text-align-center\" data-align=\"center\">Sem dados<\/td><td class=\"has-text-align-center\" data-align=\"center\">&#8211;<\/td><td class=\"has-text-align-center\" data-align=\"center\">&#8211;<\/td><\/tr><tr><td class=\"has-text-align-center\" data-align=\"center\"><strong>CAPIXABA (RIO ACRE)<\/strong><\/td><td class=\"has-text-align-center\" data-align=\"center\"><strong>5,1m<\/strong><\/td><td class=\"has-text-align-center\" data-align=\"center\"><strong>6,1m<\/strong><\/td><td class=\"has-text-align-center\" data-align=\"center\"><strong>Menos 1,0m<\/strong><\/td><\/tr><\/tbody><\/table><figcaption><em><mark style=\"background-color:rgba(0, 0, 0, 0);color:#ff0000\" class=\"has-inline-color\">Dados da Ag\u00eancia Nacional de \u00c1guas e da Defesa Civil de alguns munic\u00edpios<\/mark><\/em><\/figcaption><\/figure>\n","protected":false},"excerpt":{"rendered":"<p>Calor e chuvas passageiras e pontuais neste fim de semana &nbsp; &nbsp; &nbsp; Fim de semana, dias 9 e 10 de abril, no Acre, ser\u00e1 com tempo quente em todos os munic\u00edpios. As chuvas podem ocorrer, mas, de um modo geral, ser\u00e3o passageiras e pontuais. &nbsp; &nbsp; &nbsp; No domingo, o dia fica ventilado no [&hellip;]<\/p>\n","protected":false},"author":2,"featured_media":0,"comment_status":"open","ping_status":"open","sticky":false,"template":"","format":"standard","meta":{"_jetpack_memberships_contains_paid_content":false,"footnotes":"","jetpack_publicize_message":"","jetpack_publicize_feature_enabled":true,"jetpack_social_post_already_shared":true,"jetpack_social_options":{"image_generator_settings":{"template":"highway","enabled":false},"version":2}},"categories":[193],"tags":[244,39,267,157,23,46,250,26,111],"class_list":["post-29181","post","type-post","status-publish","format-standard","hentry","category-previsao-do-tempo","tag-calor","tag-nivel-do-rio-acre","tag-nivel-do-rio-jurua","tag-nivel-dos-rios","tag-previsao-do-tempo","tag-previsao-do-tempo-para-os-proximos-dias","tag-previsao-para-o-fim-de-semana","tag-previsao-para-os-proximos-dias","tag-sol-e-calor"],"jetpack_publicize_connections":[],"jetpack_featured_media_url":"","jetpack_likes_enabled":true,"jetpack_sharing_enabled":true,"_links":{"self":[{"href":"https:\/\/otempoaqui.com.br\/index.php?rest_route=\/wp\/v2\/posts\/29181","targetHints":{"allow":["GET"]}}],"collection":[{"href":"https:\/\/otempoaqui.com.br\/index.php?rest_route=\/wp\/v2\/posts"}],"about":[{"href":"https:\/\/otempoaqui.com.br\/index.php?rest_route=\/wp\/v2\/types\/post"}],"author":[{"embeddable":true,"href":"https:\/\/otempoaqui.com.br\/index.php?rest_route=\/wp\/v2\/users\/2"}],"replies":[{"embeddable":true,"href":"https:\/\/otempoaqui.com.br\/index.php?rest_route=%2Fwp%2Fv2%2Fcomments&post=29181"}],"version-history":[{"count":2,"href":"https:\/\/otempoaqui.com.br\/index.php?rest_route=\/wp\/v2\/posts\/29181\/revisions"}],"predecessor-version":[{"id":29183,"href":"https:\/\/otempoaqui.com.br\/index.php?rest_route=\/wp\/v2\/posts\/29181\/revisions\/29183"}],"wp:attachment":[{"href":"https:\/\/otempoaqui.com.br\/index.php?rest_route=%2Fwp%2Fv2%2Fmedia&parent=29181"}],"wp:term":[{"taxonomy":"category","embeddable":true,"href":"https:\/\/otempoaqui.com.br\/index.php?rest_route=%2Fwp%2Fv2%2Fcategories&post=29181"},{"taxonomy":"post_tag","embeddable":true,"href":"https:\/\/otempoaqui.com.br\/index.php?rest_route=%2Fwp%2Fv2%2Ftags&post=29181"}],"curies":[{"name":"wp","href":"https:\/\/api.w.org\/{rel}","templated":true}]}}