{"id":29121,"date":"2022-04-05T12:42:00","date_gmt":"2022-04-05T17:42:00","guid":{"rendered":"https:\/\/otempoaqui.com.br\/?p=29121"},"modified":"2022-04-05T12:47:28","modified_gmt":"2022-04-05T17:47:28","slug":"calor-sol-com-nuvens-e-chuvas-passageiras-e-pontuais-nos-proximos-dias","status":"publish","type":"post","link":"https:\/\/otempoaqui.com.br\/?p=29121","title":{"rendered":"Calor, sol com nuvens e chuvas passageiras e pontuais nos pr\u00f3ximos dias"},"content":{"rendered":"<div class=\"has-text-align-center wp-block-post-date\"><time datetime=\"2022-04-05T12:42:00-05:00\">5 de abril de 2022, 12:42<\/time><\/div>\n\n\n<hr class=\"wp-block-separator\"\/>\n\n\n\n<div class=\"wp-block-cover\" style=\"min-height:69px;aspect-ratio:unset;\"><span aria-hidden=\"true\" class=\"has-vivid-cyan-blue-background-color has-background-dim-20 wp-block-cover__gradient-background has-background-dim\"><\/span><div class=\"wp-block-cover__inner-container is-layout-flow wp-block-cover-is-layout-flow\">\n<h2 class=\"has-text-align-center wp-block-heading\"><em><mark style=\"background-color:rgba(0, 0, 0, 0);color:#007124\" class=\"has-inline-color\">N\u00edvel do rio Acre, em Rio Branco, vai baixar rapidamente<\/mark><\/em><\/h2>\n<\/div><\/div>\n\n\n\n<div class=\"wp-block-cover is-light\" style=\"min-height:215px;aspect-ratio:unset;\"><span aria-hidden=\"true\" class=\"has-cyan-bluish-gray-background-color has-background-dim-40 wp-block-cover__gradient-background has-background-dim\"><\/span><div class=\"wp-block-cover__inner-container is-layout-flow wp-block-cover-is-layout-flow\">\n<h2 class=\"has-text-align-center wp-block-heading\"><em><mark style=\"background-color:rgba(0, 0, 0, 0)\" class=\"has-inline-color has-vivid-red-color\">Pouca chuva no Acre, pelo menos at\u00e9 o pr\u00f3ximo dia 13 de abril<\/mark><\/em><\/h2>\n\n\n\n<div class=\"wp-block-columns is-layout-flex wp-container-core-columns-is-layout-8f761849 wp-block-columns-is-layout-flex\">\n<div class=\"wp-block-column is-layout-flow wp-block-column-is-layout-flow\">\n<div class=\"wp-block-cover is-light\" style=\"min-height:153px;aspect-ratio:unset;\"><span aria-hidden=\"true\" class=\"has-luminous-vivid-amber-background-color has-background-dim-100 wp-block-cover__gradient-background has-background-dim\"><\/span><div class=\"wp-block-cover__inner-container is-layout-flow wp-block-cover-is-layout-flow\">\n<h2 class=\"has-text-align-center wp-block-heading\"><em><mark style=\"background-color:#ffdbe4;color:#1500e5\" class=\"has-inline-color\">Calor, com sol e nuvens, predominar\u00e1 nos pr\u00f3ximos dias<\/mark><\/em><\/h2>\n<\/div><\/div>\n<\/div>\n\n\n\n<div class=\"wp-block-column is-layout-flow wp-block-column-is-layout-flow\">\n<div class=\"wp-block-cover is-light\" style=\"min-height:153px;aspect-ratio:unset;\"><span aria-hidden=\"true\" class=\"has-luminous-vivid-amber-background-color has-background-dim-100 wp-block-cover__gradient-background has-background-dim\"><\/span><div class=\"wp-block-cover__inner-container is-layout-flow wp-block-cover-is-layout-flow\">\n<h2 class=\"has-text-align-center wp-block-heading\"><em><mark style=\"background-color:#ffdee6;color:#1600f2\" class=\"has-inline-color\">Chuvas fortes poder\u00e3o ocorrer apenas de forma passageira e pontual<\/mark><\/em><\/h2>\n<\/div><\/div>\n<\/div>\n<\/div>\n\n\n\n<h2 class=\"has-text-align-center wp-block-heading\"><em><mark style=\"background-color:rgba(0, 0, 0, 0)\" class=\"has-inline-color has-vivid-red-color\">Confira o n\u00edvel e a tend\u00eancia atuais dos principais rios acreanos<\/mark><\/em><\/h2>\n<\/div><\/div>\n\n\n\n<hr class=\"wp-block-separator\"\/>\n\n\n\n<h2 class=\"has-text-align-center wp-block-heading\"><mark style=\"background-color:rgba(0, 0, 0, 0)\" class=\"has-inline-color has-black-color\">Tempo quente, com sol e nuvens, vai predominar<\/mark><\/h2>\n\n\n\n<p class=\"wp-block-paragraph\" style=\"font-size:18px\">&nbsp; &nbsp; &nbsp; <span style=\"color: #000000;\">Pelo menos at\u00e9 o pr\u00f3ximo dia 13 de abril, o tempo quente, com sol e nuvens, vai predominar no Acre. As chuvas v\u00e3o ocorrer, por\u00e9m, de um modo geral, ser\u00e3o r\u00e1pidas e pontuais, exceto num ou noutro dia, quando poder\u00e3o ser fortes e, at\u00e9, acompanhadas de raios, principalmente entre quinta-feira e sexta-feira pr\u00f3ximas.<\/span><\/p>\n\n\n\n<p class=\"wp-block-paragraph\" style=\"font-size:18px\"><span style=\"color: #000000;\">&nbsp; &nbsp; &nbsp; As temperaturas di\u00e1rias estar\u00e3o oscilando entre 21 e 24\u00baC, para as m\u00ednimas, no in\u00edcio do dia, e entre 31 e 34\u00baC, para as m\u00e1ximas, durante a tarde, exceto quando chover no in\u00edcio da tarde, cujas m\u00e1ximas poder\u00e3o ficar entre 29 e 32\u00baC.<\/span><\/p>\n\n\n\n<p class=\"wp-block-paragraph\" style=\"font-size:18px\"><span style=\"color: #000000;\">&nbsp; &nbsp; &nbsp; Os ventos, nesses dias, estar\u00e3o soprando entre fracos e calmos, da dire\u00e7\u00e3o norte, com varia\u00e7\u00f5es de noroeste e de nordeste.<\/span><\/p>\n\n\n\n<h2 class=\"has-text-align-center wp-block-heading\"><mark style=\"background-color:rgba(0, 0, 0, 0)\" class=\"has-inline-color has-black-color\">N\u00edveis dos rios baixam rapidamente<\/mark><\/h2>\n\n\n\n<p class=\"wp-block-paragraph\" style=\"font-size:18px\">&nbsp; &nbsp; &nbsp; <span style=\"color: #000000;\">Tendo em vista as poucas chuvas nos pr\u00f3ximos dias, os n\u00edveis de todos os rios do Acre estar\u00e3o baixando, sem oferecer perigo de novas inunda\u00e7\u00f5es.<\/span><\/p>\n\n\n\n<p class=\"wp-block-paragraph\" style=\"font-size:18px\"><span style=\"color: #000000;\">&nbsp; &nbsp; &nbsp; Em Rio Branco, o n\u00edvel do rio Acre, que, nesta ter\u00e7a-feira, j\u00e1 estava abaixo de 13 metros, vai baixar rapidamente, devendo ficar inferior a 9 metros at\u00e9 o fim de semana.<\/span><\/p>\n\n\n\n<p class=\"wp-block-paragraph\" style=\"font-size:18px\"><span style=\"color: #000000;\">&nbsp; &nbsp; &nbsp; Confira o n\u00edvel e a tend\u00eancia atuais, nesta ter\u00e7a-feira (5\/4\/2022), \u00e0s 12h, dos principais rios do estado:<\/span><\/p>\n\n\n\n<figure class=\"wp-block-table is-style-stripes\"><table><thead><tr><th class=\"has-text-align-center\" data-align=\"center\"><strong><mark style=\"background-color:rgba(0, 0, 0, 0)\" class=\"has-inline-color has-vivid-red-color\">CIDADE<\/mark><\/strong><\/th><th class=\"has-text-align-center\" data-align=\"center\"><strong><mark style=\"background-color:rgba(0, 0, 0, 0)\" class=\"has-inline-color has-vivid-red-color\">N\u00cdVEL ATUAL<\/mark><\/strong><\/th><th class=\"has-text-align-center\" data-align=\"center\"><strong><mark style=\"background-color:rgba(0, 0, 0, 0)\" class=\"has-inline-color has-vivid-red-color\">N\u00cdVEL H\u00c1<\/mark><\/strong><br><strong><mark style=\"background-color:rgba(0, 0, 0, 0)\" class=\"has-inline-color has-vivid-red-color\">24 HORAS<\/mark><\/strong><\/th><th class=\"has-text-align-center\" data-align=\"center\"><strong><mark style=\"background-color:rgba(0, 0, 0, 0)\" class=\"has-inline-color has-vivid-red-color\">VARIA\u00c7\u00c3O<\/mark><\/strong><\/th><\/tr><\/thead><tbody><tr><td class=\"has-text-align-center\" data-align=\"center\"><strong><mark style=\"background-color:rgba(0, 0, 0, 0)\" class=\"has-inline-color has-vivid-purple-color\">Rio Branco<\/mark><\/strong><\/td><td class=\"has-text-align-center\" data-align=\"center\"><strong>13,1m<\/strong><\/td><td class=\"has-text-align-center\" data-align=\"center\"><strong>13,5m<\/strong><\/td><td class=\"has-text-align-center\" data-align=\"center\"><strong>Menos 0,4m<\/strong><\/td><\/tr><tr><td class=\"has-text-align-center\" data-align=\"center\"><strong><mark style=\"background-color:rgba(0, 0, 0, 0)\" class=\"has-inline-color has-vivid-purple-color\">Cruzeiro do Sul<\/mark><\/strong><\/td><td class=\"has-text-align-center\" data-align=\"center\"><strong><mark style=\"background-color:rgba(0, 0, 0, 0)\" class=\"has-inline-color has-vivid-red-color\">13,5m<\/mark><\/strong><\/td><td class=\"has-text-align-center\" data-align=\"center\"><strong><mark style=\"background-color:rgba(0, 0, 0, 0)\" class=\"has-inline-color has-vivid-red-color\">13,4m<\/mark><\/strong><\/td><td class=\"has-text-align-center\" data-align=\"center\"><strong><mark style=\"background-color:rgba(0, 0, 0, 0)\" class=\"has-inline-color has-vivid-red-color\">Mais 0,1m<\/mark><\/strong><\/td><\/tr><tr><td class=\"has-text-align-center\" data-align=\"center\"><strong><mark style=\"background-color:rgba(0, 0, 0, 0)\" class=\"has-inline-color has-vivid-purple-color\">Sena Madureira<\/mark><\/strong><\/td><td class=\"has-text-align-center\" data-align=\"center\">Sem dados<\/td><td class=\"has-text-align-center\" data-align=\"center\">Sem dados<\/td><td class=\"has-text-align-center\" data-align=\"center\"><strong>&#8211;<\/strong><\/td><\/tr><tr><td class=\"has-text-align-center\" data-align=\"center\"><strong><mark style=\"background-color:rgba(0, 0, 0, 0)\" class=\"has-inline-color has-vivid-purple-color\">Tarauac\u00e1<\/mark><\/strong><\/td><td class=\"has-text-align-center\" data-align=\"center\"><strong>5,9m<\/strong><\/td><td class=\"has-text-align-center\" data-align=\"center\"><strong>7,5m<\/strong><\/td><td class=\"has-text-align-center\" data-align=\"center\"><strong>Menos 1,6m<\/strong><\/td><\/tr><tr><td class=\"has-text-align-center\" data-align=\"center\"><strong><mark style=\"background-color:rgba(0, 0, 0, 0)\" class=\"has-inline-color has-vivid-purple-color\">Manuel Urbano<\/mark><\/strong><\/td><td class=\"has-text-align-center\" data-align=\"center\">Sem dados<\/td><td class=\"has-text-align-center\" data-align=\"center\">Sem dados<\/td><td class=\"has-text-align-center\" data-align=\"center\"><strong>&#8211;<\/strong><\/td><\/tr><tr><td class=\"has-text-align-center\" data-align=\"center\"><strong><mark style=\"background-color:rgba(0, 0, 0, 0)\" class=\"has-inline-color has-vivid-purple-color\">Xapuri<\/mark><\/strong><\/td><td class=\"has-text-align-center\" data-align=\"center\"><strong>5,1m<\/strong><\/td><td class=\"has-text-align-center\" data-align=\"center\"><strong>5,7m<\/strong><\/td><td class=\"has-text-align-center\" data-align=\"center\"><strong>Menos 0,6m<\/strong><\/td><\/tr><tr><td class=\"has-text-align-center\" data-align=\"center\"><strong><mark style=\"background-color:rgba(0, 0, 0, 0)\" class=\"has-inline-color has-vivid-purple-color\">Brasileia<\/mark><\/strong><\/td><td class=\"has-text-align-center\" data-align=\"center\"><strong>2,9m<\/strong><\/td><td class=\"has-text-align-center\" data-align=\"center\"><strong>3,2m<\/strong><\/td><td class=\"has-text-align-center\" data-align=\"center\"><strong>Menos 0,3m<\/strong><\/td><\/tr><tr><td class=\"has-text-align-center\" data-align=\"center\"><strong><mark style=\"background-color:rgba(0, 0, 0, 0)\" class=\"has-inline-color has-vivid-purple-color\">Assis Brasil<\/mark><\/strong><\/td><td class=\"has-text-align-center\" data-align=\"center\"><strong>3,2m<\/strong><\/td><td class=\"has-text-align-center\" data-align=\"center\"><strong>3,4m<\/strong><\/td><td class=\"has-text-align-center\" data-align=\"center\"><strong>Menos 0,2m<\/strong><\/td><\/tr><tr><td class=\"has-text-align-center\" data-align=\"center\"><strong><mark style=\"background-color:rgba(0, 0, 0, 0)\" class=\"has-inline-color has-vivid-purple-color\">Pl\u00e1cido de Castro<\/mark><\/strong><\/td><td class=\"has-text-align-center\" data-align=\"center\"><strong>12,0m<\/strong><\/td><td class=\"has-text-align-center\" data-align=\"center\"><strong>12,1m<\/strong><\/td><td class=\"has-text-align-center\" data-align=\"center\"><strong>Menos 0,1m<\/strong><\/td><\/tr><tr><td class=\"has-text-align-center\" data-align=\"center\"><strong><mark style=\"background-color:rgba(0, 0, 0, 0)\" class=\"has-inline-color has-vivid-purple-color\">Feij\u00f3<\/mark><\/strong><\/td><td class=\"has-text-align-center\" data-align=\"center\">Sem dados<\/td><td class=\"has-text-align-center\" data-align=\"center\"><strong>8,9m<\/strong><\/td><td class=\"has-text-align-center\" data-align=\"center\"><strong>&#8211;<\/strong><\/td><\/tr><tr><td class=\"has-text-align-center\" data-align=\"center\"><mark style=\"background-color:rgba(0, 0, 0, 0)\" class=\"has-inline-color has-vivid-purple-color\"><strong>Capixaba (rio Acre)<\/strong><\/mark><\/td><td class=\"has-text-align-center\" data-align=\"center\"><strong>6,7m<\/strong><\/td><td class=\"has-text-align-center\" data-align=\"center\"><strong>7,7m<\/strong><\/td><td class=\"has-text-align-center\" data-align=\"center\"><strong>Menos 1,0m<\/strong><\/td><\/tr><\/tbody><\/table><figcaption><strong><em><mark style=\"background-color:rgba(0, 0, 0, 0);color:#ff0000\" class=\"has-inline-color\">Dados fornecidos pela Ag\u00eancia Nacional de \u00c1guas e pela Defesa Civil de alguns munic\u00edpios<\/mark><\/em><\/strong><\/figcaption><\/figure>\n\n\n\n<h2 class=\"has-text-align-center wp-block-heading\"><mark style=\"background-color:rgba(0, 0, 0, 0)\" class=\"has-inline-color has-black-color\">Pr\u00f3xima onda de frio<\/mark><\/h2>\n\n\n\n<p class=\"wp-block-paragraph\" style=\"font-size:18px\">&nbsp; &nbsp; &nbsp; <span style=\"color: #000000;\">A pr\u00f3xima onda de frio polar, ainda a confirmar, dever\u00e1 chegar ao Acre entre os dias 14 e 16 de abril.<\/span><\/p>\n\n\n\n<p class=\"wp-block-paragraph\" style=\"font-size:18px\"><span style=\"color: #000000;\">&nbsp; &nbsp; &nbsp; Acompanha nossas atualiza\u00e7\u00f5es di\u00e1rias para ser o primeiro a saber como ficar\u00e1 o tempo atmosf\u00e9rico nos pr\u00f3ximos dias.<\/span><\/p>\n","protected":false},"excerpt":{"rendered":"<p>Tempo quente, com sol e nuvens, vai predominar &nbsp; &nbsp; &nbsp; Pelo menos at\u00e9 o pr\u00f3ximo dia 13 de abril, o tempo quente, com sol e nuvens, vai predominar no Acre. As chuvas v\u00e3o ocorrer, por\u00e9m, de um modo geral, ser\u00e3o r\u00e1pidas e pontuais, exceto num ou noutro dia, quando poder\u00e3o ser fortes e, at\u00e9, [&hellip;]<\/p>\n","protected":false},"author":2,"featured_media":0,"comment_status":"open","ping_status":"open","sticky":false,"template":"","format":"standard","meta":{"_jetpack_memberships_contains_paid_content":false,"footnotes":"","jetpack_publicize_message":"","jetpack_publicize_feature_enabled":true,"jetpack_social_post_already_shared":true,"jetpack_social_options":{"image_generator_settings":{"template":"highway","enabled":false},"version":2}},"categories":[193],"tags":[39,267,157,23,46,168,26],"class_list":["post-29121","post","type-post","status-publish","format-standard","hentry","category-previsao-do-tempo","tag-nivel-do-rio-acre","tag-nivel-do-rio-jurua","tag-nivel-dos-rios","tag-previsao-do-tempo","tag-previsao-do-tempo-para-os-proximos-dias","tag-previsao-para-a-semana","tag-previsao-para-os-proximos-dias"],"jetpack_publicize_connections":[],"jetpack_featured_media_url":"","jetpack_likes_enabled":true,"jetpack_sharing_enabled":true,"_links":{"self":[{"href":"https:\/\/otempoaqui.com.br\/index.php?rest_route=\/wp\/v2\/posts\/29121","targetHints":{"allow":["GET"]}}],"collection":[{"href":"https:\/\/otempoaqui.com.br\/index.php?rest_route=\/wp\/v2\/posts"}],"about":[{"href":"https:\/\/otempoaqui.com.br\/index.php?rest_route=\/wp\/v2\/types\/post"}],"author":[{"embeddable":true,"href":"https:\/\/otempoaqui.com.br\/index.php?rest_route=\/wp\/v2\/users\/2"}],"replies":[{"embeddable":true,"href":"https:\/\/otempoaqui.com.br\/index.php?rest_route=%2Fwp%2Fv2%2Fcomments&post=29121"}],"version-history":[{"count":5,"href":"https:\/\/otempoaqui.com.br\/index.php?rest_route=\/wp\/v2\/posts\/29121\/revisions"}],"predecessor-version":[{"id":29130,"href":"https:\/\/otempoaqui.com.br\/index.php?rest_route=\/wp\/v2\/posts\/29121\/revisions\/29130"}],"wp:attachment":[{"href":"https:\/\/otempoaqui.com.br\/index.php?rest_route=%2Fwp%2Fv2%2Fmedia&parent=29121"}],"wp:term":[{"taxonomy":"category","embeddable":true,"href":"https:\/\/otempoaqui.com.br\/index.php?rest_route=%2Fwp%2Fv2%2Fcategories&post=29121"},{"taxonomy":"post_tag","embeddable":true,"href":"https:\/\/otempoaqui.com.br\/index.php?rest_route=%2Fwp%2Fv2%2Ftags&post=29121"}],"curies":[{"name":"wp","href":"https:\/\/api.w.org\/{rel}","templated":true}]}}