{"id":28907,"date":"2022-03-21T23:53:00","date_gmt":"2022-03-22T04:53:00","guid":{"rendered":"https:\/\/otempoaqui.com.br\/?p=28907"},"modified":"2022-03-21T13:28:16","modified_gmt":"2022-03-21T18:28:16","slug":"terca-feira-quente-com-chuvas-passageiras-e-pontuais-6","status":"publish","type":"post","link":"https:\/\/otempoaqui.com.br\/?p=28907","title":{"rendered":"Ter\u00e7a-feira quente, com chuvas passageiras e pontuais"},"content":{"rendered":"<h3 style=\"text-align: center;\"><span style=\"color: #0000ff;\">PREVIS\u00c3O DE TEMPO PARA TER\u00c7A-FEIRA (22\/3\/2022)<\/span><\/h3>\n<hr \/>\n<blockquote>\n<h4 style=\"text-align: center;\"><em><span style=\"color: #800000;\"><span style=\"color: #ff0000;\">CHOVE POUCO AT\u00c9 QUINTA-FEIRA<\/span><\/span><\/em><\/h4>\n<h4>\u00a0 <em><span style=\"color: #800000;\"><span style=\"color: #ff0000;\">Alerta de transbordamento de rios, inclusive, em Rio Branco. Saiba como ficar\u00e1 o tempo e o n\u00edvel dos rios durante esta semana acessando &#8220;<a href=\"https:\/\/otempoaqui.com.br\/?p=28898\"><span style=\"color: #333399;\">Alerta de r\u00e1pida e acentuada subida do n\u00edvel dos rios no Acre, inclusive, em Rio Branco<\/span><\/a>&#8220;.<\/span><\/span><\/em><\/h4>\n<\/blockquote>\n<hr \/>\n<blockquote>\n<h4 style=\"text-align: center;\"><em><span style=\"color: #008000;\">COME\u00c7OU O OUTONO<\/span><\/em><\/h4>\n<h4>\u00a0 <em><span style=\"color: #008000;\">O outono come\u00e7ou no \u00faltimo domingo (20\/3\/2022). Conhe\u00e7a o clima do Acre no outono e saiba como dever\u00e1 ficar o tempo nesta esta\u00e7\u00e3o em 2022, acessando &#8220;<a href=\"https:\/\/otempoaqui.com.br\/?p=28869\"><span style=\"color: #333399;\">OUTONO: A ESTA\u00c7\u00c3O DAS PRIMEIRAS FRIAGENS T\u00cdPICAS NO ACRE<\/span><\/a>&#8220;.<\/span><\/em><\/h4>\n<\/blockquote>\n<hr \/>\n<blockquote>\n<h4 style=\"text-align: center;\"><em><span style=\"color: #800080;\">NOVO RECORDE DE FRIO NO BRASIL, COM 0,7\u00baC<\/span><\/em><\/h4>\n<h4>\u00a0 <em><span style=\"color: #800080;\">Registrado, na \u00faltima quarta-feira (9\/3\/2022), novo recorde de frio no Brasil, com 0,7\u00baC, ocorrido no munic\u00edpio de Itatiaia, no estado do Rio de Janeiro. Antes, o recorde do ano era de 3,4\u00baC, no mesmo munic\u00edpio, no dia 4 de mar\u00e7o.<\/span><\/em><\/h4>\n<\/blockquote>\n<hr \/>\n<blockquote>\n<h4 style=\"text-align: center;\"><em><span style=\"color: #008000;\">RECORDES REGISTRADOS EM FEVEREIRO DE 2022<\/span><\/em><\/h4>\n<h4>\u00a0 \u00a0 <em><span style=\"color: #008000;\">Confira os extremos do tempo registrados em fevereiro de 2022 em Rio Branco, no Acre, nas capitais e no Brasil acessando: &#8220;<a href=\"https:\/\/otempoaqui.com.br\/?p=28636\"><span style=\"color: #333399;\">Chuvas, em fevereiro, ficaram abaixo da m\u00e9dia<\/span> em <span style=\"color: #333399;\">Rio Branco<\/span><\/a>&#8220;.<\/span><\/em><\/h4>\n<\/blockquote>\n<hr \/>\n<blockquote>\n<h4 style=\"text-align: center;\"><em><span style=\"color: #800000;\"><span style=\"color: #ff0000;\">O CLIMA EM MAR\u00c7O E O TEMPO NESTE M\u00caS DE 2022<\/span><\/span><\/em><\/h4>\n<h4>\u00a0 \u00a0 <em><span style=\"color: #ff0000;\">Saiba como deve ficar o tempo em mar\u00e7o de 2022 e conhe\u00e7a o clima neste m\u00eas acessando: &#8220;<a href=\"https:\/\/otempoaqui.com.br\/?p=28589\"><span style=\"color: #333399;\">MAR\u00c7O: O M\u00caS MAIS CHUVOSO NO CENTRO E NO OESTE DO ACRE<\/span><\/a>&#8220;.<\/span><\/em><\/h4>\n<\/blockquote>\n<hr \/>\n<blockquote>\n<h4 style=\"text-align: center;\"><em><span style=\"color: #0000ff;\"><span style=\"color: #993300;\">AS QUATRO ESTA\u00c7\u00d5ES DO ANO NO ACRE<\/span><\/span><\/em><\/h4>\n<h4>\u00a0 \u00a0 <em><span style=\"color: #0000ff;\"><span style=\"color: #993300;\">O clima do Acre, m\u00eas a m\u00eas, voc\u00ea encontra na nossa publica\u00e7\u00e3o acessando<\/span> &#8220;<a href=\"https:\/\/otempoaqui.com.br\/?p=27612\"><span style=\"color: #003366;\">As quatro esta\u00e7\u00f5es do ano no Acre<\/span><\/a>&#8220;.<\/span><\/em><\/h4>\n<\/blockquote>\n<hr \/>\n<blockquote>\n<h4 style=\"text-align: center;\"><span style=\"color: #800000;\"><em>JORNAL BRIT\u00c2NICO PUBLICOU INFORMA\u00c7\u00d5ES ERRADAS SOBRE RIO BRANCO<\/em><\/span><\/h4>\n<h4>\u00a0 \u00a0 <em><span style=\"color: #800000;\">Acesse &#8220;<a href=\"https:\/\/otempoaqui.com.br\/?p=27233\"><span style=\"color: #333399;\">Jornal ingl\u00eas The Guardian errou feio<\/span><\/a>&#8220;.<\/span><\/em><\/h4>\n<\/blockquote>\n<hr \/>\n<blockquote>\n<h4 style=\"text-align: center;\"><em><span style=\"color: #800080;\">OUTRAS INFORMA\u00c7\u00d5ES MPORTANTES<\/span><\/em><\/h4>\n<h4>\u00a0 \u00a0 <em><span style=\"color: #800080;\">Leia, tamb\u00e9m, acessando:<\/span><\/em><\/h4>\n<ul>\n<li>&#8220;<a href=\"https:\/\/otempoaqui.com.br\/?p=27580\"><span style=\"color: #333399;\"><strong>Recordes de 2021: de -9,9\u00baC a 43,9\u00baC, no Brasil, e de 9,5\u00baC a 39,0\u00baC, no Acre<\/strong><\/span><\/a>&#8220;;<\/li>\n<li><strong>&#8220;<\/strong><a href=\"https:\/\/otempoaqui.com.br\/?p=27213\"><span style=\"color: #000080;\"><strong>VER\u00c3O: A ESTA\u00c7\u00c3O MAIS CHUVOSA NO ACRE<\/strong><\/span><\/a><strong>&#8220;;<\/strong><\/li>\n<li><span style=\"color: #800080;\"><strong>&#8220;<\/strong><\/span><a href=\"https:\/\/otempoaqui.com.br\/?p=26829\"><strong><span style=\"color: #003366;\">Acre<\/span> <span style=\"color: #003366;\">foi<\/span> <span style=\"color: #003366;\">abandonado<\/span> <span style=\"color: #003366;\">pelo<\/span> <span style=\"color: #003366;\">Instituto<\/span> <span style=\"color: #003366;\">Nacional<\/span> <span style=\"color: #003366;\">de<\/span> <span style=\"color: #003366;\">Meteorologia<\/span><\/strong><\/a><strong><span style=\"color: #800080;\">&#8220;;<\/span><\/strong><\/li>\n<li><span style=\"color: #333399;\">&#8220;<\/span><a href=\"https:\/\/otempoaqui.com.br\/?p=26754\"><span style=\"color: #003366;\"><strong><span style=\"color: #333399;\">N\u00e3o h\u00e1 ind\u00edcios de inunda\u00e7\u00f5es alarmantes em 2022 em Rio Branco<\/span><\/strong><\/span><\/a><span style=\"color: #333399;\">&#8220;.<\/span><\/li>\n<\/ul>\n<\/blockquote>\n<hr \/>\n<h4 style=\"text-align: center;\">\u00a0<span style=\"color: #000080;\">VIS\u00c3O GERAL DO TEMPO NESTA TER\u00c7A-FEIRA<\/span><\/h4>\n<h4>\u00a0 <span style=\"color: #000080;\">Nesta ter\u00e7a-feira (22\/3\/2022), o sol com nuvens e chuvas, em geral, passageiras e pontuais, vai predominar no Acre, em Rond\u00f4nia, no Amazonas, em Mato Grosso, na Bol\u00edvia e no Peru (regi\u00e3o de selva e encosta dos Andes). Em algumas \u00e1reas, ocorrer\u00e3o chuvas intensas, principalmente no Amazonas e no Peru.<\/span><\/h4>\n<h4><span style=\"color: #000080;\">\u00a0 No Distrito Federal, em Goi\u00e1s e no leste de Mato Grosso, predomina o tempo quente, com sol e nuvens, mas pode chover r\u00e1pido em alguns pontos.<\/span><\/h4>\n<h4 style=\"text-align: center;\"><span style=\"color: #800000;\">PREVIS\u00c3O ESPEC\u00cdFICA PARA O ACRE<\/span><\/h4>\n<div id=\"attachment_21256\" style=\"width: 210px\" class=\"wp-caption alignleft\"><img data-recalc-dims=\"1\" loading=\"lazy\" decoding=\"async\" aria-describedby=\"caption-attachment-21256\" class=\"size-full wp-image-21256\" src=\"https:\/\/i0.wp.com\/otempoaqui.com.br\/wp-content\/uploads\/2019\/06\/APROVACAO1.png?resize=200%2C200&#038;ssl=1\" alt=\"O melhor curso do Acre\" width=\"200\" height=\"200\" srcset=\"https:\/\/i0.wp.com\/otempoaqui.com.br\/wp-content\/uploads\/2019\/06\/APROVACAO1.png?w=200&amp;ssl=1 200w, https:\/\/i0.wp.com\/otempoaqui.com.br\/wp-content\/uploads\/2019\/06\/APROVACAO1.png?resize=150%2C150&amp;ssl=1 150w, https:\/\/i0.wp.com\/otempoaqui.com.br\/wp-content\/uploads\/2019\/06\/APROVACAO1.png?resize=175%2C175&amp;ssl=1 175w, https:\/\/i0.wp.com\/otempoaqui.com.br\/wp-content\/uploads\/2019\/06\/APROVACAO1.png?resize=184%2C184&amp;ssl=1 184w\" sizes=\"auto, (max-width: 200px) 100vw, 200px\" \/><p id=\"caption-attachment-21256\" class=\"wp-caption-text\"><strong><span style=\"color: #800000;\">Aulas est\u00e3o come\u00e7ando no<\/span> <span style=\"color: #800000;\">melhor<\/span> <span style=\"color: #800000;\">curso<\/span> <span style=\"color: #800000;\">preparat\u00f3rio<\/span> <span style=\"color: #800000;\">do<\/span> <span style=\"color: #800000;\">Acre.<\/span> <span style=\"color: #800000;\">Especial<\/span> <span style=\"color: #800000;\">para<\/span> <span style=\"color: #800000;\">quem<\/span> <span style=\"color: #800000;\">quer<\/span> <span style=\"color: #800000;\">cursar<\/span> <span style=\"color: #ff0000;\">Medicina.<\/span> <span style=\"color: #800000;\">Turnos pela manh\u00e3, tarde e noite. J\u00e1<\/span> <span style=\"color: #800000;\">s\u00e3o<\/span> <span style=\"color: #800000;\">15<\/span> <span style=\"color: #800000;\">anos<\/span> <span style=\"color: #800000;\">de<\/span> <span style=\"color: #800000;\">tradi\u00e7\u00e3o em Rio Branco.<\/span><\/strong><\/p><\/div>\n<h4>\u00a0 <span style=\"color: #800000;\">Leste e sul do estado (microrregi\u00f5es de Rio Branco, Brasileia e Sena Madureira):<span style=\"color: #333300;\"> tempo quente e abafado, com sol, nuvens e possibilidade de chuvas passageiras e pontuais. Os ventos sopram, entre fracos e calmos, da dire\u00e7\u00e3o norte e varia\u00e7\u00f5es de nordeste e de noroeste.<\/span><\/span><\/h4>\n<h4>\u00a0 <span style=\"color: #800000;\">Centro e oeste acreano (microrregi\u00f5es de Cruzeiro do Sul e Tarauac\u00e1):<span style=\"color: #333300;\"> tempo quente e abafado, com sol, nuvens e possibilidade de chuvas passageiras e pontuais. Os ventos sopram, entre fracos e calmos, da dire\u00e7\u00e3o nordeste e varia\u00e7\u00f5es do norte e de leste.<\/span><\/span><\/h4>\n<h4>\u00a0 <span style=\"color: #800000;\">Temperaturas:<\/span><\/h4>\n<h4>\u00a0 <span style=\"color: #800000;\">&#8211; Rio Branco, Senador Guiomard, Bujari e Porto Acre, <span style=\"color: #333300;\">com m\u00ednimas oscilando entre 21 e 23\u00baC, e m\u00e1ximas, entre 30 e 32\u00baC;<\/span><\/span><\/h4>\n<h4>\u00a0 <span style=\"color: #800000;\">&#8211; Brasileia, Epitaciol\u00e2ndia, Xapuri, Capixaba, Assis Brasil e Santa Rosa do Purus, <span style=\"color: #333300;\">com m\u00ednimas oscilando entre 20 e 22\u00baC, e<\/span>\u00a0<span style=\"color: #333300;\">m\u00e1ximas, entre 30 e 32\u00baC;<\/span><\/span><\/h4>\n<h4>\u00a0 <span style=\"color: #800000;\">&#8211; Pl\u00e1cido de Castro e Acrel\u00e2ndia, <span style=\"color: #333300;\">com m\u00ednimas oscilando entre 21 e 23\u00baC, e m\u00e1ximas, entre 31 e 33\u00baC;<\/span><\/span><\/h4>\n<h4>\u00a0 <span style=\"color: #800000;\">&#8211; Sena Madureira e Manuel Urbano, <span style=\"color: #333300;\">com m\u00ednimas oscilando entre 21 e 23\u00baC, e m\u00e1ximas, entre 30 e 32\u00baC;<\/span><\/span><\/h4>\n<h4><span style=\"color: #800000;\">\u00a0 &#8211; Tarauac\u00e1 e Feij\u00f3, <span style=\"color: #333300;\">com m\u00ednimas oscilando entre 21 e 23\u00baC, e m\u00e1ximas, entre 31 e 33\u00baC;<\/span><\/span><\/h4>\n<h4>\u00a0 <span style=\"color: #800000;\">&#8211; Cruzeiro do Sul, M\u00e2ncio Lima e Rodrigues Alves, <span style=\"color: #333300;\">com m\u00ednimas oscilando entre 22 e 24\u00baC, e m\u00e1ximas, entre 29 e 31\u00baC;<\/span><\/span><\/h4>\n<h4>\u00a0 <span style=\"color: #800000;\">&#8211; Marechal Thaumaturgo, Porto Walter e Jord\u00e3o, <span style=\"color: #333300;\">com m\u00ednimas oscilando entre 22 e 24\u00baC, e m\u00e1ximas, entre 29 e 31\u00baC.<\/span><\/span><\/h4>\n<h1 style=\"text-align: center;\"><span style=\"color: #0000ff;\">\u2193\u2193\u2193<\/span><\/h1>\n<p style=\"text-align: center;\">\u00a0 \u00a0 <strong><span style=\"color: #800000;\">PREVIS\u00c3O PARA O ACRE<\/span>\u00a0<span style=\"color: #800000;\">PARA QUARTA-FEIRA<\/span>\u00a0\u00a0<span style=\"color: #800000;\">(23\/3\/2022)<\/span><\/strong><\/p>\n<p>\u00a0 \u00a0 <strong><span style=\"color: #800000;\">Leste e sul do Acre (microrregi\u00f5es de Rio Branco, Brasileia e Sena Madureira): predom\u00ednio de tempo quente, com sol, nuvens e possibilidade de chuvas pontuais. Temperatura m\u00ednima varia entre 21 e 23\u00baC e m\u00e1xima, entre 31 e 33\u00baC.<\/span><\/strong><\/p>\n<p><strong><span style=\"color: #800000;\">\u00a0 \u00a0 Centro e oeste do Acre (microrregi\u00f5es de Cruzeiro do Sul e Tarauac\u00e1): predom\u00ednio de sol, nuvens e possibilidade de chuvas passageiras e pontuais. Temperatura m\u00ednima varia entre 22 e 24\u00baC e m\u00e1xima, entre 31 e 33\u00baC.<\/span><\/strong><\/p>\n<hr \/>\n<h4><span style=\"color: #800080;\">TEMPERATURAS EM OUTROS ESTADOS NESTA TER\u00c7A-FEIRA<\/span><\/h4>\n<hr \/>\n<h4><span style=\"color: #800080;\">ROND\u00d4NIA:<\/span><\/h4>\n<h4><span style=\"color: #000080;\">\u00a0 &#8211; Porto Velho e Ariquemes, m\u00ednima entre 22 e 24\u00baC, e m\u00e1xima entre 29 e 31\u00baC;<\/span><\/h4>\n<h4><span style=\"color: #000080;\">\u00a0 &#8211; Cacoal e Ji-Paran\u00e1, m\u00ednima entre 22 e 24\u00baC e m\u00e1xima entre 30 e 32\u00baC;<\/span><\/h4>\n<h4><span style=\"color: #000080;\">\u00a0 &#8211; Vilhena, m\u00ednima entre 19 e 21\u00baC e m\u00e1xima entre 28 e 30\u00baC;<\/span><\/h4>\n<h4><span style=\"color: #000080;\">\u00a0 &#8211; Guajar\u00e1-Mirim e Costa Marques, m\u00ednima entre 22 e 24\u00baC e m\u00e1xima entre 31 e 33\u00baC.<\/span><\/h4>\n<hr \/>\n<h4>\u00a0 <span style=\"color: #000080;\"><span style=\"color: #800080;\">DISTRITO FEDERAL:<\/span><\/span><\/h4>\n<h4><span style=\"color: #000080;\">\u00a0 Bras\u00edlia e arredores ter\u00e3o m\u00ednima entre 14 e 17\u00baC e m\u00e1xima entre 27 e 30\u00baC.<\/span><\/h4>\n<hr \/>\n<h4><span style=\"color: #800080;\">GOI\u00c1S:<\/span><\/h4>\n<h4><span style=\"color: #000080;\">\u00a0 Em Goi\u00e2nia, a m\u00ednima varia entre 17 e 19\u00baC e a m\u00e1xima, entre 30 e 32\u00baC.<\/span><\/h4>\n<hr \/>\n<h4><span style=\"color: #000080;\"><span style=\"color: #800080;\">MATO GROSSO:<\/span><\/span><\/h4>\n<h4><span style=\"color: #000080;\">\u00a0 Em Cuiab\u00e1, m\u00ednima entre 23 e 25<\/span><span style=\"color: #000080;\">\u00baC e m\u00e1xima entre 34 e 36\u00baC, e em C\u00e1ceres, m\u00ednima entre 22 e 24\u00baC e m\u00e1xima entre 33 e 35\u00baC.<\/span><\/h4>\n<hr \/>\n<h4><span style=\"color: #800080;\">AMAZONAS:<\/span><\/h4>\n<h4><span style=\"color: #000080;\">\u00a0 &#8211; Manaus, Manacapuru, Itacoatiara e Parintins, m\u00ednima entre 24 e 26\u00baC e m\u00e1xima entre 29 e 31\u00baC;<\/span><\/h4>\n<h4><span style=\"color: #000080;\">\u00a0 &#8211; Boca do Acre e Pauini, m\u00ednima entre 22 e 24\u00baC, e m\u00e1xima entre 31<\/span><span style=\"color: #000080;\"> e 33\u00baC;<\/span><\/h4>\n<h4><span style=\"color: #000080;\">\u00a0 &#8211; Eirunep\u00e9, Ipixuna e Guajar\u00e1, m\u00ednima entre 23 e 25\u00baC, e m\u00e1xima entre 30 e 32\u00baC.<\/span><\/h4>\n<div id=\"attachment_25257\" style=\"width: 310px\" class=\"wp-caption aligncenter\"><img data-recalc-dims=\"1\" loading=\"lazy\" decoding=\"async\" aria-describedby=\"caption-attachment-25257\" class=\"size-medium wp-image-25257\" src=\"https:\/\/i0.wp.com\/otempoaqui.com.br\/wp-content\/uploads\/2021\/08\/2-300x103.jpg?resize=300%2C103&#038;ssl=1\" alt=\"\" width=\"300\" height=\"103\" \/><p id=\"caption-attachment-25257\" class=\"wp-caption-text\"><span style=\"color: #d17d00;\"><span style=\"color: #800080;\"><strong><em>Internet,<\/em><\/strong> <strong><em>jogos,<\/em><\/strong> <strong><em>impress\u00f5es,<\/em><\/strong> <strong><em>perif\u00e9ricos,<\/em><\/strong> <strong><em>manuten\u00e7\u00e3o,<\/em><\/strong> <strong><em>consultas,<\/em><\/strong> <strong><em>formata\u00e7\u00e3o <\/em><\/strong><strong><em>e<\/em><\/strong> <strong><em>servi\u00e7os<\/em><\/strong> <strong><em>em<\/em><\/strong> <strong><em>geral.<\/em><\/strong><\/span><\/span><\/p><\/div>\n<div id=\"attachment_25256\" style=\"width: 310px\" class=\"wp-caption aligncenter\"><img data-recalc-dims=\"1\" loading=\"lazy\" decoding=\"async\" aria-describedby=\"caption-attachment-25256\" class=\"size-medium wp-image-25256\" src=\"https:\/\/i0.wp.com\/otempoaqui.com.br\/wp-content\/uploads\/2021\/08\/1.jpg?resize=300%2C101&#038;ssl=1\" alt=\"\" width=\"300\" height=\"101\" srcset=\"https:\/\/i0.wp.com\/otempoaqui.com.br\/wp-content\/uploads\/2021\/08\/1.jpg?resize=300%2C101&amp;ssl=1 300w, https:\/\/i0.wp.com\/otempoaqui.com.br\/wp-content\/uploads\/2021\/08\/1.jpg?w=609&amp;ssl=1 609w\" sizes=\"auto, (max-width: 300px) 100vw, 300px\" \/><p id=\"caption-attachment-25256\" class=\"wp-caption-text\"><span style=\"color: #333399;\"><span style=\"color: #0000ff;\"><strong><em>Produtos agr\u00edcolas, ro\u00e7adeiras e motores. Tudo isto e muito mais voc\u00ea encontra aqui.<\/em><\/strong><\/span><\/span><\/p><\/div>\n<blockquote>\n<h3 style=\"text-align: center;\"><span style=\"color: #003300;\"><em>Acompanhe nossas atualiza\u00e7\u00f5es di\u00e1rias para ficar bem informado e n\u00e3o ser pego de surpresa pelas adversidades do tempo meteorol\u00f3gico.<\/em><\/span><\/h3>\n<\/blockquote>\n","protected":false},"excerpt":{"rendered":"<p>PREVIS\u00c3O DE TEMPO PARA TER\u00c7A-FEIRA (22\/3\/2022) CHOVE POUCO AT\u00c9 QUINTA-FEIRA \u00a0 Alerta de transbordamento de rios, inclusive, em Rio Branco. Saiba como ficar\u00e1 o tempo e o n\u00edvel dos rios durante esta semana acessando &#8220;Alerta de r\u00e1pida e acentuada subida do n\u00edvel dos rios no Acre, inclusive, em Rio Branco&#8220;. COME\u00c7OU O OUTONO \u00a0 O [&hellip;]<\/p>\n","protected":false},"author":2,"featured_media":0,"comment_status":"open","ping_status":"open","sticky":false,"template":"","format":"standard","meta":{"_jetpack_memberships_contains_paid_content":false,"footnotes":"","jetpack_publicize_message":"","jetpack_publicize_feature_enabled":true,"jetpack_social_post_already_shared":true,"jetpack_social_options":{"image_generator_settings":{"template":"highway","enabled":false},"version":2}},"categories":[193],"tags":[163,171,172,82,178,23,46,168,26],"class_list":["post-28907","post","type-post","status-publish","format-standard","hentry","category-previsao-do-tempo","tag-alerta-de-enchente","tag-enchente-do-rio-acre","tag-enchentes","tag-enchentes-e-alagacoes","tag-enchentes-no-acre","tag-previsao-do-tempo","tag-previsao-do-tempo-para-os-proximos-dias","tag-previsao-para-a-semana","tag-previsao-para-os-proximos-dias"],"jetpack_publicize_connections":[],"jetpack_featured_media_url":"","jetpack_likes_enabled":true,"jetpack_sharing_enabled":true,"_links":{"self":[{"href":"https:\/\/otempoaqui.com.br\/index.php?rest_route=\/wp\/v2\/posts\/28907","targetHints":{"allow":["GET"]}}],"collection":[{"href":"https:\/\/otempoaqui.com.br\/index.php?rest_route=\/wp\/v2\/posts"}],"about":[{"href":"https:\/\/otempoaqui.com.br\/index.php?rest_route=\/wp\/v2\/types\/post"}],"author":[{"embeddable":true,"href":"https:\/\/otempoaqui.com.br\/index.php?rest_route=\/wp\/v2\/users\/2"}],"replies":[{"embeddable":true,"href":"https:\/\/otempoaqui.com.br\/index.php?rest_route=%2Fwp%2Fv2%2Fcomments&post=28907"}],"version-history":[{"count":2,"href":"https:\/\/otempoaqui.com.br\/index.php?rest_route=\/wp\/v2\/posts\/28907\/revisions"}],"predecessor-version":[{"id":28910,"href":"https:\/\/otempoaqui.com.br\/index.php?rest_route=\/wp\/v2\/posts\/28907\/revisions\/28910"}],"wp:attachment":[{"href":"https:\/\/otempoaqui.com.br\/index.php?rest_route=%2Fwp%2Fv2%2Fmedia&parent=28907"}],"wp:term":[{"taxonomy":"category","embeddable":true,"href":"https:\/\/otempoaqui.com.br\/index.php?rest_route=%2Fwp%2Fv2%2Fcategories&post=28907"},{"taxonomy":"post_tag","embeddable":true,"href":"https:\/\/otempoaqui.com.br\/index.php?rest_route=%2Fwp%2Fv2%2Ftags&post=28907"}],"curies":[{"name":"wp","href":"https:\/\/api.w.org\/{rel}","templated":true}]}}