{"id":2837,"date":"2014-04-22T16:36:27","date_gmt":"2014-04-22T21:36:27","guid":{"rendered":"http:\/\/otempoaqui.com\/?p=2837"},"modified":"2014-04-22T16:36:27","modified_gmt":"2014-04-22T21:36:27","slug":"alerta-de-temporais-as-condicoes-atmosfericas-estarao-altamente-favoraveis-a-ocorrencia-de-temporais-com-chuvas-fortes-raios-e-ventanias-nesta-quarta-feira-em-rio-branco-e-na-maior-parte-do-acre","status":"publish","type":"post","link":"https:\/\/otempoaqui.com.br\/?p=2837","title":{"rendered":"ALERTA DE TEMPORAIS: As condi\u00e7\u00f5es atmosf\u00e9ricas estar\u00e3o altamente favor\u00e1veis \u00e0 ocorr\u00eancia de temporais, com chuvas fortes, raios e ventanias, nesta quarta-feira, em Rio Branco e na maior parte do Acre."},"content":{"rendered":"<p>16h 50min<\/p>\n<p>    O Tempo Aqui adverte para o ocorr\u00eancia de temporais, nesta quarta-feira, dia 23 de abril, no Acre, no Amazonas, em Rond\u00f4nia, no norte e no nordeste da Bol\u00edvia e no sudeste do Peru.<br \/>\n    A fraca frente fria, que na tarde desta segunda-feira, dia 22, atinge com ventos fortes a regi\u00e3o central da Bol\u00edvia, deslocar-se-\u00e1 para o sudeste e o leste do Acre criando condi\u00e7\u00f5es favor\u00e1veis para o desenvolvimento de nuvens extremamente carregadas que podem resultar em tempo severo, em alguns pontos.<br \/>\n    Alerta-se para o perigo de temporais com possibilidade de chuva localmente forte e intensa, muita descarga el\u00e9trica na forma de raios, vendavais e, eventual, queda de granizo.<br \/>\n    Em pontos localizados, os temporais podem ser de grande intensidade, com potencial para causar danos estruturais.<br \/>\n    O Tempo Aqui alerta, ainda, que a frente fria ir\u00e1 evoluir para o vale do Juru\u00e1, ap\u00f3s sua passagem pelo leste do estado.<br \/>\n    Ressalta-se, tamb\u00e9m, que a intensidade dos temporais n\u00e3o ser\u00e1 a mesma em todos os munic\u00edpios. Em alguns, poder\u00e1, at\u00e9, nem chover.<br \/>\n    Quanto ao frio, n\u00e3o h\u00e1 motivos para preocupa\u00e7\u00e3o, pois a temperatua baixar\u00e1 levemente, cerca de, apenas, 3\u00baC, a partir da noite da pr\u00f3xima sexta-feira.<\/p>\n","protected":false},"excerpt":{"rendered":"<p>16h 50min O Tempo Aqui adverte para o ocorr\u00eancia de temporais, nesta quarta-feira, dia 23 de abril, no Acre, no Amazonas, em Rond\u00f4nia, no norte e no nordeste da Bol\u00edvia e no sudeste do Peru. A fraca frente fria, que na tarde desta segunda-feira, dia 22, atinge com ventos fortes a regi\u00e3o central da Bol\u00edvia, [&hellip;]<\/p>\n","protected":false},"author":2,"featured_media":0,"comment_status":"open","ping_status":"open","sticky":false,"template":"","format":"standard","meta":{"_jetpack_memberships_contains_paid_content":false,"footnotes":"","jetpack_publicize_message":"","jetpack_publicize_feature_enabled":true,"jetpack_social_post_already_shared":true,"jetpack_social_options":{"image_generator_settings":{"template":"highway","enabled":false},"version":2}},"categories":[1],"tags":[73],"class_list":["post-2837","post","type-post","status-publish","format-standard","hentry","category-geral","tag-alerta-de-temporais"],"jetpack_publicize_connections":[],"jetpack_featured_media_url":"","jetpack_likes_enabled":true,"jetpack_sharing_enabled":true,"_links":{"self":[{"href":"https:\/\/otempoaqui.com.br\/index.php?rest_route=\/wp\/v2\/posts\/2837","targetHints":{"allow":["GET"]}}],"collection":[{"href":"https:\/\/otempoaqui.com.br\/index.php?rest_route=\/wp\/v2\/posts"}],"about":[{"href":"https:\/\/otempoaqui.com.br\/index.php?rest_route=\/wp\/v2\/types\/post"}],"author":[{"embeddable":true,"href":"https:\/\/otempoaqui.com.br\/index.php?rest_route=\/wp\/v2\/users\/2"}],"replies":[{"embeddable":true,"href":"https:\/\/otempoaqui.com.br\/index.php?rest_route=%2Fwp%2Fv2%2Fcomments&post=2837"}],"version-history":[{"count":0,"href":"https:\/\/otempoaqui.com.br\/index.php?rest_route=\/wp\/v2\/posts\/2837\/revisions"}],"wp:attachment":[{"href":"https:\/\/otempoaqui.com.br\/index.php?rest_route=%2Fwp%2Fv2%2Fmedia&parent=2837"}],"wp:term":[{"taxonomy":"category","embeddable":true,"href":"https:\/\/otempoaqui.com.br\/index.php?rest_route=%2Fwp%2Fv2%2Fcategories&post=2837"},{"taxonomy":"post_tag","embeddable":true,"href":"https:\/\/otempoaqui.com.br\/index.php?rest_route=%2Fwp%2Fv2%2Ftags&post=2837"}],"curies":[{"name":"wp","href":"https:\/\/api.w.org\/{rel}","templated":true}]}}