{"id":27646,"date":"2022-01-07T13:02:11","date_gmt":"2022-01-07T18:02:11","guid":{"rendered":"https:\/\/otempoaqui.com.br\/?p=27646"},"modified":"2022-01-07T13:02:14","modified_gmt":"2022-01-07T18:02:14","slug":"fim-de-semana-quente-com-pouca-chuva-mas-ventilado","status":"publish","type":"post","link":"https:\/\/otempoaqui.com.br\/?p=27646","title":{"rendered":"Fim de semana quente, com pouca chuva, mas ventilado"},"content":{"rendered":"<div style=\"color:#ff0000;background:radial-gradient(rgb(238,238,238) 79%,rgb(169,184,195) 94%)\" class=\"has-text-align-center wp-block-post-date has-text-color has-background\"><time datetime=\"2022-01-07T13:02:11-05:00\">7 de janeiro de 2022, 13:02<\/time><\/div>\n\n\n<hr class=\"wp-block-separator has-text-color has-background\" style=\"background-color:#a50000;color:#a50000\"\/>\n\n\n\n<div class=\"wp-block-cover aligncenter has-background-dim-10 has-background-dim\" style=\"min-height:241px;aspect-ratio:unset;\"><img data-recalc-dims=\"1\" decoding=\"async\" class=\"wp-block-cover__image-background wp-image-25305\" alt=\"\" src=\"https:\/\/i0.wp.com\/otempoaqui.com.br\/wp-content\/uploads\/2021\/08\/TEMPO-CLIMA-e1629470066972.jpg?ssl=1\" style=\"object-position:52% 0%\" data-object-fit=\"cover\" data-object-position=\"52% 0%\"\/><div class=\"wp-block-cover__inner-container is-layout-flow wp-block-cover-is-layout-flow\">\n<h2 class=\"wp-block-heading\" style=\"font-size:34px\"><em><span style=\"color:#ff0000\" class=\"has-inline-color\">CALOR E<\/span><\/em><\/h2>\n\n\n\n<h2 class=\"wp-block-heading\" style=\"font-size:34px\"><em><span style=\"color:#ff0000\" class=\"has-inline-color\">POUCA CHUVA<\/span><\/em><\/h2>\n\n\n\n<h2 class=\"wp-block-heading\" style=\"font-size:34px\"><em><span style=\"color:#ff0000\" class=\"has-inline-color\">NO ACRE<\/span><\/em><\/h2>\n<\/div><\/div>\n\n\n\n<hr class=\"wp-block-separator has-text-color has-background\" style=\"background-color:#a50000;color:#a50000\"\/>\n\n\n\n<div class=\"wp-block-cover has-background-dim has-background-gradient\" style=\"background:linear-gradient(360deg,rgb(163,250,255) 0%,rgb(247,255,161) 99%);min-height:311px;aspect-ratio:unset;\"><div class=\"wp-block-cover__inner-container is-layout-flow wp-block-cover-is-layout-flow\">\n<h2 class=\"has-text-align-center wp-block-heading\"><em><span style=\"color:#be0000\" class=\"has-inline-color\">N\u00cdVEL DOS RIOS DESABA E RIO ACRE, EM RIO BRANCO, FICAR\u00c1 ABAIXO DE 5m<\/span><\/em><\/h2>\n\n\n\n<div class=\"wp-block-columns is-layout-flex wp-container-core-columns-is-layout-8f761849 wp-block-columns-is-layout-flex\">\n<div class=\"wp-block-column is-layout-flow wp-block-column-is-layout-flow\">\n<div class=\"wp-block-cover has-background-dim has-background-gradient\" style=\"background:linear-gradient(360deg,rgb(255,241,250) 0%,rgb(228,227,255) 100%);min-height:111px;aspect-ratio:unset;\"><div class=\"wp-block-cover__inner-container is-layout-flow wp-block-cover-is-layout-flow\">\n<h2 class=\"has-text-align-center wp-block-heading\"><em><span style=\"color:#0072b4\" class=\"has-inline-color\">Tempo quente, por\u00e9m, ventilado<\/span><\/em><\/h2>\n<\/div><\/div>\n<\/div>\n\n\n\n<div class=\"wp-block-column is-layout-flow wp-block-column-is-layout-flow\">\n<div class=\"wp-block-cover has-background-dim has-background-gradient\" style=\"background:linear-gradient(360deg,rgb(255,238,249) 0%,rgb(232,232,255) 100%);min-height:111px;aspect-ratio:unset;\"><div class=\"wp-block-cover__inner-container is-layout-flow wp-block-cover-is-layout-flow\">\n<h2 class=\"has-text-align-center wp-block-heading\"><em><span style=\"color:#6200be\" class=\"has-inline-color\">Chove pouco neste fim de semana<\/span><\/em><\/h2>\n\n\n\n<p class=\"wp-block-paragraph\"><\/p>\n<\/div><\/div>\n<\/div>\n<\/div>\n\n\n\n<h2 class=\"has-text-align-center wp-block-heading\"><em><span style=\"color:#e96100\" class=\"has-inline-color\">Saiba como fica o tempo e o n\u00edvel dos rios nos pr\u00f3ximos dias<\/span><\/em><\/h2>\n\n\n\n<p class=\"wp-block-paragraph\"><\/p>\n<\/div><\/div>\n\n\n\n<hr class=\"wp-block-separator has-text-color has-background\" style=\"background-color:#a50000;color:#a50000\"\/>\n\n\n\n<div style=\"height:14px\" aria-hidden=\"true\" class=\"wp-block-spacer\"><\/div>\n\n\n\n<h2 class=\"has-text-align-center wp-block-heading\"><em><span class=\"has-inline-color has-vivid-purple-color\">MUITO SOL E CALOR, COM POUCA CHUVA<\/span><\/em><\/h2>\n\n\n\n<p class=\"has-medium-font-size wp-block-paragraph\">\u00a0 \u00a0 <span style=\"color: #6500ad;\"><em>O segundo fim de semana de 2022 ser\u00e1 com sol, nuvens e muito calor no Acre. As chuvas ser\u00e3o escassas e ocorrer\u00e3o de forma passageira e pontual, principalmente nas microrregi\u00f5es de Rio Branco, Brasileia e Sena Madureira. No entanto, em alguns pontos e momentos, pode chover forte, com trovoadas. Nas microrregi\u00f5es de Cruzeiro do Sul e Tarauac\u00e1, o calor ser\u00e1 intenso, com baixa probabilidade de chuvas, mas, se ocorrerem, ser\u00e3o r\u00e1pidas e pontuais.<\/em><\/span><\/p>\n\n\n\n<div class=\"wp-block-image size-medium wp-image-25257\"><figure class=\"alignleft is-resized\"><img data-recalc-dims=\"1\" loading=\"lazy\" decoding=\"async\" src=\"https:\/\/i0.wp.com\/otempoaqui.com.br\/wp-content\/uploads\/2021\/08\/2-300x103.jpg?resize=265%2C105&#038;ssl=1\" alt=\"\" class=\"wp-image-25257\" width=\"265\" height=\"105\"\/><figcaption><strong>Internet, jogos, impress\u00f5es, perif\u00e9ricos, manuten\u00e7\u00e3o, consultas, formata\u00e7\u00e3o e servi\u00e7os em geral.<\/strong><\/figcaption><\/figure><\/div>\n\n\n\n<p class=\"has-medium-font-size wp-block-paragraph\"><span style=\"color: #6500ad;\"><em>&nbsp; &nbsp; Os ventos estar\u00e3o soprando da dire\u00e7\u00e3o norte, com varia\u00e7\u00f5es de noroeste e de nordeste, deixando os dias ventilados.<\/em><\/span><\/p>\n\n\n\n<p class=\"has-medium-font-size wp-block-paragraph\"><span style=\"color: #6500ad;\"><em>\u00a0 \u00a0 A condi\u00e7\u00e3o de pouca chuva ainda \u00e9 consequ\u00eancia da atua\u00e7\u00e3o de uma alta press\u00e3o atmosf\u00e9rica na regi\u00e3o portuguesa das ilhas dos A\u00e7ores e da Madeira. Esta alta press\u00e3o impulsiona para o Acre e o oeste e noroeste do Amazonas ventos um pouco mais secos, origin\u00e1rios do deserto do Saara Ocidental, os quais cruzam a Venezuela e a Col\u00f4mbia, atrav\u00e9s do vale do rio Orinoco, entre os planaltos das Guianas e dos Andes setentrionais.<\/em><\/span><\/p>\n\n\n\n<p class=\"has-medium-font-size wp-block-paragraph\"><span style=\"color: #6500ad;\"><em>\u00a0 \u00a0 Nossas estimativas s\u00e3o de que as chuvas aumentem, no Acre, somente ap\u00f3s o dia 12 de janeiro, quando dever\u00e3o ocorrer incurs\u00f5es de pulsos \u00famidos origin\u00e1rios do oceano Atl\u00e2ntico, um pouco abaixo da linha do equador, entre o Nordeste do Brasil e as ilhas da rep\u00fablica de S\u00e3o Tom\u00e9 e Pr\u00edncipe. Mesmo assim, com temos informado, as chuvas, em janeiro, dever\u00e3o ficar abaixo da m\u00e9dia na maioria dos munic\u00edpios acreanos, principalmente no vale do Juru\u00e1.<\/em><\/span><\/p>\n\n\n\n<div style=\"height:16px\" aria-hidden=\"true\" class=\"wp-block-spacer\"><\/div>\n\n\n\n<h2 class=\"has-text-align-center wp-block-heading\"><em><span class=\"has-inline-color has-vivid-purple-color\">N\u00cdVEL DOS RIOS DESABA<\/span><\/em><\/h2>\n\n\n\n<p class=\"has-medium-font-size wp-block-paragraph\">&nbsp; &nbsp; <span style=\"color: #6600a6;\"><em>O n\u00edvel de todos os rios do Acre desaba, tendo em vista as poucas chuvas desde e \u00faltimo dia 30 de dezembro. Em Brasileia, por exemplo, \u00e0s 13h desta sexta-feira, o n\u00edvel do rio Acre era de apenas 1,9m, enquanto, em Rio Branco, somente 6,2m.<\/em><\/span><\/p>\n\n\n\n<div class=\"wp-block-image size-medium wp-image-25256\"><figure class=\"alignleft is-resized\"><img data-recalc-dims=\"1\" loading=\"lazy\" decoding=\"async\" src=\"https:\/\/i0.wp.com\/otempoaqui.com.br\/wp-content\/uploads\/2021\/08\/1.jpg?resize=265%2C105&#038;ssl=1\" alt=\"\" class=\"wp-image-25256\" width=\"265\" height=\"105\"\/><figcaption><strong>Produtos agr\u00edcolas, ro\u00e7adeiras e motores. Tudo isto e muito mais voc\u00ea encontra aqui.<\/strong><\/figcaption><\/figure><\/div>\n\n\n\n<p class=\"has-medium-font-size wp-block-paragraph\"><span style=\"color: #6600a6;\"><em>&nbsp; &nbsp; Os n\u00edveis de todos os rios vai continuar baixando nos pr\u00f3ximos dias, pois as chuvas v\u00e3o continuar escassas, principalmente no centro do Acre e no vale do Juru\u00e1.<\/em><\/span><\/p>\n\n\n\n<p class=\"has-medium-font-size wp-block-paragraph\"><span style=\"color: #6600a6;\"><em>&nbsp; &nbsp; Em Rio Branco, nossas estimativas s\u00e3o de que o rio Acre fique abaixo de 5m, nos pr\u00f3ximos dias.<\/em><\/span><\/p>\n\n\n\n<p class=\"has-medium-font-size wp-block-paragraph\"><span style=\"color: #6600a6;\"><em>&nbsp; &nbsp; Confira, na tabela elaborada por n\u00f3s, o n\u00edvel dos principais rios acreanos, \u00e0s 13h desta sexta-feira (7\/1\/2022) e a tend\u00eancia para os pr\u00f3ximos sete dias:<\/em><\/span><\/p>\n\n\n\n<figure class=\"wp-block-table aligncenter\"><table class=\"has-text-color has-background\" style=\"background:linear-gradient(360deg,rgb(244,252,233) 83%,rgb(205,253,212) 96%);color:#ab0000\"><thead><tr><th><strong>CIDADE<\/strong><\/th><th><strong>N\u00cdVEL ATUAL<\/strong><\/th><th><strong>TEND\u00caNCIA<\/strong><\/th><\/tr><\/thead><tbody><tr><td><strong>Rio Branco<\/strong><\/td><td><strong>6,2m<\/strong><\/td><td>baixar muito<\/td><\/tr><tr><td><strong>Cruzeiro do Sul<\/strong><\/td><td><strong>6,5m<\/strong><\/td><td>baixar muito<\/td><\/tr><tr><td><strong>Sena Madureira<\/strong><\/td><td><strong>5,8m<\/strong><\/td><td>baixar<\/td><\/tr><tr><td><strong>Tarauac\u00e1<\/strong><\/td><td><strong>3,2m<\/strong><\/td><td>estabilizar<\/td><\/tr><tr><td><strong>Manuel Urbano<\/strong><\/td><td><strong>5,6m<\/strong><\/td><td>baixar<\/td><\/tr><tr><td><strong>Xapuri<\/strong><\/td><td><strong>2,9m<\/strong><\/td><td>baixar pouco<\/td><\/tr><tr><td><strong>Brasileia<\/strong><\/td><td><strong>1,9m<\/strong><\/td><td>estabilizar<\/td><\/tr><tr><td><strong>Assis Brasil<\/strong><\/td><td><strong>3,3m<\/strong><\/td><td>estabilizar<\/td><\/tr><tr><td><strong>Pl\u00e1cido de Castro<\/strong><\/td><td><strong>5,8m<\/strong><\/td><td>baixar<\/td><\/tr><tr><td><strong>Feij\u00f3<\/strong><\/td><td><strong>sem dados<\/strong><\/td><td>baixar<\/td><\/tr><\/tbody><\/table><figcaption>Os dados s\u00e3o da Ag\u00eancia Nacional de \u00c1guas, exceto os de Rio Branco, que s\u00e3o aproximados, tendo em vista defeito no equipamento de medi\u00e7\u00e3o.<\/figcaption><\/figure>\n\n\n\n<h2 class=\"has-text-align-center wp-block-heading\"><em><span style=\"color:#970000\" class=\"has-inline-color\">CURSO APROVA\u00c7\u00c3O<\/span><\/em><\/h2>\n\n\n\n<p class=\"has-text-align-center has-medium-font-size wp-block-paragraph\"><em><span style=\"color:#850000\" class=\"has-inline-color\">No Acre, o melhor curso preparat\u00f3rio para o ENEM e vestibulares de todo o Brasil. Especial para quem quer cursar Medicina, Direito, Engenharia e outros cursos mais concorridos. J\u00e1 s\u00e3o mais de 15 anos de tradi\u00e7\u00e3o em Rio Branco. Matr\u00edculas abertas para 2022. N\u00e3o perca sua vaga no melhor curso do Acre!<\/span><\/em><\/p>\n","protected":false},"excerpt":{"rendered":"<p>MUITO SOL E CALOR, COM POUCA CHUVA \u00a0 \u00a0 O segundo fim de semana de 2022 ser\u00e1 com sol, nuvens e muito calor no Acre. As chuvas ser\u00e3o escassas e ocorrer\u00e3o de forma passageira e pontual, principalmente nas microrregi\u00f5es de Rio Branco, Brasileia e Sena Madureira. No entanto, em alguns pontos e momentos, pode chover [&hellip;]<\/p>\n","protected":false},"author":2,"featured_media":0,"comment_status":"open","ping_status":"open","sticky":false,"template":"","format":"standard","meta":{"_jetpack_memberships_contains_paid_content":false,"footnotes":"","jetpack_publicize_message":"","jetpack_publicize_feature_enabled":true,"jetpack_social_post_already_shared":true,"jetpack_social_options":{"image_generator_settings":{"template":"highway","enabled":false},"version":2}},"categories":[193],"tags":[244,39,157,23,46,250,26,111,68],"class_list":["post-27646","post","type-post","status-publish","format-standard","hentry","category-previsao-do-tempo","tag-calor","tag-nivel-do-rio-acre","tag-nivel-dos-rios","tag-previsao-do-tempo","tag-previsao-do-tempo-para-os-proximos-dias","tag-previsao-para-o-fim-de-semana","tag-previsao-para-os-proximos-dias","tag-sol-e-calor","tag-ventos-de-noroeste"],"jetpack_publicize_connections":[],"jetpack_featured_media_url":"","jetpack_likes_enabled":true,"jetpack_sharing_enabled":true,"_links":{"self":[{"href":"https:\/\/otempoaqui.com.br\/index.php?rest_route=\/wp\/v2\/posts\/27646","targetHints":{"allow":["GET"]}}],"collection":[{"href":"https:\/\/otempoaqui.com.br\/index.php?rest_route=\/wp\/v2\/posts"}],"about":[{"href":"https:\/\/otempoaqui.com.br\/index.php?rest_route=\/wp\/v2\/types\/post"}],"author":[{"embeddable":true,"href":"https:\/\/otempoaqui.com.br\/index.php?rest_route=\/wp\/v2\/users\/2"}],"replies":[{"embeddable":true,"href":"https:\/\/otempoaqui.com.br\/index.php?rest_route=%2Fwp%2Fv2%2Fcomments&post=27646"}],"version-history":[{"count":16,"href":"https:\/\/otempoaqui.com.br\/index.php?rest_route=\/wp\/v2\/posts\/27646\/revisions"}],"predecessor-version":[{"id":27662,"href":"https:\/\/otempoaqui.com.br\/index.php?rest_route=\/wp\/v2\/posts\/27646\/revisions\/27662"}],"wp:attachment":[{"href":"https:\/\/otempoaqui.com.br\/index.php?rest_route=%2Fwp%2Fv2%2Fmedia&parent=27646"}],"wp:term":[{"taxonomy":"category","embeddable":true,"href":"https:\/\/otempoaqui.com.br\/index.php?rest_route=%2Fwp%2Fv2%2Fcategories&post=27646"},{"taxonomy":"post_tag","embeddable":true,"href":"https:\/\/otempoaqui.com.br\/index.php?rest_route=%2Fwp%2Fv2%2Ftags&post=27646"}],"curies":[{"name":"wp","href":"https:\/\/api.w.org\/{rel}","templated":true}]}}