{"id":2762,"date":"2014-04-13T16:18:21","date_gmt":"2014-04-13T21:18:21","guid":{"rendered":"http:\/\/otempoaqui.com\/?p=2762"},"modified":"2014-04-14T17:02:47","modified_gmt":"2014-04-14T22:02:47","slug":"tempo-aqui-alerta-para-a-ocorrencia-de-temporais-na-maior-parte-do-acre-nas-proximas-horas","status":"publish","type":"post","link":"https:\/\/otempoaqui.com.br\/?p=2762","title":{"rendered":"O Tempo Aqui alerta para a ocorr\u00eancia de temporais, na maior parte do Acre, nas pr\u00f3ximas horas"},"content":{"rendered":"<p>16h 30min<\/p>\n<p>O Tempo Aqui adverte para a ocorr\u00eancia de temporais, nas pr\u00f3ximas horas, na maior parte do Acre, no sul do Amazonas, no oeste de Rond\u00f4nia, no norte da Bol\u00edvia e no sudeste do Peru.<br \/>\nA frente fria, que, neste momento, atinge com ventos fortes o norte da Bol\u00edvia, deslocar-se-\u00e1 para o sudeste e o leste do Acre, entre o final da tarde deste domingo e o in\u00edcio da noite deste domingo, dia 13 de abril, criando condi\u00e7\u00f5es atmosf\u00e9ricas favor\u00e1veis para o desenvolvimento de nuvens extremamente carregadas que podem resultar em tempo severo.<br \/>\nAlerta-se para o perigo de temporais com possibilidade de chuva localmente forte e intensa, queda de granizo e vendavais.<br \/>\nEm pontos localizados, os temporais podem ser de grande intensidade, com potencial para causar danos estruturais.<br \/>\nO Tempo Aqui alerta, ainda, que a frente fria ir\u00e1 evoluir para o centro do Acre e o vale do Juru\u00e1, durante a noite, assim como para o sul do Amazonas, oeste de Rond\u00f4nia e sudeste do Peru.<br \/>\nPortanto, \u00e9 importante que a popula\u00e7\u00e3o fique atenta para evitar preju\u00edzos ou transtornos maiores.<\/p>\n","protected":false},"excerpt":{"rendered":"<p>16h 30min O Tempo Aqui adverte para a ocorr\u00eancia de temporais, nas pr\u00f3ximas horas, na maior parte do Acre, no sul do Amazonas, no oeste de Rond\u00f4nia, no norte da Bol\u00edvia e no sudeste do Peru. A frente fria, que, neste momento, atinge com ventos fortes o norte da Bol\u00edvia, deslocar-se-\u00e1 para o sudeste e [&hellip;]<\/p>\n","protected":false},"author":2,"featured_media":0,"comment_status":"open","ping_status":"open","sticky":false,"template":"","format":"standard","meta":{"_jetpack_memberships_contains_paid_content":false,"footnotes":"","jetpack_publicize_message":"","jetpack_publicize_feature_enabled":true,"jetpack_social_post_already_shared":true,"jetpack_social_options":{"image_generator_settings":{"template":"highway","enabled":false},"version":2}},"categories":[1],"tags":[73],"class_list":["post-2762","post","type-post","status-publish","format-standard","hentry","category-geral","tag-alerta-de-temporais"],"jetpack_publicize_connections":[],"jetpack_featured_media_url":"","jetpack_likes_enabled":true,"jetpack_sharing_enabled":true,"_links":{"self":[{"href":"https:\/\/otempoaqui.com.br\/index.php?rest_route=\/wp\/v2\/posts\/2762","targetHints":{"allow":["GET"]}}],"collection":[{"href":"https:\/\/otempoaqui.com.br\/index.php?rest_route=\/wp\/v2\/posts"}],"about":[{"href":"https:\/\/otempoaqui.com.br\/index.php?rest_route=\/wp\/v2\/types\/post"}],"author":[{"embeddable":true,"href":"https:\/\/otempoaqui.com.br\/index.php?rest_route=\/wp\/v2\/users\/2"}],"replies":[{"embeddable":true,"href":"https:\/\/otempoaqui.com.br\/index.php?rest_route=%2Fwp%2Fv2%2Fcomments&post=2762"}],"version-history":[{"count":0,"href":"https:\/\/otempoaqui.com.br\/index.php?rest_route=\/wp\/v2\/posts\/2762\/revisions"}],"wp:attachment":[{"href":"https:\/\/otempoaqui.com.br\/index.php?rest_route=%2Fwp%2Fv2%2Fmedia&parent=2762"}],"wp:term":[{"taxonomy":"category","embeddable":true,"href":"https:\/\/otempoaqui.com.br\/index.php?rest_route=%2Fwp%2Fv2%2Fcategories&post=2762"},{"taxonomy":"post_tag","embeddable":true,"href":"https:\/\/otempoaqui.com.br\/index.php?rest_route=%2Fwp%2Fv2%2Ftags&post=2762"}],"curies":[{"name":"wp","href":"https:\/\/api.w.org\/{rel}","templated":true}]}}