{"id":27574,"date":"2022-01-03T23:58:00","date_gmt":"2022-01-04T04:58:00","guid":{"rendered":"https:\/\/otempoaqui.com.br\/?p=27574"},"modified":"2022-01-03T13:52:14","modified_gmt":"2022-01-03T18:52:14","slug":"terca-feira-quente-mas-ventilada-com-sol-e-nuvens-no-acre","status":"publish","type":"post","link":"https:\/\/otempoaqui.com.br\/?p=27574","title":{"rendered":"Ter\u00e7a-feira quente, mas ventilada, com sol e nuvens no Acre"},"content":{"rendered":"<h2 style=\"text-align: center;\"><span style=\"color: #0000ff;\">PREVIS\u00c3O DE TEMPO PARA TER\u00c7A-FEIRA (4\/1\/2022)<\/span><\/h2>\n<hr \/>\n<h2 style=\"text-align: center;\"><span style=\"color: #993300;\"><strong><span style=\"color: #800000;\"><em>O ano<\/em> <em>de<\/em><\/span> <em><span style=\"color: #800080;\">2022<\/span> <span style=\"color: #800000;\">ser\u00e1 de muitas<\/span> <span style=\"color: #0000ff;\">vit\u00f3rias,<\/span>\u00a0<span style=\"color: #ff0000;\">conquistas<\/span> <span style=\"color: #800000;\">e <span style=\"color: #008000;\">realiza\u00e7\u00f5es<\/span> para os brasileiros.<\/span><\/em><\/strong><\/span><\/h2>\n<hr \/>\n<blockquote>\n<h4 style=\"text-align: center;\"><em><span style=\"color: #ff0000;\">CALOR E POUCA CHUVA ESTA SEMANA<\/span><\/em><\/h4>\n<h4>\u00a0 \u00a0 <em><span style=\"color: #ff0000;\">Saiba como fica o tempo na primeira semana de 2022 acessando &#8220;<a href=\"https:\/\/otempoaqui.com.br\/?p=27559\"><span style=\"color: #333399;\">Sol, muito calor e pouca chuva na primeira semana de 2022<\/span><\/a>&#8220;.<\/span><\/em><\/h4>\n<\/blockquote>\n<hr \/>\n<blockquote>\n<h4 style=\"text-align: center;\"><em><span style=\"color: #0000ff;\"><span style=\"color: #800080;\">SAIBA COMO SER\u00c1 O TEMPO EM JANEIRO<\/span><\/span><\/em><\/h4>\n<h4 style=\"text-align: center;\">\u00a0 \u00a0 <em><span style=\"color: #0000ff;\"><span style=\"color: #800080;\">Conhe\u00e7a as caracter\u00edsticas do clima em janeiro e saiba como vai ficar o tempo neste m\u00eas de 2022 acessando nossa publica\u00e7\u00e3o do \u00faltimo dia 31 de dezembro: &#8220;<a href=\"https:\/\/otempoaqui.com.br\/?p=27517\"><span style=\"color: #333399;\">JANEIRO: CALOR, ALTA UMIDADE E CHUVAS CONSTANTES<\/span><\/a>&#8220;.<\/span><\/span><\/em><\/h4>\n<\/blockquote>\n<hr \/>\n<blockquote>\n<h4 style=\"text-align: center;\"><span style=\"color: #800000;\"><em>JORNAL BRIT\u00c2NICO PUBLICOU INFORMA\u00c7\u00d5ES ERRADAS SOBRE RIO BRANCO<\/em><\/span><\/h4>\n<h4>\u00a0 \u00a0 <em><span style=\"color: #800000;\">Acesse &#8220;<a href=\"https:\/\/otempoaqui.com.br\/?p=27233\"><span style=\"color: #333399;\">Jornal ingl\u00eas The Guardian errou feio<\/span><\/a>&#8220;.<\/span><\/em><\/h4>\n<\/blockquote>\n<hr \/>\n<blockquote>\n<h4 style=\"text-align: center;\"><em><span style=\"color: #800080;\">OUTRAS INFORMA\u00c7\u00d5ES MPORTANTES<\/span><\/em><\/h4>\n<h4>\u00a0 \u00a0 <em><span style=\"color: #800080;\">Leia, tamb\u00e9m, acessando:<\/span><\/em><\/h4>\n<ul>\n<li><strong>&#8220;<\/strong><a href=\"https:\/\/otempoaqui.com.br\/?p=27213\"><span style=\"color: #000080;\"><strong>VER\u00c3O: A ESTA\u00c7\u00c3O MAIS CHUVOSA NO ACRE<\/strong><\/span><\/a><strong>&#8220;;<\/strong><\/li>\n<li><strong>&#8220;<\/strong><a href=\"https:\/\/otempoaqui.com.br\/?p=26941\"><strong><span style=\"color: #333399;\">DEZEMBRO:<\/span> <span style=\"color: #333399;\">DIAS<\/span> <span style=\"color: #333399;\">MAIS<\/span> <span style=\"color: #333399;\">LONGOS<\/span> <span style=\"color: #333399;\">E IN\u00cdCIO<\/span> <span style=\"color: #333399;\">DO<\/span> <span style=\"color: #333399;\">VER\u00c3O<\/span> <span style=\"color: #333399;\">CHUVOSO<\/span> <span style=\"color: #333399;\">NO<\/span> <span style=\"color: #333399;\">ACRE<\/span><\/strong><\/a><strong><span style=\"color: #800080;\">&#8220;;<\/span><\/strong><\/li>\n<li><span style=\"color: #800080;\"><strong>&#8220;<\/strong><\/span><a href=\"https:\/\/otempoaqui.com.br\/?p=26829\"><strong><span style=\"color: #003366;\">Acre<\/span> <span style=\"color: #003366;\">foi<\/span> <span style=\"color: #003366;\">abandonado<\/span> <span style=\"color: #003366;\">pelo<\/span> <span style=\"color: #003366;\">Instituto<\/span> <span style=\"color: #003366;\">Nacional<\/span> <span style=\"color: #003366;\">de<\/span> <span style=\"color: #003366;\">Meteorologia<\/span><\/strong><\/a><strong><span style=\"color: #800080;\">&#8220;;<\/span><\/strong><\/li>\n<li><strong><span style=\"color: #800080;\">&#8220;<\/span><\/strong><a href=\"https:\/\/otempoaqui.com.br\/?p=25849\"><strong><span style=\"color: #333399;\">PRIMAVERA:<\/span> <span style=\"color: #333399;\">A ESTA\u00c7\u00c3O<\/span> <span style=\"color: #333399;\">DO<\/span> <span style=\"color: #333399;\">IN\u00cdCIO<\/span> <span style=\"color: #333399;\">DO<\/span> <span style=\"color: #333399;\">PER\u00cdODO<\/span> <span style=\"color: #333399;\">CHUVOSO<\/span><\/strong><\/a><strong><span style=\"color: #800080;\">&#8220;;<\/span><\/strong><\/li>\n<li><span style=\"color: #003366;\">&#8220;<\/span><a href=\"https:\/\/otempoaqui.com.br\/?p=26754\"><span style=\"color: #003366;\"><strong>N\u00e3o h\u00e1 ind\u00edcios de inunda\u00e7\u00f5es alarmantes em 2022 em Rio Branco<\/strong><\/span><\/a>&#8220;.<\/li>\n<\/ul>\n<\/blockquote>\n<hr \/>\n<h4 style=\"text-align: center;\">\u00a0<span style=\"color: #000080;\">VIS\u00c3O GERAL DO TEMPO NESTA TER\u00c7A-FEIRA<\/span><\/h4>\n<h4>\u00a0 <span style=\"color: #000080;\">Nesta ter\u00e7a-feira (4\/1\/2022), o tempo quente, mas ventilado, com sol e nuvens, vai predominar, mais uma vez, no Acre, em Rond\u00f4nia, no Amazonas (sul, oeste e noroeste), na Bol\u00edvia (norte) e no Peru (regi\u00e3o de selva).<\/span><\/h4>\n<h4><span style=\"color: #000080;\">\u00a0 Chuvas intensas podem ocorrer em Mato Grosso, em Goi\u00e1s, no Distrito Federal, no Amazonas (centro, norte, nordeste e leste) e na Bol\u00edvia (centro, leste e sul)<\/span><span style=\"color: #000080;\">.<\/span><\/h4>\n<h4 style=\"text-align: center;\"><span style=\"color: #800000;\">PREVIS\u00c3O ESPEC\u00cdFICA PARA O ACRE<\/span><\/h4>\n<div id=\"attachment_21256\" style=\"width: 210px\" class=\"wp-caption alignleft\"><img data-recalc-dims=\"1\" loading=\"lazy\" decoding=\"async\" aria-describedby=\"caption-attachment-21256\" class=\"size-full wp-image-21256\" src=\"https:\/\/i0.wp.com\/otempoaqui.com.br\/wp-content\/uploads\/2019\/06\/APROVACAO1.png?resize=200%2C200&#038;ssl=1\" alt=\"O melhor curso do Acre\" width=\"200\" height=\"200\" srcset=\"https:\/\/i0.wp.com\/otempoaqui.com.br\/wp-content\/uploads\/2019\/06\/APROVACAO1.png?w=200&amp;ssl=1 200w, https:\/\/i0.wp.com\/otempoaqui.com.br\/wp-content\/uploads\/2019\/06\/APROVACAO1.png?resize=150%2C150&amp;ssl=1 150w, https:\/\/i0.wp.com\/otempoaqui.com.br\/wp-content\/uploads\/2019\/06\/APROVACAO1.png?resize=175%2C175&amp;ssl=1 175w, https:\/\/i0.wp.com\/otempoaqui.com.br\/wp-content\/uploads\/2019\/06\/APROVACAO1.png?resize=184%2C184&amp;ssl=1 184w\" sizes=\"auto, (max-width: 200px) 100vw, 200px\" \/><p id=\"caption-attachment-21256\" class=\"wp-caption-text\"><strong><span style=\"color: #800000;\">O<\/span> <span style=\"color: #800000;\">melhor<\/span> <span style=\"color: #800000;\">curso<\/span> <span style=\"color: #800000;\">preparat\u00f3rio<\/span> <span style=\"color: #800000;\">do<\/span> <span style=\"color: #800000;\">Acre.<\/span> <span style=\"color: #800000;\">Especial<\/span> <span style=\"color: #800000;\">para<\/span> <span style=\"color: #800000;\">quem<\/span> <span style=\"color: #800000;\">quer<\/span> <span style=\"color: #800000;\">cursar<\/span> <span style=\"color: #ff0000;\">Medicina.<\/span> <span style=\"color: #800000;\">Turnos pela manh\u00e3, tarde e noite. J\u00e1<\/span> <span style=\"color: #800000;\">s\u00e3o<\/span> <span style=\"color: #800000;\">15<\/span> <span style=\"color: #800000;\">anos<\/span> <span style=\"color: #800000;\">de<\/span> <span style=\"color: #800000;\">tradi\u00e7\u00e3o.<\/span><\/strong><\/p><\/div>\n<h4>\u00a0 <span style=\"color: #800000;\">Leste e sul do estado:<span style=\"color: #333300;\"> tempo quente e ventilado, com sol e nuvens, vai predominar. Pode chover r\u00e1pido em alguns pontos isolados. Os ventos sopram, entre fracos e moderados, com rajadas eventuais, da dire\u00e7\u00e3o noroeste e varia\u00e7\u00f5es de oeste e do norte.<\/span><\/span><\/h4>\n<h4>\u00a0 <span style=\"color: #800000;\">Centro e oeste acreano:<span style=\"color: #333300;\"> tempo quente e ventilado, com sol e nuvens, vai predominar, mas pode chover r\u00e1pido em alguns pontos isolados. Os ventos sopram, entre fracos e calmos, com rajadas eventuais, da dire\u00e7\u00e3o norte e varia\u00e7\u00f5es de noroeste e de nordeste.<\/span><\/span><\/h4>\n<h4>\u00a0 <span style=\"color: #800000;\">Temperaturas:<\/span><\/h4>\n<h4>\u00a0 <span style=\"color: #800000;\">&#8211; Rio Branco, Senador Guiomard, Bujari e Porto Acre, <span style=\"color: #333300;\">com m\u00ednimas oscilando entre 23 e 25\u00baC, e m\u00e1ximas, entre 33 e 35\u00baC;<\/span><\/span><\/h4>\n<h4>\u00a0 <span style=\"color: #800000;\">&#8211; Brasileia, Epitaciol\u00e2ndia, Xapuri, Capixaba, Assis Brasil e Santa Rosa do Purus, <span style=\"color: #333300;\">com m\u00ednimas oscilando entre 23 e 25\u00baC, e<\/span>\u00a0<span style=\"color: #333300;\">m\u00e1ximas, entre 33 e 35\u00baC;<\/span><\/span><\/h4>\n<h4>\u00a0 <span style=\"color: #800000;\">&#8211; Pl\u00e1cido de Castro e Acrel\u00e2ndia, <span style=\"color: #333300;\">com m\u00ednimas oscilando entre 23 e 25\u00baC, e m\u00e1ximas, entre 33 e 35\u00baC;<\/span><\/span><\/h4>\n<h4>\u00a0 <span style=\"color: #800000;\">&#8211; Sena Madureira e Manuel Urbano, <span style=\"color: #333300;\">com m\u00ednimas oscilando entre 23 e 25\u00baC, e m\u00e1ximas, entre 33 e 35\u00baC;<\/span><\/span><\/h4>\n<h4><span style=\"color: #800000;\">\u00a0 &#8211; Tarauac\u00e1 e Feij\u00f3, <span style=\"color: #333300;\">com m\u00ednimas oscilando entre 23 e 25\u00baC, e m\u00e1ximas, entre 33 e 35\u00baC;<\/span><\/span><\/h4>\n<h4>\u00a0 <span style=\"color: #800000;\">&#8211; Cruzeiro do Sul, M\u00e2ncio Lima e Rodrigues Alves, <span style=\"color: #333300;\">com m\u00ednimas oscilando entre 23 e 25\u00baC, e m\u00e1ximas, entre 33 e 35\u00baC;<\/span><\/span><\/h4>\n<h4>\u00a0 <span style=\"color: #800000;\">&#8211; Marechal Thaumaturgo, Porto Walter e Jord\u00e3o, <span style=\"color: #333300;\">com m\u00ednimas oscilando entre 23 e 25\u00baC, e m\u00e1ximas, entre 33 e 35\u00baC.<\/span><\/span><\/h4>\n<h1 style=\"text-align: center;\"><span style=\"color: #0000ff;\">\u2193\u2193\u2193<\/span><\/h1>\n<p style=\"text-align: center;\">\u00a0 \u00a0 <strong><span style=\"color: #800000;\">PREVIS\u00c3O<\/span> <span style=\"color: #800000;\">PARA QUARTA-FEIRA<\/span> \u00a0<span style=\"color: #800000;\">(5\/1\/2022)<\/span><\/strong><\/p>\n<p>\u00a0 \u00a0 <strong><span style=\"color: #800000;\">Leste e sul do Acre: tempo quente, mas ventilado, com sol e nuvens. Pode chover r\u00e1pido em alguns pontos isolados. Temperatura m\u00ednima varia entre 23 e 25\u00baC e m\u00e1xima, entre 32 e 34\u00baC.<\/span><\/strong><\/p>\n<p><strong><span style=\"color: #800000;\">\u00a0 \u00a0 Centro e oeste do Acre: tempo quente, com sol e nuvens, mas ventilado. Pode chover r\u00e1pido em alguns pontos isolados. Temperatura m\u00ednima varia entre 23 e 25\u00baC e m\u00e1xima, entre 33 e 35\u00baC.<\/span><\/strong><\/p>\n<hr \/>\n<h4><span style=\"color: #800080;\">TEMPERATURAS EM OUTROS ESTADOS NESTA TER\u00c7A-FEIRA<\/span><\/h4>\n<hr \/>\n<h4><span style=\"color: #800080;\">ROND\u00d4NIA:<\/span><\/h4>\n<h4><span style=\"color: #000080;\">\u00a0 &#8211; Porto Velho e Ariquemes, m\u00ednima entre 23 e 25\u00baC, e m\u00e1xima entre 31 e 33\u00baC;<\/span><\/h4>\n<h4><span style=\"color: #000080;\">\u00a0 &#8211; Cacoal e Ji-Paran\u00e1, m\u00ednima entre 23 e 25\u00baC e m\u00e1xima entre 32 e 34\u00baC;<\/span><\/h4>\n<h4><span style=\"color: #000080;\">\u00a0 &#8211; Vilhena, m\u00ednima entre 22 e 24\u00baC e m\u00e1xima entre 29 e 31\u00baC;<\/span><\/h4>\n<h4><span style=\"color: #000080;\">\u00a0 &#8211; Guajar\u00e1-Mirim e Costa Marques, m\u00ednima entre 23 e 25\u00baC e m\u00e1xima entre 32 e 34\u00baC.<\/span><\/h4>\n<hr \/>\n<h4>\u00a0 <span style=\"color: #000080;\"><span style=\"color: #800080;\">DISTRITO FEDERAL:<\/span><\/span><\/h4>\n<h4><span style=\"color: #000080;\">\u00a0 Bras\u00edlia e arredores ter\u00e3o m\u00ednima entre 16 e 19\u00baC e m\u00e1xima entre 25 e 28\u00baC.<\/span><\/h4>\n<hr \/>\n<h4><span style=\"color: #800080;\">GOI\u00c1S:<\/span><\/h4>\n<h4><span style=\"color: #000080;\">\u00a0 Em Goi\u00e2nia, a m\u00ednima varia entre 19 e 21\u00baC e a m\u00e1xima, entre 27 e 29\u00baC.<\/span><\/h4>\n<hr \/>\n<h4><span style=\"color: #000080;\"><span style=\"color: #800080;\">MATO GROSSO:<\/span><\/span><\/h4>\n<h4><span style=\"color: #000080;\">\u00a0 Em Cuiab\u00e1, m\u00ednima entre 24 e 26\u00baC e m\u00e1xima entre 31 e 33\u00baC, e em C\u00e1ceres, m\u00ednima entre 23 e 25\u00baC e m\u00e1xima entre 31 e 33\u00baC.<\/span><\/h4>\n<hr \/>\n<h4><span style=\"color: #800080;\">AMAZONAS:<\/span><\/h4>\n<h4><span style=\"color: #000080;\">\u00a0 &#8211; Manaus, Manacapuru, Itacoatiara e Parintins, m\u00ednima entre 24 e 26\u00baC e m\u00e1xima entre 27 e 29\u00baC;<\/span><\/h4>\n<h4><span style=\"color: #000080;\">\u00a0 &#8211; Boca do Acre e Pauini, m\u00ednima entre 23 e 25\u00baC, e m\u00e1xima entre 33<\/span><span style=\"color: #000080;\">\u00a0e 35\u00baC;<\/span><\/h4>\n<h4><span style=\"color: #000080;\">\u00a0 &#8211; Eirunep\u00e9, Ipixuna e Guajar\u00e1, m\u00ednima entre 23 e 25\u00baC, e m\u00e1xima entre 33 e 35\u00baC.<\/span><\/h4>\n<div id=\"attachment_25257\" style=\"width: 310px\" class=\"wp-caption aligncenter\"><img data-recalc-dims=\"1\" loading=\"lazy\" decoding=\"async\" aria-describedby=\"caption-attachment-25257\" class=\"size-medium wp-image-25257\" src=\"https:\/\/i0.wp.com\/otempoaqui.com.br\/wp-content\/uploads\/2021\/08\/2-300x103.jpg?resize=300%2C103&#038;ssl=1\" alt=\"\" width=\"300\" height=\"103\" \/><p id=\"caption-attachment-25257\" class=\"wp-caption-text\"><span style=\"color: #d17d00;\"><span style=\"color: #800080;\"><strong><em>Internet,<\/em><\/strong> <strong><em>jogos,<\/em><\/strong> <strong><em>impress\u00f5es,<\/em><\/strong> <strong><em>perif\u00e9ricos,<\/em><\/strong> <strong><em>manuten\u00e7\u00e3o,<\/em><\/strong> <strong><em>consultas,<\/em><\/strong> <strong><em>formata\u00e7\u00e3o <\/em><\/strong><strong><em>e<\/em><\/strong> <strong><em>servi\u00e7os<\/em><\/strong> <strong><em>em<\/em><\/strong> <strong><em>geral.<\/em><\/strong><\/span><\/span><\/p><\/div>\n<div id=\"attachment_25256\" style=\"width: 310px\" class=\"wp-caption aligncenter\"><img data-recalc-dims=\"1\" loading=\"lazy\" decoding=\"async\" aria-describedby=\"caption-attachment-25256\" class=\"size-medium wp-image-25256\" src=\"https:\/\/i0.wp.com\/otempoaqui.com.br\/wp-content\/uploads\/2021\/08\/1.jpg?resize=300%2C101&#038;ssl=1\" alt=\"\" width=\"300\" height=\"101\" srcset=\"https:\/\/i0.wp.com\/otempoaqui.com.br\/wp-content\/uploads\/2021\/08\/1.jpg?resize=300%2C101&amp;ssl=1 300w, https:\/\/i0.wp.com\/otempoaqui.com.br\/wp-content\/uploads\/2021\/08\/1.jpg?w=609&amp;ssl=1 609w\" sizes=\"auto, (max-width: 300px) 100vw, 300px\" \/><p id=\"caption-attachment-25256\" class=\"wp-caption-text\"><span style=\"color: #333399;\"><span style=\"color: #0000ff;\"><strong><em>Produtos agr\u00edcolas, ro\u00e7adeiras e motores. Tudo isto e muito mais voc\u00ea encontra aqui.<\/em><\/strong><\/span><\/span><\/p><\/div>\n<blockquote>\n<h3 style=\"text-align: center;\"><span style=\"color: #003300;\"><em>Acompanhe nossas atualiza\u00e7\u00f5es di\u00e1rias para ficar bem informado e n\u00e3o ser pego de surpresa pelas adversidades do tempo meteorol\u00f3gico.<\/em><\/span><\/h3>\n<\/blockquote>\n","protected":false},"excerpt":{"rendered":"<p>PREVIS\u00c3O DE TEMPO PARA TER\u00c7A-FEIRA (4\/1\/2022) O ano de 2022 ser\u00e1 de muitas vit\u00f3rias,\u00a0conquistas e realiza\u00e7\u00f5es para os brasileiros. CALOR E POUCA CHUVA ESTA SEMANA \u00a0 \u00a0 Saiba como fica o tempo na primeira semana de 2022 acessando &#8220;Sol, muito calor e pouca chuva na primeira semana de 2022&#8220;. SAIBA COMO SER\u00c1 O TEMPO EM [&hellip;]<\/p>\n","protected":false},"author":2,"featured_media":0,"comment_status":"open","ping_status":"open","sticky":false,"template":"","format":"standard","meta":{"_jetpack_memberships_contains_paid_content":false,"footnotes":"","jetpack_publicize_message":"","jetpack_publicize_feature_enabled":true,"jetpack_social_post_already_shared":true,"jetpack_social_options":{"image_generator_settings":{"template":"highway","enabled":false},"version":2}},"categories":[193],"tags":[244,23,46,168,26,111],"class_list":["post-27574","post","type-post","status-publish","format-standard","hentry","category-previsao-do-tempo","tag-calor","tag-previsao-do-tempo","tag-previsao-do-tempo-para-os-proximos-dias","tag-previsao-para-a-semana","tag-previsao-para-os-proximos-dias","tag-sol-e-calor"],"jetpack_publicize_connections":[],"jetpack_featured_media_url":"","jetpack_likes_enabled":true,"jetpack_sharing_enabled":true,"_links":{"self":[{"href":"https:\/\/otempoaqui.com.br\/index.php?rest_route=\/wp\/v2\/posts\/27574","targetHints":{"allow":["GET"]}}],"collection":[{"href":"https:\/\/otempoaqui.com.br\/index.php?rest_route=\/wp\/v2\/posts"}],"about":[{"href":"https:\/\/otempoaqui.com.br\/index.php?rest_route=\/wp\/v2\/types\/post"}],"author":[{"embeddable":true,"href":"https:\/\/otempoaqui.com.br\/index.php?rest_route=\/wp\/v2\/users\/2"}],"replies":[{"embeddable":true,"href":"https:\/\/otempoaqui.com.br\/index.php?rest_route=%2Fwp%2Fv2%2Fcomments&post=27574"}],"version-history":[{"count":1,"href":"https:\/\/otempoaqui.com.br\/index.php?rest_route=\/wp\/v2\/posts\/27574\/revisions"}],"predecessor-version":[{"id":27575,"href":"https:\/\/otempoaqui.com.br\/index.php?rest_route=\/wp\/v2\/posts\/27574\/revisions\/27575"}],"wp:attachment":[{"href":"https:\/\/otempoaqui.com.br\/index.php?rest_route=%2Fwp%2Fv2%2Fmedia&parent=27574"}],"wp:term":[{"taxonomy":"category","embeddable":true,"href":"https:\/\/otempoaqui.com.br\/index.php?rest_route=%2Fwp%2Fv2%2Fcategories&post=27574"},{"taxonomy":"post_tag","embeddable":true,"href":"https:\/\/otempoaqui.com.br\/index.php?rest_route=%2Fwp%2Fv2%2Ftags&post=27574"}],"curies":[{"name":"wp","href":"https:\/\/api.w.org\/{rel}","templated":true}]}}