{"id":2756,"date":"2014-04-13T13:27:25","date_gmt":"2014-04-13T18:27:25","guid":{"rendered":"http:\/\/otempoaqui.com\/?p=2756"},"modified":"2014-04-13T13:27:25","modified_gmt":"2014-04-13T18:27:25","slug":"alerta-urgente-fortes-temporais-com-muito-vento-raios-e-chuvas-intensas-atingirao-todo-o-acre-a-partir-da-tarde-deste-domingo","status":"publish","type":"post","link":"https:\/\/otempoaqui.com.br\/?p=2756","title":{"rendered":"ALERTA URGENTE: Fortes temporais, com muito vento, raios e chuvas intensas atingir\u00e3o todo o Acre, a partir da tarde deste domingo."},"content":{"rendered":"<p>11h 50min<\/p>\n<p>    A chegada de uma frente fria provocar\u00e1 fortes temporais, em todo o Acre, a partir da tarde e durante a noite deste domingo, dia 13 de abril.<br \/>\n    As condi\u00e7\u00f5es atmosf\u00e9ricas estar\u00e3o extremamente favor\u00e1veis \u00e0 ocorr\u00eancia de ventos fortes, com rajadas que poder\u00e3o ultrapassar a velocidade de 60km\/h, nos lugares mais altos.<br \/>\n    Poder\u00e3o ocorrer chuvas intensas, com muitos raios, na maioria dos munic\u00edpios do estado.<br \/>\n    O mau tempo poder\u00e1 causar s\u00e9rios transtornos \u00e0 popula\u00e7\u00e3o, em muitas cidades, inclusive, em Rio Branco, pois, al\u00e9m, das chuvas e das descargas el\u00e9tricas, poder\u00e3o ocorrer ventos suficientemente fortes para destelhar resid\u00eancias e derrubar \u00e1rvores, em muitos pontos.<br \/>\n    Portanto, \u00e9 importante que a popula\u00e7\u00e3o fique atenta para evitar maiores transtornos ou preju\u00edzos.<br \/>\n    As primeiras cidades a serem atingidas ser\u00e3o Brasileia, Xapuri, Pl\u00e1cido de Castro, Capixaba e munic\u00edpios vizinhos, durante a tarde deste domingo. Em seguida, no final da tarde ou no in\u00edcio da noite, os ventos fortes atingir\u00e3o Rio Branco, Porto Acre, Sena Madureira e proximidades. Durante o restante da noite, ser\u00e1 a vez de Feij\u00f3, Tarauac\u00e1, Santa Rosa do Purus, Jord\u00e3o, Marechal Thaumaturgo e, por \u00faltimo a regi\u00e3o de Cruzeiro do Sul.<br \/>\n    Quanto \u00e0 temperatura, haver\u00e1 um r\u00e1pido decl\u00ednio, durante a noite, e, ao amanhecer, dever\u00e1 oscilar entre 18 e 20\u00baC, em Rio Branco, Brasileia e proximidades, por\u00e9m, devido aos ventos intensos, a sensa\u00e7\u00e3o t\u00e9rmica ser\u00e1 bem inferior.<br \/>\n    Resumindo, a frente fria come\u00e7ar\u00e1 a chegar, no in\u00edcio da noite, em Rio Branco, com muito vento durante a noite toda, mas a massa de ar frio, de origem polar, atingir\u00e1, com mais intensidade, na segunda-feira, todo o Acre.<br \/>\n    As temperatura m\u00ednimas, na capital acreana, dever\u00e1 oscilar entre 16 e 18\u00baC, ao amanhecer de ter\u00e7a-feira e de quarta-feira.<br \/>\n    A segunda-feira ser\u00e1 com tempo fechado e muito vento. A temperatura m\u00e1xima, \u00e0 tarde, dever\u00e1 ficar abaixo de 26\u00baC, em todo o estado.<br \/>\n    As chuvas cessam, no Acre, a partir da tarde segunda-feira at\u00e9, pelo menos, a pr\u00f3xima quinta-feira, dia 17. A partir de ter\u00e7a-feira, a umidade do ar estar\u00e1 baixa, principalmente, em Rio Branco e em Brasileia.<\/p>\n","protected":false},"excerpt":{"rendered":"<p>11h 50min A chegada de uma frente fria provocar\u00e1 fortes temporais, em todo o Acre, a partir da tarde e durante a noite deste domingo, dia 13 de abril. As condi\u00e7\u00f5es atmosf\u00e9ricas estar\u00e3o extremamente favor\u00e1veis \u00e0 ocorr\u00eancia de ventos fortes, com rajadas que poder\u00e3o ultrapassar a velocidade de 60km\/h, nos lugares mais altos. Poder\u00e3o ocorrer [&hellip;]<\/p>\n","protected":false},"author":2,"featured_media":0,"comment_status":"open","ping_status":"open","sticky":false,"template":"","format":"standard","meta":{"_jetpack_memberships_contains_paid_content":false,"footnotes":"","jetpack_publicize_message":"","jetpack_publicize_feature_enabled":true,"jetpack_social_post_already_shared":true,"jetpack_social_options":{"image_generator_settings":{"template":"highway","enabled":false},"version":2}},"categories":[1],"tags":[73],"class_list":["post-2756","post","type-post","status-publish","format-standard","hentry","category-geral","tag-alerta-de-temporais"],"jetpack_publicize_connections":[],"jetpack_featured_media_url":"","jetpack_likes_enabled":true,"jetpack_sharing_enabled":true,"_links":{"self":[{"href":"https:\/\/otempoaqui.com.br\/index.php?rest_route=\/wp\/v2\/posts\/2756","targetHints":{"allow":["GET"]}}],"collection":[{"href":"https:\/\/otempoaqui.com.br\/index.php?rest_route=\/wp\/v2\/posts"}],"about":[{"href":"https:\/\/otempoaqui.com.br\/index.php?rest_route=\/wp\/v2\/types\/post"}],"author":[{"embeddable":true,"href":"https:\/\/otempoaqui.com.br\/index.php?rest_route=\/wp\/v2\/users\/2"}],"replies":[{"embeddable":true,"href":"https:\/\/otempoaqui.com.br\/index.php?rest_route=%2Fwp%2Fv2%2Fcomments&post=2756"}],"version-history":[{"count":0,"href":"https:\/\/otempoaqui.com.br\/index.php?rest_route=\/wp\/v2\/posts\/2756\/revisions"}],"wp:attachment":[{"href":"https:\/\/otempoaqui.com.br\/index.php?rest_route=%2Fwp%2Fv2%2Fmedia&parent=2756"}],"wp:term":[{"taxonomy":"category","embeddable":true,"href":"https:\/\/otempoaqui.com.br\/index.php?rest_route=%2Fwp%2Fv2%2Fcategories&post=2756"},{"taxonomy":"post_tag","embeddable":true,"href":"https:\/\/otempoaqui.com.br\/index.php?rest_route=%2Fwp%2Fv2%2Ftags&post=2756"}],"curies":[{"name":"wp","href":"https:\/\/api.w.org\/{rel}","templated":true}]}}