{"id":2677,"date":"2014-04-05T17:51:28","date_gmt":"2014-04-05T22:51:28","guid":{"rendered":"http:\/\/otempoaqui.com\/?p=2677"},"modified":"2014-04-06T15:16:55","modified_gmt":"2014-04-06T20:16:55","slug":"alerta-de-temporais-e-alta-a-probabilidade-de-ocorrencia-de-chuvas-fortes-com-raios-e-ventanias-neste-domingo-na-maior-parte-do-acre-e-regioes-vizinhas","status":"publish","type":"post","link":"https:\/\/otempoaqui.com.br\/?p=2677","title":{"rendered":"ALERTA DE TEMPORAIS: \u00c9 alta a probabilidade de ocorr\u00eancia de chuvas fortes, com raios e ventanias, a partir do final da tarde ou durante a noite deste domingo, na maior parte do Acre e das regi\u00f5es vizinhas."},"content":{"rendered":"<p>17h 15min<\/p>\n<p>As condi\u00e7\u00f5es atmosf\u00e9ricas estar\u00e3o altamente favor\u00e1veis \u00e0 ocorr\u00eancia de temporais, com chuvas fortes, raios, ventanias e, eventual, queda de granizo, a partir do final da tarde \u00a0ou durante a noite deste domingo, dia 6 de abril, na maior parte do Acre, inclusive, em Rio Branco.<br \/>\nEm algumas \u00e1reas, poder\u00e3o ocorrer s\u00e9rios transtornos \u00e0 popula\u00e7\u00e3o atingida pelo mau tempo.<br \/>\nDeve-se ressaltar que a intensidade dos temporais varia muito de um munic\u00edpio para outro. Em algumas \u00e1reas do estado, poder\u00e1, at\u00e9, nem chover.<br \/>\nNo entanto, o alerta \u00e9 dado para que a popula\u00e7\u00e3o fique atenta, neste domingo, pois, a alta umidade, vindo do oceano Atl\u00e2ntico, e o calor excessivo v\u00e3o criar condi\u00e7\u00f5es prop\u00edcias a tempo severo, no Acre, no sul do Amazonas, em Rond\u00f4nia, no norte da Bol\u00edvia e nas regi\u00f5es peruanas de Porto Maldonado, Cusco, Pucalpa e Iquitos.<\/p>\n","protected":false},"excerpt":{"rendered":"<p>17h 15min As condi\u00e7\u00f5es atmosf\u00e9ricas estar\u00e3o altamente favor\u00e1veis \u00e0 ocorr\u00eancia de temporais, com chuvas fortes, raios, ventanias e, eventual, queda de granizo, a partir do final da tarde \u00a0ou durante a noite deste domingo, dia 6 de abril, na maior parte do Acre, inclusive, em Rio Branco. Em algumas \u00e1reas, poder\u00e3o ocorrer s\u00e9rios transtornos \u00e0 [&hellip;]<\/p>\n","protected":false},"author":2,"featured_media":0,"comment_status":"open","ping_status":"open","sticky":false,"template":"","format":"standard","meta":{"_jetpack_memberships_contains_paid_content":false,"footnotes":"","jetpack_publicize_message":"","jetpack_publicize_feature_enabled":true,"jetpack_social_post_already_shared":true,"jetpack_social_options":{"image_generator_settings":{"template":"highway","enabled":false},"version":2}},"categories":[1],"tags":[73],"class_list":["post-2677","post","type-post","status-publish","format-standard","hentry","category-geral","tag-alerta-de-temporais"],"jetpack_publicize_connections":[],"jetpack_featured_media_url":"","jetpack_likes_enabled":true,"jetpack_sharing_enabled":true,"_links":{"self":[{"href":"https:\/\/otempoaqui.com.br\/index.php?rest_route=\/wp\/v2\/posts\/2677","targetHints":{"allow":["GET"]}}],"collection":[{"href":"https:\/\/otempoaqui.com.br\/index.php?rest_route=\/wp\/v2\/posts"}],"about":[{"href":"https:\/\/otempoaqui.com.br\/index.php?rest_route=\/wp\/v2\/types\/post"}],"author":[{"embeddable":true,"href":"https:\/\/otempoaqui.com.br\/index.php?rest_route=\/wp\/v2\/users\/2"}],"replies":[{"embeddable":true,"href":"https:\/\/otempoaqui.com.br\/index.php?rest_route=%2Fwp%2Fv2%2Fcomments&post=2677"}],"version-history":[{"count":0,"href":"https:\/\/otempoaqui.com.br\/index.php?rest_route=\/wp\/v2\/posts\/2677\/revisions"}],"wp:attachment":[{"href":"https:\/\/otempoaqui.com.br\/index.php?rest_route=%2Fwp%2Fv2%2Fmedia&parent=2677"}],"wp:term":[{"taxonomy":"category","embeddable":true,"href":"https:\/\/otempoaqui.com.br\/index.php?rest_route=%2Fwp%2Fv2%2Fcategories&post=2677"},{"taxonomy":"post_tag","embeddable":true,"href":"https:\/\/otempoaqui.com.br\/index.php?rest_route=%2Fwp%2Fv2%2Ftags&post=2677"}],"curies":[{"name":"wp","href":"https:\/\/api.w.org\/{rel}","templated":true}]}}