{"id":2651,"date":"2014-04-02T16:31:55","date_gmt":"2014-04-02T21:31:55","guid":{"rendered":"http:\/\/otempoaqui.com\/?p=2651"},"modified":"2014-04-02T16:31:55","modified_gmt":"2014-04-02T21:31:55","slug":"alerta-de-temporais-e-alta-a-probabilidade-de-ocorrencia-de-temporais-com-chuvas-fortes-raios-e-ventanias-no-final-da-tarde-ou-durante-a-noite-desta-quarta-feira-na-maior-parte-do-acre","status":"publish","type":"post","link":"https:\/\/otempoaqui.com.br\/?p=2651","title":{"rendered":"ALERTA DE TEMPORAIS: \u00c9 alta a probabilidade de ocorr\u00eancia de temporais, com chuvas fortes, raios e ventanias, no final da tarde ou durante a noite desta quarta-feira, na maior parte do Acre."},"content":{"rendered":"<p>16h 5min<\/p>\n<p>   As condi\u00e7\u00f5es atmosf\u00e9rias est\u00e3o altamente favor\u00e1veis \u00e0 ocorr\u00eancia de temporais, com chuvas fortes, raios, ventanias e, eventual, queda de granizo, na maior parte do Acre, principalmente, no leste e no sudeste do estado, onde est\u00e3o localizadas as cidades de Rio Branco, Brasileia e Sena Madureira.<br \/>\n   Em algumas \u00e1reas poder\u00e3o ocorrer s\u00e9rios transtornos \u00e0 popula\u00e7\u00e3o atingida pelo tempo severo.<br \/>\n   A causa \u00e9 uma itntensa massa de ar muito \u00famido e inst\u00e1vel, vindo do oceano Atl\u00e2ntico.<br \/>\n   Deve-se ressaltar que nem todos os munic\u00edpios acreanos ser\u00e3o atingidos com a mesma intensidade. Em alguns, pode, at\u00e9, nem chover.<br \/>\n   Os temporais poder\u00e3o atingir, ainda, os munic\u00edpios de Boca do Acre, Envira, L\u00e1brea, Pauini, Eirunep\u00e9 e proximidades, no Amazonas, e a maior parte de Rond\u00f4nia, assim como as regi\u00f5es de Cobija e Riberalta, na Bol\u00edvia, e Porto Maldonado, Cusco e Pucalpa, no Peru.<\/p>\n","protected":false},"excerpt":{"rendered":"<p>16h 5min As condi\u00e7\u00f5es atmosf\u00e9rias est\u00e3o altamente favor\u00e1veis \u00e0 ocorr\u00eancia de temporais, com chuvas fortes, raios, ventanias e, eventual, queda de granizo, na maior parte do Acre, principalmente, no leste e no sudeste do estado, onde est\u00e3o localizadas as cidades de Rio Branco, Brasileia e Sena Madureira. Em algumas \u00e1reas poder\u00e3o ocorrer s\u00e9rios transtornos \u00e0 [&hellip;]<\/p>\n","protected":false},"author":2,"featured_media":0,"comment_status":"open","ping_status":"open","sticky":false,"template":"","format":"standard","meta":{"_jetpack_memberships_contains_paid_content":false,"footnotes":"","jetpack_publicize_message":"","jetpack_publicize_feature_enabled":true,"jetpack_social_post_already_shared":true,"jetpack_social_options":{"image_generator_settings":{"template":"highway","enabled":false},"version":2}},"categories":[1],"tags":[73],"class_list":["post-2651","post","type-post","status-publish","format-standard","hentry","category-geral","tag-alerta-de-temporais"],"jetpack_publicize_connections":[],"jetpack_featured_media_url":"","jetpack_likes_enabled":true,"jetpack_sharing_enabled":true,"_links":{"self":[{"href":"https:\/\/otempoaqui.com.br\/index.php?rest_route=\/wp\/v2\/posts\/2651","targetHints":{"allow":["GET"]}}],"collection":[{"href":"https:\/\/otempoaqui.com.br\/index.php?rest_route=\/wp\/v2\/posts"}],"about":[{"href":"https:\/\/otempoaqui.com.br\/index.php?rest_route=\/wp\/v2\/types\/post"}],"author":[{"embeddable":true,"href":"https:\/\/otempoaqui.com.br\/index.php?rest_route=\/wp\/v2\/users\/2"}],"replies":[{"embeddable":true,"href":"https:\/\/otempoaqui.com.br\/index.php?rest_route=%2Fwp%2Fv2%2Fcomments&post=2651"}],"version-history":[{"count":0,"href":"https:\/\/otempoaqui.com.br\/index.php?rest_route=\/wp\/v2\/posts\/2651\/revisions"}],"wp:attachment":[{"href":"https:\/\/otempoaqui.com.br\/index.php?rest_route=%2Fwp%2Fv2%2Fmedia&parent=2651"}],"wp:term":[{"taxonomy":"category","embeddable":true,"href":"https:\/\/otempoaqui.com.br\/index.php?rest_route=%2Fwp%2Fv2%2Fcategories&post=2651"},{"taxonomy":"post_tag","embeddable":true,"href":"https:\/\/otempoaqui.com.br\/index.php?rest_route=%2Fwp%2Fv2%2Ftags&post=2651"}],"curies":[{"name":"wp","href":"https:\/\/api.w.org\/{rel}","templated":true}]}}