{"id":26439,"date":"2021-10-29T23:53:00","date_gmt":"2021-10-30T04:53:00","guid":{"rendered":"https:\/\/otempoaqui.com.br\/?p=26439"},"modified":"2021-10-29T13:05:47","modified_gmt":"2021-10-29T18:05:47","slug":"sabado-quente-com-sol-e-nuvens","status":"publish","type":"post","link":"https:\/\/otempoaqui.com.br\/?p=26439","title":{"rendered":"S\u00e1bado quente, com sol e nuvens, no Acre"},"content":{"rendered":"<h3 style=\"text-align: center;\"><span style=\"color: #0000ff;\">PREVIS\u00c3O DE TEMPO PARA S\u00c1BADO (30\/10\/2021)<\/span><\/h3>\n<hr \/>\n<blockquote>\n<h4 style=\"text-align: center;\"><em><span style=\"color: #ff0000;\">SAIBA COMO FICA O TEMPO NOS PR\u00d3XIMOS DIAS<\/span><\/em><\/h4>\n<h4><em><span style=\"color: #ff0000;\">Calor, com sol e nuvens, vai predominar neste fim de semana, mas vem muita chuva no feriad\u00e3o! Saiba como fica o tempo neste fim de semana e no feriad\u00e3o acessando &#8220;<a href=\"https:\/\/otempoaqui.com.br\/?p=26443\"><span style=\"color: #333399;\">Sol e calor no fim de semana, mas muita chuva no feriado<\/span><\/a>&#8220;.<\/span><\/em><\/h4>\n<\/blockquote>\n<hr \/>\n<blockquote>\n<h4 style=\"text-align: center;\"><em><span style=\"color: #800080;\">O CLIMA E O TEMPO EM NOVEMBRO<\/span><\/em><\/h4>\n<h4>\u00a0<em><span style=\"color: #800080;\">Neste domingo (31\/10\/2021), por volta das 13h (hor\u00e1rio de Rio Branco), publicaremos as caracter\u00edsticas do clima em novembro e a tend\u00eancia do tempo para este m\u00eas de 20201, que promete ser com muita chuva.<\/span><\/em><\/h4>\n<\/blockquote>\n<hr \/>\n<blockquote>\n<h4 style=\"text-align: center;\"><em><span style=\"color: #ff0000;\"><span style=\"color: #008000;\">PRIMAVERA COME\u00c7OU NO DIA 22 DE SETEMBRO<\/span><\/span><\/em><\/h4>\n<h4>\u00a0 \u00a0 \u00a0 <em><span style=\"color: #ff0000;\"><span style=\"color: #008000;\">No \u00faltimo dia 22 de setembro come\u00e7ou a esta\u00e7\u00e3o da primavera. Saiba como se comporta o clima nesta esta\u00e7\u00e3o do ano e qual a tend\u00eancia do tempo nos pr\u00f3ximos tr\u00eas meses acessando &#8220;<\/span><a href=\"https:\/\/otempoaqui.com.br\/?p=25849\"><span style=\"color: #333399;\">PRIMAVERA: A ESTA\u00c7\u00c3O DO IN\u00cdCIO DO PER\u00cdODO CHUVOSO<\/span><\/a><span style=\"color: #008000;\">&#8220;.<\/span><\/span><\/em><\/h4>\n<\/blockquote>\n<hr \/>\n<blockquote>\n<h4 style=\"text-align: center;\"><em><span style=\"color: #800080;\">O PIOR<\/span> <span style=\"color: #800080;\">DA SECA<\/span>\u00a0<span style=\"color: #800080;\">J\u00c1<\/span> <span style=\"color: #800080;\">PASSOU<\/span><\/em><\/h4>\n<h4>\u00a0 \u00a0 <em><span style=\"color: #800080;\">As chuvas di\u00e1rias, mas, ainda pontuais, v\u00e3o continuar no Acre. Assim, o pior da seca j\u00e1 passou. Saiba o motivo pelo qual as pessoas d\u00e3o tantas informa\u00e7\u00f5es erradas sobre o n\u00edvel dos rios e sobre o tempo meteorol\u00f3gico acessando &#8220;<a href=\"https:\/\/otempoaqui.com.br\/?p=25491\"><span style=\"color: #808080;\">O pior da seca j\u00e1 passou no Acre: chuvas di\u00e1rias far\u00e3o n\u00edvel dos rios subir lentamente, inclusive, em Rio Branco<\/span><\/a><span style=\"color: #808080;\">&#8220;.<\/span><\/span><\/em><\/h4>\n<\/blockquote>\n<hr \/>\n<h4 style=\"text-align: center;\">\u00a0<span style=\"color: #000080;\">VIS\u00c3O GERAL DO TEMPO NESTE S\u00c1BADO<\/span><\/h4>\n<h4>\u00a0 <span style=\"color: #000080;\">Neste s\u00e1bado (30\/10\/2021), o tempo quente, com sol, nuvens e chuvas passageiras e pontuais, vai predominar em Rond\u00f4nia, no Amazonas, em Mato Grosso, em Goi\u00e1s, no Distrito Federal, na Bol\u00edvia (plan\u00edcies) e no Peru (regi\u00e3o de selva). Em algumas \u00e1reas, pode chover forte, com temporais, principalmente em Rond\u00f4nia, no Amazonas, em Goi\u00e1s e em Mato Grosso.<\/span><\/h4>\n<h4><span style=\"color: #000080;\">\u00a0 No Acre, o predom\u00ednio \u00e9 de tempo quente, com sol e nuvens, mas pode chover r\u00e1pido em alguns pontos.<\/span><\/h4>\n<h4 style=\"text-align: center;\"><span style=\"color: #800000;\">PREVIS\u00c3O ESPEC\u00cdFICA PARA O ACRE<\/span><\/h4>\n<div id=\"attachment_21256\" style=\"width: 210px\" class=\"wp-caption alignleft\"><img data-recalc-dims=\"1\" loading=\"lazy\" decoding=\"async\" aria-describedby=\"caption-attachment-21256\" class=\"size-full wp-image-21256\" src=\"https:\/\/i0.wp.com\/otempoaqui.com.br\/wp-content\/uploads\/2019\/06\/APROVACAO1.png?resize=200%2C200&#038;ssl=1\" alt=\"O melhor curso do Acre\" width=\"200\" height=\"200\" srcset=\"https:\/\/i0.wp.com\/otempoaqui.com.br\/wp-content\/uploads\/2019\/06\/APROVACAO1.png?w=200&amp;ssl=1 200w, https:\/\/i0.wp.com\/otempoaqui.com.br\/wp-content\/uploads\/2019\/06\/APROVACAO1.png?resize=150%2C150&amp;ssl=1 150w, https:\/\/i0.wp.com\/otempoaqui.com.br\/wp-content\/uploads\/2019\/06\/APROVACAO1.png?resize=175%2C175&amp;ssl=1 175w, https:\/\/i0.wp.com\/otempoaqui.com.br\/wp-content\/uploads\/2019\/06\/APROVACAO1.png?resize=184%2C184&amp;ssl=1 184w\" sizes=\"auto, (max-width: 200px) 100vw, 200px\" \/><p id=\"caption-attachment-21256\" class=\"wp-caption-text\"><strong><span style=\"color: #800000;\">O<\/span> <span style=\"color: #800000;\">melhor<\/span> <span style=\"color: #800000;\">curso<\/span> <span style=\"color: #800000;\">preparat\u00f3rio<\/span> <span style=\"color: #800000;\">do<\/span> <span style=\"color: #800000;\">Acre.<\/span> <span style=\"color: #800000;\">Especial<\/span> <span style=\"color: #800000;\">para<\/span> <span style=\"color: #800000;\">quem<\/span> <span style=\"color: #800000;\">quer<\/span> <span style=\"color: #800000;\">cursar<\/span> <span style=\"color: #ff0000;\">Medicina.<\/span> <span style=\"color: #800000;\">Turnos pela manh\u00e3, tarde e noite. J\u00e1<\/span> <span style=\"color: #800000;\">s\u00e3o<\/span> <span style=\"color: #800000;\">15<\/span> <span style=\"color: #800000;\">anos<\/span> <span style=\"color: #800000;\">de<\/span> <span style=\"color: #800000;\">tradi\u00e7\u00e3o.<\/span><\/strong><\/p><\/div>\n<h4>\u00a0 <span style=\"color: #800000;\">Leste e sul do estado:<span style=\"color: #333300;\"> tempo quente, com sol e nuvens. Baixa probabilidade de chuvas, mas, se ocorrerem, ser\u00e3o r\u00e1pidas e pontuais. Os ventos sopram, entre fracos e calmos, da dire\u00e7\u00e3o norte e varia\u00e7\u00f5es de leste e de nordeste.<\/span><\/span><\/h4>\n<h4>\u00a0 <span style=\"color: #800000;\">Centro e oeste acreano:<span style=\"color: #333300;\"> tempo quente, com sol e nuvens. Ocorrem chuvas passageiras e pontuais em algumas \u00e1reas. Os ventos sopram, entre fracos e calmos, da dire\u00e7\u00e3o norte e varia\u00e7\u00f5es de noroeste e de nordeste.<\/span><\/span><\/h4>\n<h4>\u00a0 <span style=\"color: #800000;\">Temperaturas:<\/span><\/h4>\n<h4>\u00a0 <span style=\"color: #800000;\">&#8211; Rio Branco, Senador Guiomard, Bujari e Porto Acre, <span style=\"color: #333300;\">com m\u00ednimas oscilando entre 21 e 23\u00baC, e m\u00e1ximas, entre 32 e 34\u00baC;<\/span><\/span><\/h4>\n<h4>\u00a0 <span style=\"color: #800000;\">&#8211; Brasileia, Epitaciol\u00e2ndia, Xapuri, Capixaba e Assis Brasil, <span style=\"color: #333300;\">com m\u00ednimas oscilando entre 21 e 23\u00baC, e<\/span>\u00a0<span style=\"color: #333300;\">m\u00e1ximas, entre 32 e 34\u00baC;<\/span><\/span><\/h4>\n<h4>\u00a0 <span style=\"color: #800000;\">&#8211; Pl\u00e1cido de Castro e Acrel\u00e2ndia, <span style=\"color: #333300;\">com m\u00ednimas oscilando entre 22 e 24\u00baC, e m\u00e1ximas, entre 32 e 34\u00baC;<\/span><\/span><\/h4>\n<h4>\u00a0 <span style=\"color: #800000;\">&#8211; Sena Madureira e Manuel Urbano, <span style=\"color: #333300;\">com m\u00ednimas oscilando entre 22 e 24\u00baC, e m\u00e1ximas, entre 33 e 35\u00baC;<\/span><\/span><\/h4>\n<h4><span style=\"color: #800000;\">\u00a0 &#8211; Tarauac\u00e1, Feij\u00f3 e Santa Rosa do Purus, <span style=\"color: #333300;\">com m\u00ednimas oscilando entre 22 e 24\u00baC, e m\u00e1ximas, entre 33 e 35\u00baC;<\/span><\/span><\/h4>\n<h4>\u00a0 <span style=\"color: #800000;\">&#8211; Cruzeiro do Sul, M\u00e2ncio Lima e Rodrigues Alves, <span style=\"color: #333300;\">com m\u00ednimas oscilando entre 23 e 25\u00baC, e m\u00e1ximas, entre 31 e 33\u00baC;<\/span><\/span><\/h4>\n<h4>\u00a0 <span style=\"color: #800000;\">&#8211; Marechal Thaumaturgo, Porto Walter e Jord\u00e3o, <span style=\"color: #333300;\">com m\u00ednimas oscilando entre 22 e 24\u00baC, e m\u00e1ximas, entre 31 e 33\u00baC.<\/span><\/span><\/h4>\n<hr \/>\n<h4><span style=\"color: #800080;\">TEMPERATURAS NOS DEMAIS ESTADOS<\/span><\/h4>\n<hr \/>\n<h4><span style=\"color: #800080;\">ROND\u00d4NIA:<\/span><\/h4>\n<h4><span style=\"color: #000080;\">\u00a0 &#8211; Porto Velho e Ariquemes, m\u00ednima entre 23 e 25\u00baC, e m\u00e1xima entre 30 e 32\u00baC;<\/span><\/h4>\n<h4><span style=\"color: #000080;\">\u00a0 &#8211; Cacoal e Ji-Paran\u00e1, m\u00ednima entre 22 e 24\u00baC e m\u00e1xima entre 31 e 33\u00baC;<\/span><\/h4>\n<h4><span style=\"color: #000080;\">\u00a0 &#8211; Vilhena, m\u00ednima entre 21 e 23\u00baC e m\u00e1xima entre 29 e 31\u00baC;<\/span><\/h4>\n<h4><span style=\"color: #000080;\">\u00a0 &#8211; Guajar\u00e1-Mirim e Costa Marques, m\u00ednima entre 23 e 25\u00baC e m\u00e1xima entre 32 e 34\u00baC.<\/span><\/h4>\n<hr \/>\n<h4>\u00a0 <span style=\"color: #000080;\"><span style=\"color: #800080;\">DISTRITO FEDERAL:<\/span><\/span><\/h4>\n<h4><span style=\"color: #000080;\">\u00a0 Bras\u00edlia e arredores ter\u00e3o m\u00ednima entre 16 e 19\u00baC e m\u00e1xima entre 27 e 30\u00baC.<\/span><\/h4>\n<hr \/>\n<h4><span style=\"color: #800080;\">GOI\u00c1S:<\/span><\/h4>\n<h4><span style=\"color: #000080;\">\u00a0 Em Goi\u00e2nia, a m\u00ednima varia entre 18 e 20\u00baC e a m\u00e1xima, entre 29 e 31\u00baC.<\/span><\/h4>\n<hr \/>\n<h4><span style=\"color: #000080;\"><span style=\"color: #800080;\">MATO GROSSO:<\/span><\/span><\/h4>\n<h4><span style=\"color: #000080;\">\u00a0 Em Cuiab\u00e1, m\u00ednima entre 23 e 25\u00baC e m\u00e1xima entre 33 e 35\u00baC, e em C\u00e1ceres, m\u00ednima entre 22 e 24\u00baC e m\u00e1xima entre 33 e 35\u00baC.<\/span><\/h4>\n<hr \/>\n<h4><span style=\"color: #800080;\">AMAZONAS:<\/span><\/h4>\n<h4><span style=\"color: #000080;\">\u00a0 &#8211; Manaus, Manacapuru, Itacoatiara e Parintins, m\u00ednima entre 23 e 25\u00baC e m\u00e1xima entre 29 e 31\u00baC;<\/span><\/h4>\n<h4><span style=\"color: #000080;\">\u00a0 &#8211; Boca do Acre e Pauini, m\u00ednima entre 22 e 24\u00baC, e m\u00e1xima entre 32 e 34\u00baC;<\/span><\/h4>\n<h4><span style=\"color: #000080;\">\u00a0 &#8211; Eirunep\u00e9, Ipixuna e Guajar\u00e1, m\u00ednima entre 23 e 25\u00baC, e m\u00e1xima entre 31 e 33\u00baC.<\/span><\/h4>\n","protected":false},"excerpt":{"rendered":"<p>PREVIS\u00c3O DE TEMPO PARA S\u00c1BADO (30\/10\/2021) SAIBA COMO FICA O TEMPO NOS PR\u00d3XIMOS DIAS Calor, com sol e nuvens, vai predominar neste fim de semana, mas vem muita chuva no feriad\u00e3o! Saiba como fica o tempo neste fim de semana e no feriad\u00e3o acessando &#8220;Sol e calor no fim de semana, mas muita chuva no [&hellip;]<\/p>\n","protected":false},"author":2,"featured_media":0,"comment_status":"open","ping_status":"open","sticky":false,"template":"","format":"standard","meta":{"_jetpack_memberships_contains_paid_content":false,"footnotes":"","jetpack_publicize_message":"","jetpack_publicize_feature_enabled":true,"jetpack_social_post_already_shared":true,"jetpack_social_options":{"image_generator_settings":{"template":"highway","enabled":false},"version":2}},"categories":[193],"tags":[244,52,23,46,250,26,111],"class_list":["post-26439","post","type-post","status-publish","format-standard","hentry","category-previsao-do-tempo","tag-calor","tag-chuvas","tag-previsao-do-tempo","tag-previsao-do-tempo-para-os-proximos-dias","tag-previsao-para-o-fim-de-semana","tag-previsao-para-os-proximos-dias","tag-sol-e-calor"],"jetpack_publicize_connections":[],"jetpack_featured_media_url":"","jetpack_likes_enabled":true,"jetpack_sharing_enabled":true,"_links":{"self":[{"href":"https:\/\/otempoaqui.com.br\/index.php?rest_route=\/wp\/v2\/posts\/26439","targetHints":{"allow":["GET"]}}],"collection":[{"href":"https:\/\/otempoaqui.com.br\/index.php?rest_route=\/wp\/v2\/posts"}],"about":[{"href":"https:\/\/otempoaqui.com.br\/index.php?rest_route=\/wp\/v2\/types\/post"}],"author":[{"embeddable":true,"href":"https:\/\/otempoaqui.com.br\/index.php?rest_route=\/wp\/v2\/users\/2"}],"replies":[{"embeddable":true,"href":"https:\/\/otempoaqui.com.br\/index.php?rest_route=%2Fwp%2Fv2%2Fcomments&post=26439"}],"version-history":[{"count":3,"href":"https:\/\/otempoaqui.com.br\/index.php?rest_route=\/wp\/v2\/posts\/26439\/revisions"}],"predecessor-version":[{"id":26466,"href":"https:\/\/otempoaqui.com.br\/index.php?rest_route=\/wp\/v2\/posts\/26439\/revisions\/26466"}],"wp:attachment":[{"href":"https:\/\/otempoaqui.com.br\/index.php?rest_route=%2Fwp%2Fv2%2Fmedia&parent=26439"}],"wp:term":[{"taxonomy":"category","embeddable":true,"href":"https:\/\/otempoaqui.com.br\/index.php?rest_route=%2Fwp%2Fv2%2Fcategories&post=26439"},{"taxonomy":"post_tag","embeddable":true,"href":"https:\/\/otempoaqui.com.br\/index.php?rest_route=%2Fwp%2Fv2%2Ftags&post=26439"}],"curies":[{"name":"wp","href":"https:\/\/api.w.org\/{rel}","templated":true}]}}