{"id":2642,"date":"2014-04-02T10:01:43","date_gmt":"2014-04-02T15:01:43","guid":{"rendered":"http:\/\/otempoaqui.com\/?p=2642"},"modified":"2014-04-05T17:25:01","modified_gmt":"2014-04-05T22:25:01","slug":"o-pior-ja-passou-nivel-do-rio-madeira-comeca-a-baixar-chuvas-na-bolivia-daqui-para-frente-so-em-pontos-isolados-e-sem-afetar-rondonia-cessou-o-periodo-de-chuvas-intensas-naquele-pais-observe-o","status":"publish","type":"post","link":"https:\/\/otempoaqui.com.br\/?p=2642","title":{"rendered":"O pior j\u00e1 passou: N\u00edvel do rio Madeira come\u00e7a a baixar. Chuvas, na Bol\u00edvia, daqui para frente, s\u00f3 em pontos isolados e sem afetar Rond\u00f4nia. Cessou o per\u00edodo de chuvas intensas naquele pa\u00eds. Observe o gr\u00e1fico da varia\u00e7\u00e3o do n\u00edvel do Madeira, desde o dia primeiro de janeiro at\u00e9 a manh\u00e3 desta quarta-feira, dia 2 de abril, onde se v\u00ea a r\u00e1pida diminui\u00e7\u00e3o da sua cota, ap\u00f3s haver atingido o maior valor, h\u00e1 uma semana."},"content":{"rendered":"<p>8h 30min<\/p>\n<p>Como O Tempo Aqui havia anunciado, as chuvas, na Bol\u00edvia, diminu\u00edram bastante e, agora, s\u00f3 v\u00e3o ocorrer em pontos isolados, sem afetar, significativamente,\u00a0os rios de Rond\u00f4nia.<br \/>\nA chegada,\u00a0alguns dias atr\u00e1s,\u00a0da primeira\u00a0frente fria do ano e,\u00a0na sua retaguarda, uma massa de ar mais seco, praticamente, fez cessar o per\u00edodo de\u00a0chuvas intensas, no pa\u00eds vizinho e, tamb\u00e9m, em parte de Rond\u00f4nia e de Mato Grosso.<br \/>\nH\u00e1 mais de duas semanas que o volume pluviom\u00e9trico, na Bol\u00edvia e no vale do rio Guapor\u00e9, em Rond\u00f4nia e em Mato Grosso, caiu o suficiente para permitir que os rios comecem a baixar seus n\u00edveis.<br \/>\nO pior j\u00e1 passou. Definitivamente, n\u00e3o h\u00e1 mais perigo de agravamento da situa\u00e7\u00e3o, em Porto Velho, neste ano de 2014.<br \/>\nO n\u00edvel do rio Guapor\u00e9, em Guajar\u00e1-Mirim e em Costa Marques, tem\u00a0baixado bastante,\u00a0todos os dias.<br \/>\nNo entanto,\u00a0\u00e9 no pr\u00f3prio rio Madeira, na foz do rio Abun\u00e3, que se tem a melhor indica\u00e7\u00e3o de que, daqui para frente, \u00e9 s\u00f3 ter paci\u00eancia,\u00a0pois, a cada dia,\u00a0seu n\u00edvel ir\u00e1 baixar mais.\u00a0Ap\u00f3s atingir\u00a0a mais alta cota, nos dias 24 e 25 de mar\u00e7o,\u00a0come\u00e7ou a diminuir cerca de 6 cent\u00edmetros por dia e, na manh\u00e3 desta quarta-feira, dia 2 de abril, j\u00e1 tinha baixado 44 cent\u00edmetros.<br \/>\nPor\u00e9m, essa posi\u00e7\u00e3o, junto \u00e0 foz do rio Abun\u00e3, fica antes das hidroel\u00e9tricas de Jirau e de Santo Ant\u00f4nio. Assim, a diminui\u00e7\u00e3o do n\u00edvel, em Porto Velho, ser\u00e1\u00a0percebida melhor, nos pr\u00f3ximos dias, como O Tempo Aqui havia informado.<br \/>\nPortanto, agora, s\u00f3 resta\u00a0aguardar at\u00e9\u00a0que o n\u00edvel do Madeira volte ao normal, o que dever\u00e1 ocorrer, em fins deste m\u00eas ou, mais provavelmente, nas primeiras semanas de maio.<br \/>\nObserve, no gr\u00e1fico gerado pela ANA (Ag\u00eancia Nacional de \u00c1guas), a varia\u00e7\u00e3o do n\u00edvel do rio Madeira, na foz do rio Abun\u00e3, desde\u00a0o dia\u00a0primeiro de janeiro at\u00e9 a manh\u00e3 desta quarta-feira, dia 2 de abril. Veja a m\u00e1xima eleva\u00e7\u00e3o atingida nos dias 24 e 25 de mar\u00e7o e, em seguida, a\u00a0r\u00e1pida diminui\u00e7\u00e3o do seu n\u00edvel.<\/p>\n<p><a href=\"http:\/\/otempoaqui.com.br\/noticia-destaque\/o-pior-ja-passou-nivel-do-rio-madeira-comeca-a-baixar-chuvas-na-bolivia-daqui-para-frente-so-em-pontos-isolados-e-sem-afetar-rondonia-cessou-o-periodo-de-chuvas-intensas-naquele-pais-observe-o-grafico-da-variacao-do-nivel-do-madeira-desde-o-dia-primeiro-de-janeiro-ate-a-manha-desta-quarta-feira-dia-2-de-abril-onde-se-ve-a-rapida-diminuicao-da-sua-cota-apos-haver-atingido-o-maior-valor-ha-uma-semana\"><img data-recalc-dims=\"1\" loading=\"lazy\" decoding=\"async\" title=\"O pior j\u00e1 passou: N\u00edvel do rio Madeira come\u00e7a a baixar. Chuvas, na Bol\u00edvia, daqui para frente, s\u00f3 em pontos isolados e sem afetar Rond\u00f4nia. Cessou o per\u00edodo de chuvas intensas naquele pa\u00eds. Observe o gr\u00e1fico da varia\u00e7\u00e3o do n\u00edvel do Madeira, desde o dia primeiro de janeiro at\u00e9 a manh\u00e3 desta quarta-feira, dia 2 de abril, onde se v\u00ea a r\u00e1pida diminui\u00e7\u00e3o da sua cota, ap\u00f3s haver atingido o maior valor, h\u00e1 uma semana.\" alt=\"O pior j\u00e1 passou: N\u00edvel do rio Madeira come\u00e7a a baixar. Chuvas, na Bol\u00edvia, daqui para frente, s\u00f3 em pontos isolados e sem afetar Rond\u00f4nia. Cessou o per\u00edodo de chuvas intensas naquele pa\u00eds. Observe o gr\u00e1fico da varia\u00e7\u00e3o do n\u00edvel do Madeira, desde o dia primeiro de janeiro at\u00e9 a manh\u00e3 desta quarta-feira, dia 2 de abril, onde se v\u00ea a r\u00e1pida diminui\u00e7\u00e3o da sua cota, ap\u00f3s haver atingido o maior valor, h\u00e1 uma semana.\" src=\"https:\/\/i0.wp.com\/otempoaqui.com.br\/noticias\/noticias_02042014115338.jpg?resize=570%2C300\" width=\"570\" height=\"300\" border=\"0\" \/><\/a><br \/>\nQuanto ao rio Acre, em Rio Branco, n\u00e3o est\u00e1 descartada, ainda, a possibilidade de uma nova enchente, pois muitas chuvas ocorrer\u00e3o at\u00e9 o pr\u00f3ximo dia 12, quando dever\u00e1 chegar a segunda frente fria do ano, desta vez,\u00a0com intensidade significativa e, logo em seguida, uma massa de ar mais seco.<\/p>\n","protected":false},"excerpt":{"rendered":"<p>8h 30min Como O Tempo Aqui havia anunciado, as chuvas, na Bol\u00edvia, diminu\u00edram bastante e, agora, s\u00f3 v\u00e3o ocorrer em pontos isolados, sem afetar, significativamente,\u00a0os rios de Rond\u00f4nia. A chegada,\u00a0alguns dias atr\u00e1s,\u00a0da primeira\u00a0frente fria do ano e,\u00a0na sua retaguarda, uma massa de ar mais seco, praticamente, fez cessar o per\u00edodo de\u00a0chuvas intensas, no pa\u00eds vizinho [&hellip;]<\/p>\n","protected":false},"author":2,"featured_media":0,"comment_status":"open","ping_status":"open","sticky":false,"template":"","format":"standard","meta":{"_jetpack_memberships_contains_paid_content":false,"footnotes":"","jetpack_publicize_message":"","jetpack_publicize_feature_enabled":true,"jetpack_social_post_already_shared":true,"jetpack_social_options":{"image_generator_settings":{"template":"highway","enabled":false},"version":2}},"categories":[1],"tags":[92],"class_list":["post-2642","post","type-post","status-publish","format-standard","hentry","category-geral","tag-rio-madeira"],"jetpack_publicize_connections":[],"jetpack_featured_media_url":"","jetpack_likes_enabled":true,"jetpack_sharing_enabled":true,"_links":{"self":[{"href":"https:\/\/otempoaqui.com.br\/index.php?rest_route=\/wp\/v2\/posts\/2642","targetHints":{"allow":["GET"]}}],"collection":[{"href":"https:\/\/otempoaqui.com.br\/index.php?rest_route=\/wp\/v2\/posts"}],"about":[{"href":"https:\/\/otempoaqui.com.br\/index.php?rest_route=\/wp\/v2\/types\/post"}],"author":[{"embeddable":true,"href":"https:\/\/otempoaqui.com.br\/index.php?rest_route=\/wp\/v2\/users\/2"}],"replies":[{"embeddable":true,"href":"https:\/\/otempoaqui.com.br\/index.php?rest_route=%2Fwp%2Fv2%2Fcomments&post=2642"}],"version-history":[{"count":0,"href":"https:\/\/otempoaqui.com.br\/index.php?rest_route=\/wp\/v2\/posts\/2642\/revisions"}],"wp:attachment":[{"href":"https:\/\/otempoaqui.com.br\/index.php?rest_route=%2Fwp%2Fv2%2Fmedia&parent=2642"}],"wp:term":[{"taxonomy":"category","embeddable":true,"href":"https:\/\/otempoaqui.com.br\/index.php?rest_route=%2Fwp%2Fv2%2Fcategories&post=2642"},{"taxonomy":"post_tag","embeddable":true,"href":"https:\/\/otempoaqui.com.br\/index.php?rest_route=%2Fwp%2Fv2%2Ftags&post=2642"}],"curies":[{"name":"wp","href":"https:\/\/api.w.org\/{rel}","templated":true}]}}