{"id":26244,"date":"2021-10-20T13:00:07","date_gmt":"2021-10-20T18:00:07","guid":{"rendered":"https:\/\/otempoaqui.com.br\/?p=26244"},"modified":"2021-10-20T13:10:51","modified_gmt":"2021-10-20T18:10:51","slug":"dias-ventilados-com-sol-nuvens-e-pouca-chuva-vao-predominar-nos-proximos-dias-no-acre","status":"publish","type":"post","link":"https:\/\/otempoaqui.com.br\/?p=26244","title":{"rendered":"Dias ventilados, com sol, nuvens e pouca chuva, v\u00e3o predominar no Acre at\u00e9 o fim de semana"},"content":{"rendered":"<div class=\"wp-block-post-date\"><time datetime=\"2021-10-20T13:00:07-05:00\">20\/10\/2021<\/time><\/div>\n\n\n<hr class=\"wp-block-separator has-text-color has-background has-vivid-green-cyan-background-color has-vivid-green-cyan-color\"\/>\n\n\n\n<div class=\"wp-block-media-text alignwide is-stacked-on-mobile is-vertically-aligned-center has-cyan-bluish-gray-color has-text-color has-background\" style=\"background-color:#fff0c6;grid-template-columns:47% auto\"><figure class=\"wp-block-media-text__media\"><img data-recalc-dims=\"1\" loading=\"lazy\" decoding=\"async\" width=\"300\" height=\"166\" src=\"https:\/\/i0.wp.com\/otempoaqui.com.br\/wp-content\/uploads\/2021\/08\/TEMPO-CLIMA.jpg?resize=300%2C166&#038;ssl=1\" alt=\"\" class=\"wp-image-25305 size-medium\"\/><\/figure><div class=\"wp-block-media-text__content\">\n<hr class=\"wp-block-separator has-text-color has-background has-vivid-red-background-color has-vivid-red-color\"\/>\n\n\n\n<h2 class=\"has-text-align-center wp-block-heading\" style=\"font-size:19px\"><strong><em><span style=\"color:#42007f\" class=\"has-inline-color\">CALOR AT\u00c9 DOMINGO<\/span><\/em><\/strong><\/h2>\n\n\n\n<p class=\"wp-block-paragraph\" style=\"font-size:17px\"><strong><em><span style=\"color:#3d0077\" class=\"has-inline-color\">A pouca incurs\u00e3o de ar polar, que come\u00e7ou na ter\u00e7a-feira (19\/10\/2021), foi suficiente para deixar o tempo um pouco mais seco no Acre. Assim, at\u00e9 o pr\u00f3ximo s\u00e1bado (23\/10\/2021), os dias v\u00e3o ser quentes e ventilados, com sol e nuvens. As chuvas, se ocorrerem, ser\u00e3o passageiras e pontuais. Apenas no domingo \u00e9 que poder\u00e3o ocorrer chuvas fortes, com temporais, pois o calor ser\u00e1 mais intenso devido \u00e0 chegada de mais uma onda polar.<\/span><\/em><\/strong><\/p>\n\n\n\n<hr class=\"wp-block-separator has-text-color has-background has-vivid-red-background-color has-vivid-red-color\"\/>\n<\/div><\/div>\n\n\n\n<hr class=\"wp-block-separator has-text-color has-background has-vivid-green-cyan-background-color has-vivid-green-cyan-color\"\/>\n\n\n\n<div style=\"height:19px\" aria-hidden=\"true\" class=\"wp-block-spacer\"><\/div>\n\n\n\n<h2 class=\"has-text-align-center has-white-color has-text-color has-medium-font-size wp-block-heading\"><em><strong><span class=\"has-inline-color has-black-color\">CHUVA MAIS INTENSA DO BRASIL OCORREU NO ACRE<\/span><\/strong><\/em><\/h2>\n\n\n\n<p class=\"has-black-color has-white-background-color has-text-color has-background has-medium-font-size wp-block-paragraph\"><em>A chegada de uma onda polar na \u00faltima ter\u00e7a-feira (19\/10\/2021) e a incurs\u00e3o de muita umidade do Atl\u00e2ntico provocaram chuvas intensas e temporais na maior parte do Acre. No Parque Estadual do Chandless, foi registrada a mais volumosa chuva de todo o Brasil naquele dia, com acumulado de 114,4mm em menos de 4 horas, segundo o Instituto Nacional de Meteorologia.<\/em><\/p>\n\n\n\n<p class=\"has-black-color has-white-background-color has-text-color has-background has-medium-font-size wp-block-paragraph\"><em>Choveu forte tamb\u00e9m, na \u00faltima ter\u00e7a-feira, em Assis Brasil (esta\u00e7\u00e3o peruana na fronteira), com 22,8mm, e em M\u00e2ncio Lima (Ag\u00eancia Nacional de \u00c1guas), com 21,6mm.<\/em><\/p>\n\n\n\n<h2 class=\"has-text-align-center has-white-background-color has-background has-medium-font-size wp-block-heading\"><strong><em>NOVA ONDA POLAR CHEGAR\u00c1 AO ACRE<\/em><\/strong><\/h2>\n\n\n\n<p class=\"has-black-color has-white-background-color has-text-color has-background has-medium-font-size wp-block-paragraph\"><em>Chuvas fortes e possibilidade de temporais, no Acre e \u00e1reas pr\u00f3ximas, dever\u00e3o ocorrer entre domingo e segunda-feira, dias 24 e 25 deste m\u00eas, devido \u00e0 chegada de mais uma onda polar e \u00e0 incurs\u00e3o de intensos pulsos \u00famidos do oceano Atl\u00e2ntico.<\/em><\/p>\n\n\n\n<p class=\"has-black-color has-white-background-color has-text-color has-background has-medium-font-size wp-block-paragraph\"><em>Portanto, mais um friozinho polar vai predominar no Acre no in\u00edcio da pr\u00f3xima semana.<\/em><\/p>\n\n\n\n<p class=\"has-black-color has-white-background-color has-text-color has-background has-medium-font-size wp-block-paragraph\"><em>Nesta sexta-feira, por volta das 13h, publicaremos informa\u00e7\u00f5es completas sobre o tempo neste fim de semana e a chegada ao Acre de mais essa onda polar.<\/em><\/p>\n\n\n\n<hr class=\"wp-block-separator has-text-color has-background has-vivid-purple-background-color has-vivid-purple-color\"\/>\n\n\n<div id=\"attachment_21255\" style=\"width: 304px\" class=\"wp-caption aligncenter\"><img data-recalc-dims=\"1\" loading=\"lazy\" decoding=\"async\" aria-describedby=\"caption-attachment-21255\" class=\" wp-image-21255\" src=\"https:\/\/i0.wp.com\/otempoaqui.com.br\/wp-content\/uploads\/2019\/06\/aprovacao.png?resize=294%2C216&#038;ssl=1\" alt=\"\" width=\"294\" height=\"216\" srcset=\"https:\/\/i0.wp.com\/otempoaqui.com.br\/wp-content\/uploads\/2019\/06\/aprovacao.png?w=631&amp;ssl=1 631w, https:\/\/i0.wp.com\/otempoaqui.com.br\/wp-content\/uploads\/2019\/06\/aprovacao.png?resize=300%2C220&amp;ssl=1 300w\" sizes=\"auto, (max-width: 294px) 100vw, 294px\" \/><p id=\"caption-attachment-21255\" class=\"wp-caption-text\"><strong>Curso Aprova\u00e7\u00e3o, o melhor preparat\u00f3rio para o ENEM e vestibulares de todo o Brasil. Especial para quem quer cursar Medicina. Tradi\u00e7\u00e3o de mais de 15 anos em aprova\u00e7\u00e3o em todas as \u00e1reas do conhecimento.<\/strong><\/p><\/div>\n\n\n<hr class=\"wp-block-separator has-text-color has-background has-vivid-purple-background-color has-vivid-purple-color\"\/>\n\n\n<div id=\"attachment_25257\" style=\"width: 352px\" class=\"wp-caption aligncenter\"><img data-recalc-dims=\"1\" loading=\"lazy\" decoding=\"async\" aria-describedby=\"caption-attachment-25257\" class=\" wp-image-25257\" src=\"https:\/\/i0.wp.com\/otempoaqui.com.br\/wp-content\/uploads\/2021\/08\/2.jpg?resize=342%2C118&#038;ssl=1\" alt=\"\" width=\"342\" height=\"118\"><p id=\"caption-attachment-25257\" class=\"wp-caption-text\"><strong>Internet, jogos, impress\u00f5es, perif\u00e9ricos, manuten\u00e7\u00e3o, consultas, formata\u00e7\u00e3o e servi\u00e7os em geral.<\/strong><\/p><\/div>\n\n\n<hr class=\"wp-block-separator has-text-color has-background has-vivid-purple-background-color has-vivid-purple-color\"\/>\n\n\n<div id=\"attachment_25256\" style=\"width: 343px\" class=\"wp-caption aligncenter\"><img data-recalc-dims=\"1\" loading=\"lazy\" decoding=\"async\" aria-describedby=\"caption-attachment-25256\" class=\" wp-image-25256\" src=\"https:\/\/i0.wp.com\/otempoaqui.com.br\/wp-content\/uploads\/2021\/08\/1.jpg?resize=333%2C112&#038;ssl=1\" alt=\"\" width=\"333\" height=\"112\" srcset=\"https:\/\/i0.wp.com\/otempoaqui.com.br\/wp-content\/uploads\/2021\/08\/1.jpg?w=609&amp;ssl=1 609w, https:\/\/i0.wp.com\/otempoaqui.com.br\/wp-content\/uploads\/2021\/08\/1.jpg?resize=300%2C101&amp;ssl=1 300w\" sizes=\"auto, (max-width: 333px) 100vw, 333px\" \/><p id=\"caption-attachment-25256\" class=\"wp-caption-text\"><strong>Produtos agr\u00edcolas, ro\u00e7adeiras e motores. Tudo isto e muito mais voc\u00ea encontra aqui.<\/strong><\/p><\/div>\n\n\n<hr class=\"wp-block-separator has-text-color has-background has-vivid-purple-background-color has-vivid-purple-color\"\/>\n\n\n<h4 style=\"text-align: center;\"><span style=\"color: #8a5103;\"><em>O TEMPO AQUI, A MELHOR PREVIS\u00c3O DO TEMPO PARA VOC\u00ca N\u00c3O SER PEGO DE <span style=\"color: #8a5103;\">SURPRESA<\/span><\/em><\/span><\/h4>","protected":false},"excerpt":{"rendered":"<p>CHUVA MAIS INTENSA DO BRASIL OCORREU NO ACRE A chegada de uma onda polar na \u00faltima ter\u00e7a-feira (19\/10\/2021) e a incurs\u00e3o de muita umidade do Atl\u00e2ntico provocaram chuvas intensas e temporais na maior parte do Acre. No Parque Estadual do Chandless, foi registrada a mais volumosa chuva de todo o Brasil naquele dia, com acumulado [&hellip;]<\/p>\n","protected":false},"author":2,"featured_media":0,"comment_status":"open","ping_status":"open","sticky":false,"template":"","format":"standard","meta":{"_jetpack_memberships_contains_paid_content":false,"footnotes":"","jetpack_publicize_message":"","jetpack_publicize_feature_enabled":true,"jetpack_social_post_already_shared":true,"jetpack_social_options":{"image_generator_settings":{"template":"highway","enabled":false},"version":2}},"categories":[193],"tags":[244,23,46,26,111],"class_list":["post-26244","post","type-post","status-publish","format-standard","hentry","category-previsao-do-tempo","tag-calor","tag-previsao-do-tempo","tag-previsao-do-tempo-para-os-proximos-dias","tag-previsao-para-os-proximos-dias","tag-sol-e-calor"],"jetpack_publicize_connections":[],"jetpack_featured_media_url":"","jetpack_likes_enabled":true,"jetpack_sharing_enabled":true,"_links":{"self":[{"href":"https:\/\/otempoaqui.com.br\/index.php?rest_route=\/wp\/v2\/posts\/26244","targetHints":{"allow":["GET"]}}],"collection":[{"href":"https:\/\/otempoaqui.com.br\/index.php?rest_route=\/wp\/v2\/posts"}],"about":[{"href":"https:\/\/otempoaqui.com.br\/index.php?rest_route=\/wp\/v2\/types\/post"}],"author":[{"embeddable":true,"href":"https:\/\/otempoaqui.com.br\/index.php?rest_route=\/wp\/v2\/users\/2"}],"replies":[{"embeddable":true,"href":"https:\/\/otempoaqui.com.br\/index.php?rest_route=%2Fwp%2Fv2%2Fcomments&post=26244"}],"version-history":[{"count":21,"href":"https:\/\/otempoaqui.com.br\/index.php?rest_route=\/wp\/v2\/posts\/26244\/revisions"}],"predecessor-version":[{"id":26267,"href":"https:\/\/otempoaqui.com.br\/index.php?rest_route=\/wp\/v2\/posts\/26244\/revisions\/26267"}],"wp:attachment":[{"href":"https:\/\/otempoaqui.com.br\/index.php?rest_route=%2Fwp%2Fv2%2Fmedia&parent=26244"}],"wp:term":[{"taxonomy":"category","embeddable":true,"href":"https:\/\/otempoaqui.com.br\/index.php?rest_route=%2Fwp%2Fv2%2Fcategories&post=26244"},{"taxonomy":"post_tag","embeddable":true,"href":"https:\/\/otempoaqui.com.br\/index.php?rest_route=%2Fwp%2Fv2%2Ftags&post=26244"}],"curies":[{"name":"wp","href":"https:\/\/api.w.org\/{rel}","templated":true}]}}