{"id":2526,"date":"2014-03-22T18:10:41","date_gmt":"2014-03-22T23:10:41","guid":{"rendered":"http:\/\/otempoaqui.com\/?p=2526"},"modified":"2014-03-22T18:13:53","modified_gmt":"2014-03-22T23:13:53","slug":"a-chegada-de-uma-frente-fria-devera-provocar-fortes-temporais-na-noite-deste-sabado-em-alguns-pontos-de-rio-branco-e-de-grande-parte-do-acre-17h-30min-a-chegada-de-uma-frente-fria-devera-provo","status":"publish","type":"post","link":"https:\/\/otempoaqui.com.br\/?p=2526","title":{"rendered":"A chegada de uma frente fria dever\u00e1 provocar fortes temporais, na noite deste s\u00e1bado, em alguns pontos de Rio Branco e de grande parte do Acre."},"content":{"rendered":"<p>17h 30min<\/p>\n<p>A chegada de uma frente fria dever\u00e1 provocar fortes temporais, durante a noite deste s\u00e1bado, dia 22 de mar\u00e7o, em Rio Branco, Brasileia, Pl\u00e1cido de Castro, Capixaba, Sena Madureira, Feij\u00f3, Assis Brasil e munic\u00edpios vizinhos. Ao amanhecer e durante o domingo, dia 23, o avan\u00e7o da frente fria dever\u00e1 provocar temporais, tamb\u00e9m, em Tarauac\u00e1, Santa Rosa do Purus, Jord\u00e3o, Cruzeiro do Sul e demais munic\u00edpios do vale do Juru\u00e1.<br \/>\nVentos fortes passar\u00e3o a soprar de sudeste, cujas rajadas poder\u00e3o ultrapassar 50km\/h, em alguns pontos, com chuvas intensas, raios e, eventual, queda de granizo.<br \/>\nEm algumas \u00e1reas, poder\u00e3o ocorrer s\u00e9rios transtornos \u00e0 popula\u00e7\u00e3o atingida pelo mau tempo.<br \/>\nDeve-se ressaltar que nem todos os munic\u00edpios ser\u00e3o atingidos com a mesma intensidade. Em alguns, at\u00e9 poder\u00e1 chover fraco e com pouco vento.<\/p>\n","protected":false},"excerpt":{"rendered":"<p>17h 30min A chegada de uma frente fria dever\u00e1 provocar fortes temporais, durante a noite deste s\u00e1bado, dia 22 de mar\u00e7o, em Rio Branco, Brasileia, Pl\u00e1cido de Castro, Capixaba, Sena Madureira, Feij\u00f3, Assis Brasil e munic\u00edpios vizinhos. Ao amanhecer e durante o domingo, dia 23, o avan\u00e7o da frente fria dever\u00e1 provocar temporais, tamb\u00e9m, em [&hellip;]<\/p>\n","protected":false},"author":2,"featured_media":0,"comment_status":"open","ping_status":"open","sticky":false,"template":"","format":"standard","meta":{"_jetpack_memberships_contains_paid_content":false,"footnotes":"","jetpack_publicize_message":"","jetpack_publicize_feature_enabled":true,"jetpack_social_post_already_shared":true,"jetpack_social_options":{"image_generator_settings":{"template":"highway","enabled":false},"version":2}},"categories":[1],"tags":[73],"class_list":["post-2526","post","type-post","status-publish","format-standard","hentry","category-geral","tag-alerta-de-temporais"],"jetpack_publicize_connections":[],"jetpack_featured_media_url":"","jetpack_likes_enabled":true,"jetpack_sharing_enabled":true,"_links":{"self":[{"href":"https:\/\/otempoaqui.com.br\/index.php?rest_route=\/wp\/v2\/posts\/2526","targetHints":{"allow":["GET"]}}],"collection":[{"href":"https:\/\/otempoaqui.com.br\/index.php?rest_route=\/wp\/v2\/posts"}],"about":[{"href":"https:\/\/otempoaqui.com.br\/index.php?rest_route=\/wp\/v2\/types\/post"}],"author":[{"embeddable":true,"href":"https:\/\/otempoaqui.com.br\/index.php?rest_route=\/wp\/v2\/users\/2"}],"replies":[{"embeddable":true,"href":"https:\/\/otempoaqui.com.br\/index.php?rest_route=%2Fwp%2Fv2%2Fcomments&post=2526"}],"version-history":[{"count":0,"href":"https:\/\/otempoaqui.com.br\/index.php?rest_route=\/wp\/v2\/posts\/2526\/revisions"}],"wp:attachment":[{"href":"https:\/\/otempoaqui.com.br\/index.php?rest_route=%2Fwp%2Fv2%2Fmedia&parent=2526"}],"wp:term":[{"taxonomy":"category","embeddable":true,"href":"https:\/\/otempoaqui.com.br\/index.php?rest_route=%2Fwp%2Fv2%2Fcategories&post=2526"},{"taxonomy":"post_tag","embeddable":true,"href":"https:\/\/otempoaqui.com.br\/index.php?rest_route=%2Fwp%2Fv2%2Ftags&post=2526"}],"curies":[{"name":"wp","href":"https:\/\/api.w.org\/{rel}","templated":true}]}}