{"id":24670,"date":"2021-07-14T10:54:56","date_gmt":"2021-07-14T15:54:56","guid":{"rendered":"https:\/\/otempoaqui.com.br\/?p=24670"},"modified":"2021-07-14T10:55:00","modified_gmt":"2021-07-14T15:55:00","slug":"frio-polar-chega-com-ventos-intensos-provoca-chuvas-e-traz-mais-uma-friagem","status":"publish","type":"post","link":"https:\/\/otempoaqui.com.br\/?p=24670","title":{"rendered":"Frio polar chega com ventos intensos, provoca chuvas e traz mais uma friagem"},"content":{"rendered":"\n<div class=\"wp-block-cover alignwide has-background-dim-20 has-background-dim is-position-center-center\" style=\"background-image:url(https:\/\/otempoaqui.com.br\/wp-content\/uploads\/2015\/05\/Raios.jpg);min-height:196px;background-position:70% 5%;aspect-ratio:unset;\"><div class=\"wp-block-cover__inner-container is-layout-flow wp-block-cover-is-layout-flow\">\n<p class=\"has-text-align-center has-text-color wp-block-paragraph\" style=\"color:#fffffa;font-size:59px;line-height:1.1\"><strong><em><span style=\"color:#fe0000\" class=\"has-inline-color\"><span style=\"text-decoration: underline;\">ALERTA DE TEMPORAIS<\/span><\/span><\/em><\/strong><\/p>\n<\/div><\/div>\n\n\n<hr \/>\n<p>\u00a0<\/p>\n\n\n<div class=\"wp-block-cover alignwide has-background-dim has-background-gradient is-position-center-center\" style=\"background:linear-gradient(180deg,rgba(0,107,173,0.92) 0%,rgb(146,0,0) 50%,rgba(0,0,0,0.84) 100%);min-height:247px;aspect-ratio:unset;\"><div class=\"wp-block-cover__inner-container is-layout-flow wp-block-cover-is-layout-flow\">\n<p class=\"has-text-align-center has-text-color wp-block-paragraph\" style=\"color:#fffffa;font-size:43px;line-height:1.1\"><strong><em><span class=\"has-inline-color has-white-color\"><span style=\"text-decoration: underline;\">VENTOS PODEM PASSAR DE 50km\/h E TEMPERATURA CAI PARA MENOS DE 16\u00baC<\/span><\/span><\/em><\/strong><\/p>\n<\/div><\/div>\n\n\n<hr \/>\n<h3 style=\"text-align: center;\"><em><span style=\"color: #800000;\">CALOR CONTINUA INTENSO AT\u00c9 S\u00c1BADO<\/span><\/em><\/h3>\n<h4>\u00a0 \u00a0 \u00a0 <em><span style=\"color: #800000;\">At\u00e9 o pr\u00f3ximo s\u00e1bado (17\/7\/2021), o calor intenso vai predominar em todo o Acre e nas \u00e1reas pr\u00f3ximas, com temperaturas m\u00e1ximas, no in\u00edcio da tarde, entre 33 e 36\u00baC. H\u00e1 possibilidade de serem registrados novos recordes de 2021, pois, at\u00e9 o momento, a maior temperatura no estado, neste ano, foi 34\u00baC. Durante a noite, por\u00e9m, as temperaturas ficam amenas em Rio Branco e demais munic\u00edpios do leste e do sul acreano, com m\u00ednimas, ao amanhecer, entre 19 e 21\u00baC.<\/span><\/em><\/h4>\n<hr \/>\n<h3 style=\"text-align: center;\"><em><span style=\"color: #800000;\">\u00a0 \u00a0 \u00a0 <span style=\"color: #ff0000;\">ALERTA DE TEMPORAIS<\/span><\/span><\/em><\/h3>\n<h4>\u00a0 \u00a0 \u00a0 <em><span style=\"color: #ff0000;\">Entre s\u00e1bado e domingo, dever\u00e3o ocorrer chuvas na maioria dos munic\u00edpios do Acre, inclusive, em Rio Branco. Alertamos para a alta probabilidade de temporais, com chuvas fortes, raios e ventanias, neste fim de semana, com possibilidade de queda de granizo em alguns pontos.<\/span><\/em><\/h4>\n<h4><em><span style=\"color: #ff0000;\">\u00a0 \u00a0 \u00a0 Em Rio Branco, em Brasileia e nos munic\u00edpios vizinhos, no s\u00e1bado e na noite para domingo, poder\u00e3o ocorrer chuvas intensas, com acumulado significativo.<\/span><\/em><\/h4>\n<h4><em><span style=\"color: #ff0000;\">\u00a0 \u00a0 \u00a0 No domingo, as chuvas, que podem ser acompanhadas de fortes temporais, tamb\u00e9m ocorrer\u00e3o, principalmente no centro do estado e no vale do Juru\u00e1<\/span><\/em><em><span style=\"color: #ff0000;\">.<\/span><\/em><\/h4>\n<hr \/>\n<h3 style=\"text-align: center;\">\u00a0 \u00a0 <em><span style=\"color: #0000ff;\">ONDA DE FRIO CHEGA NO DOMINGO<\/span><\/em><\/h3>\n<div id=\"attachment_21256\" style=\"width: 210px\" class=\"wp-caption alignleft\"><img data-recalc-dims=\"1\" loading=\"lazy\" decoding=\"async\" aria-describedby=\"caption-attachment-21256\" class=\"size-full wp-image-21256\" src=\"https:\/\/i0.wp.com\/otempoaqui.com.br\/wp-content\/uploads\/2019\/06\/APROVACAO1.png?resize=200%2C200&#038;ssl=1\" alt=\"O melhor curso do Acre\" width=\"200\" height=\"200\" srcset=\"https:\/\/i0.wp.com\/otempoaqui.com.br\/wp-content\/uploads\/2019\/06\/APROVACAO1.png?w=200&amp;ssl=1 200w, https:\/\/i0.wp.com\/otempoaqui.com.br\/wp-content\/uploads\/2019\/06\/APROVACAO1.png?resize=150%2C150&amp;ssl=1 150w, https:\/\/i0.wp.com\/otempoaqui.com.br\/wp-content\/uploads\/2019\/06\/APROVACAO1.png?resize=175%2C175&amp;ssl=1 175w, https:\/\/i0.wp.com\/otempoaqui.com.br\/wp-content\/uploads\/2019\/06\/APROVACAO1.png?resize=184%2C184&amp;ssl=1 184w\" sizes=\"auto, (max-width: 200px) 100vw, 200px\" \/><p id=\"caption-attachment-21256\" class=\"wp-caption-text\"><strong><span style=\"color: #000000;\">O melhor<\/span> <span style=\"color: #000000;\">curso<\/span> <span style=\"color: #000000;\">preparat\u00f3rio<\/span> <span style=\"color: #000000;\">do<\/span> <span style=\"color: #000000;\">Acre.<\/span> <span style=\"color: #000000;\">Turnos<\/span> <span style=\"color: #000000;\">pela<\/span> <span style=\"color: #000000;\">manh\u00e3,<\/span> <span style=\"color: #000000;\">tarde e<\/span> <span style=\"color: #000000;\">noite.<\/span> <span style=\"color: #000000;\">Tem<\/span> <span style=\"color: #000000;\">turma<\/span> <span style=\"color: #000000;\">especial<\/span> <span style=\"color: #000000;\">para<\/span> <span style=\"color: #000000;\">quem<\/span> <span style=\"color: #000000;\">quer cursar <span style=\"color: #800000;\">M<\/span><\/span><\/strong><strong><span style=\"color: #800000;\">edicina.<\/span> <span style=\"color: #000000;\">J\u00e1<\/span> s\u00e3o<\/strong> <span style=\"color: #000000;\"><strong>15 anos de tradi\u00e7\u00e3o.<\/strong><\/span><\/p><\/div>\n<h4>\u00a0 \u00a0 \u00a0 <em><span style=\"color: #0000ff;\">Neste domingo, logo nas primeiras horas do dia, uma forte onda de frio polar chegar\u00e1 a Rio Branco, com ventos intensos da dire\u00e7\u00e3o sudeste, cujas rajadas poder\u00e3o passar de 50km\/h, em alguns pontos. Durante o dia, esta onda de frio polar avan\u00e7ar\u00e1 rapidamente na dire\u00e7\u00e3o de Cruzeiro do Sul, onde chegar\u00e1 nas primeiras horas da noite, e, assim, atingindo todo o estado do Acre, provocando mais uma t\u00edpica friagem na Amaz\u00f4nia Ocidental.<\/span><\/em><\/h4>\n<h4><em><span style=\"color: #0000ff;\">\u00a0 \u00a0 \u00a0 Tamb\u00e9m ser\u00e3o atingidos por esta onda polar Rond\u00f4nia, Amazonas (sudeste, sul e sudoeste), Mato Grosso (principalmente a regi\u00e3o do Pantanal e Cuiab\u00e1), Goi\u00e1s (sudeste, sul e sudoeste), Bol\u00edvia (plan\u00edcies) e Peru (regi\u00e3o de selva).<\/span><\/em><\/h4>\n<h4><em><span style=\"color: #0000ff;\">\u00a0 \u00a0 \u00a0 Em Rio Branco, em Brasileia e nas demais cidades do leste e do sul do Acre, as temperaturas m\u00ednimas, ao amanhecer, entre segunda-feira e quarta-feira pr\u00f3ximas, dever\u00e3o oscilar entre 12 e 15\u00baC. J\u00e1, em Cruzeiro do Sul e cidades pr\u00f3ximas, as m\u00ednimas v\u00e3o oscilar entre 16 e 19\u00baC.<\/span><\/em><\/h4>\n<h4><em><span style=\"color: #0000ff;\">\u00a0 \u00a0 \u00a0 Em Rond\u00f4nia, Porto Velho ter\u00e1 m\u00ednimas entre 16 e 19\u00baC, enquanto Costa Marques, Guajar\u00e1-Mirim e Vilhena, entre 12 e 15\u00baC.<\/span><\/em><\/h4>\n<h4><em><span style=\"color: #0000ff;\">\u00a0 \u00a0 \u00a0 No estado do Amazonas, a cidade de Boca do Acre dever\u00e1 registrar m\u00ednimas entre 14 e 17\u00baC, na pr\u00f3xima semana.<\/span><\/em><\/h4>\n<h4><em><span style=\"color: #0000ff;\">\u00a0 \u00a0 \u00a0 No entanto, na pr\u00f3xima sexta-feira (16\/7\/2021), por volta das 12h (hor\u00e1rio de Rio Branco), publicaremos informa\u00e7\u00f5es mais precisas sobre esta nova onda de frio polar a atingir a Amaz\u00f4nia Ocidental, pois poder\u00e3o ocorrer altera\u00e7\u00f5es para m ais ou para menos quanto \u00e0s temperaturas, aos ventos e \u00e0s chuvas.<\/span><\/em><\/h4>\n<h4><em><span style=\"color: #0000ff;\">\u00a0 \u00a0 \u00a0 Portanto, n\u00e3o perca nossas atualiza\u00e7\u00f5es di\u00e1rias.<\/span><\/em><\/h4>","protected":false},"excerpt":{"rendered":"<p>\u00a0 CALOR CONTINUA INTENSO AT\u00c9 S\u00c1BADO \u00a0 \u00a0 \u00a0 At\u00e9 o pr\u00f3ximo s\u00e1bado (17\/7\/2021), o calor intenso vai predominar em todo o Acre e nas \u00e1reas pr\u00f3ximas, com temperaturas m\u00e1ximas, no in\u00edcio da tarde, entre 33 e 36\u00baC. H\u00e1 possibilidade de serem registrados novos recordes de 2021, pois, at\u00e9 o momento, a maior temperatura no [&hellip;]<\/p>\n","protected":false},"author":2,"featured_media":0,"comment_status":"open","ping_status":"open","sticky":false,"template":"","format":"standard","meta":{"_jetpack_memberships_contains_paid_content":false,"footnotes":"","jetpack_publicize_message":"","jetpack_publicize_feature_enabled":true,"jetpack_social_post_already_shared":true,"jetpack_social_options":{"image_generator_settings":{"template":"highway","enabled":false},"version":2}},"categories":[193],"tags":[73,52,36,15,12,129,30,125,46,250,26,35],"class_list":["post-24670","post","type-post","status-publish","format-standard","hentry","category-previsao-do-tempo","tag-alerta-de-temporais","tag-chuvas","tag-chuvas-fortes","tag-friagem-na-amazonia","tag-friagem-no-acre","tag-frio-na-amazonia","tag-frio-no-acre","tag-frio-no-brasil","tag-previsao-do-tempo-para-os-proximos-dias","tag-previsao-para-o-fim-de-semana","tag-previsao-para-os-proximos-dias","tag-temporais"],"jetpack_publicize_connections":[],"jetpack_featured_media_url":"","jetpack_likes_enabled":true,"jetpack_sharing_enabled":true,"_links":{"self":[{"href":"https:\/\/otempoaqui.com.br\/index.php?rest_route=\/wp\/v2\/posts\/24670","targetHints":{"allow":["GET"]}}],"collection":[{"href":"https:\/\/otempoaqui.com.br\/index.php?rest_route=\/wp\/v2\/posts"}],"about":[{"href":"https:\/\/otempoaqui.com.br\/index.php?rest_route=\/wp\/v2\/types\/post"}],"author":[{"embeddable":true,"href":"https:\/\/otempoaqui.com.br\/index.php?rest_route=\/wp\/v2\/users\/2"}],"replies":[{"embeddable":true,"href":"https:\/\/otempoaqui.com.br\/index.php?rest_route=%2Fwp%2Fv2%2Fcomments&post=24670"}],"version-history":[{"count":5,"href":"https:\/\/otempoaqui.com.br\/index.php?rest_route=\/wp\/v2\/posts\/24670\/revisions"}],"predecessor-version":[{"id":24675,"href":"https:\/\/otempoaqui.com.br\/index.php?rest_route=\/wp\/v2\/posts\/24670\/revisions\/24675"}],"wp:attachment":[{"href":"https:\/\/otempoaqui.com.br\/index.php?rest_route=%2Fwp%2Fv2%2Fmedia&parent=24670"}],"wp:term":[{"taxonomy":"category","embeddable":true,"href":"https:\/\/otempoaqui.com.br\/index.php?rest_route=%2Fwp%2Fv2%2Fcategories&post=24670"},{"taxonomy":"post_tag","embeddable":true,"href":"https:\/\/otempoaqui.com.br\/index.php?rest_route=%2Fwp%2Fv2%2Ftags&post=24670"}],"curies":[{"name":"wp","href":"https:\/\/api.w.org\/{rel}","templated":true}]}}