{"id":24485,"date":"2021-06-29T15:14:00","date_gmt":"2021-06-29T20:14:00","guid":{"rendered":"https:\/\/otempoaqui.com.br\/?p=24485"},"modified":"2021-06-28T12:59:34","modified_gmt":"2021-06-28T17:59:34","slug":"quarta-feira-com-tempo-firme-mas-frio-seco-e-ventilado","status":"publish","type":"post","link":"https:\/\/otempoaqui.com.br\/?p=24485","title":{"rendered":"Quarta-feira com tempo firme, mas frio, seco e ventilado"},"content":{"rendered":"\n<p class=\"wp-block-paragraph\"><\/p>\n\n\n\n<div class=\"wp-block-group\"><div class=\"wp-block-group__inner-container is-layout-flow wp-block-group-is-layout-flow\">\n<h3 style=\"text-align: center;\"><span style=\"color: #0000ff;\">PREVIS\u00c3O DE TEMPO PARA QUARTA-FEIRA (30\/6\/2021)<\/span><\/h3>\n<hr \/>\n<blockquote>\n<h4 style=\"text-align: center;\"><span style=\"color: #800000;\"><em>TEMPERATURA M\u00cdNIMA ENTRE 8 E 11\u00baC NO ACRE<\/em><\/span><\/h4>\n<h4>\u00a0 <em><span style=\"color: #333300;\"><span style=\"color: #ff0000;\"><span style=\"color: #800000;\">As menores temperaturas desta semana, no Acre, dever\u00e3o oscilar entre 8 e 11\u00baC, em Rio Branco, Brasileia e cidades pr\u00f3ximas, e, entre 12 e 15\u00baC, em Cruzeiro do Sul, Tarauac\u00e1 e proximidades.<\/span><\/span><\/span><\/em><\/h4>\n<\/blockquote>\n<hr \/>\n<h4 style=\"text-align: center;\">\u00a0<span style=\"color: #000080;\">VIS\u00c3O GERAL DO TEMPO NESTA QUARTA-FEIRA<\/span><\/h4>\n<h4>\u00a0 <span style=\"color: #000080;\">Nesta quarta-feira (30\/6\/2021), o tempo firma, sem chuvas, mas frio e ventilado, vai predominar no Acre, em Rond\u00f4nia, no Amazonas (exceto o norte e o leste), em Mato Grosso (exceto o nordeste)), na Bol\u00edvia (plan\u00edcies) e no Peru (regi\u00e3o de selva). Em algumas \u00e1reas do norte e do leste amazonense, poder\u00e3o ocorrer chuvas fortes, acompanhadas de raios<\/span><span style=\"color: #000080;\">.<\/span><\/h4>\n<h4>\u00a0 \u00a0<span style=\"color: #000080;\">No Distrito Federal, em Goi\u00e1s e na maior parte de Mato Grosso, tempo seco, com sol e poucas nuvens. Em Bras\u00edlia, em Goi\u00e2nia e nos arredores, a temperatura cai rapidamente durante a noite.<\/span><\/h4>\n<h4 style=\"text-align: center;\"><span style=\"color: #800000;\">PREVIS\u00c3O ESPEC\u00cdFICA PARA O ACRE<\/span><\/h4>\n<div id=\"attachment_21256\" style=\"width: 210px\" class=\"wp-caption alignleft\"><img data-recalc-dims=\"1\" loading=\"lazy\" decoding=\"async\" aria-describedby=\"caption-attachment-21256\" class=\"size-full wp-image-21256\" src=\"https:\/\/i0.wp.com\/otempoaqui.com.br\/wp-content\/uploads\/2019\/06\/APROVACAO1.png?resize=200%2C200&#038;ssl=1\" alt=\"O melhor curso do Acre\" width=\"200\" height=\"200\" srcset=\"https:\/\/i0.wp.com\/otempoaqui.com.br\/wp-content\/uploads\/2019\/06\/APROVACAO1.png?w=200&amp;ssl=1 200w, https:\/\/i0.wp.com\/otempoaqui.com.br\/wp-content\/uploads\/2019\/06\/APROVACAO1.png?resize=150%2C150&amp;ssl=1 150w, https:\/\/i0.wp.com\/otempoaqui.com.br\/wp-content\/uploads\/2019\/06\/APROVACAO1.png?resize=175%2C175&amp;ssl=1 175w, https:\/\/i0.wp.com\/otempoaqui.com.br\/wp-content\/uploads\/2019\/06\/APROVACAO1.png?resize=184%2C184&amp;ssl=1 184w\" sizes=\"auto, (max-width: 200px) 100vw, 200px\" \/><p id=\"caption-attachment-21256\" class=\"wp-caption-text\"><strong><span style=\"color: #800000;\">Novas<\/span> <span style=\"color: #800000;\">turmas<\/span> <span style=\"color: #800000;\">est\u00e3o<\/span> <span style=\"color: #800000;\">come\u00e7ando.<\/span> <span style=\"color: #800000;\">Turnos<\/span> <span style=\"color: #800000;\">pela<\/span> <span style=\"color: #800000;\">manh\u00e3,<\/span> <span style=\"color: #800000;\">\u00e0 tarde<\/span> <span style=\"color: #800000;\">e \u00e0<\/span> <span style=\"color: #800000;\">noite. O<\/span> <span style=\"color: #800000;\">melhor<\/span> <span style=\"color: #800000;\">curso<\/span> <span style=\"color: #800000;\">preparat\u00f3rio<\/span> <span style=\"color: #800000;\">do<\/span> <span style=\"color: #800000;\">Acre.<\/span> <span style=\"color: #800000;\">Especial<\/span> <span style=\"color: #800000;\">para<\/span> <span style=\"color: #800000;\">quem<\/span> <span style=\"color: #800000;\">quer<\/span> <span style=\"color: #800000;\">cursar<\/span> <span style=\"color: #ff0000;\">Medicina.<\/span> <span style=\"color: #800000;\">J\u00e1<\/span> <span style=\"color: #800000;\">s\u00e3o<\/span> <span style=\"color: #800000;\">15<\/span> <span style=\"color: #800000;\">anos<\/span> <span style=\"color: #800000;\">de<\/span> <span style=\"color: #800000;\">tradi\u00e7\u00e3o.<\/span><\/strong><\/p><\/div>\n<h4>\u00a0 <span style=\"color: #800000;\">Leste e sul do estado:\u00a0<span style=\"color: #333300;\">tempo bom, frio, seco e ventilado, com noite &#8220;gelada&#8221;. N\u00e3o chove. Os ventos sopram, ininterruptamente, entre moderados e fracos, com fortes rajadas, da dire\u00e7\u00e3o sudeste.<\/span><\/span><\/h4>\n<h4>\u00a0 <span style=\"color: #800000;\">Centro e oeste acreano: <span style=\"color: #333300;\">tempo bom, frio, seco e ventilado. N\u00e3o chove. Os ventos sopram, ininterruptamente, entre moderados e fracos, com fortes rajadas, da dire\u00e7\u00e3o sudeste.<\/span><\/span><\/h4>\n<h4>\u00a0 <span style=\"color: #800000;\">Temperaturas:<\/span><\/h4>\n<h4>\u00a0 <span style=\"color: #800000;\">&#8211; Rio Branco, Senador Guiomard, Bujari e Porto Acre, <span style=\"color: #333300;\">com m\u00ednimas oscilando entre 10 e 12\u00baC e m\u00e1ximas, entre 19 e 21\u00baC;<\/span><\/span><\/h4>\n<h4>\u00a0 <span style=\"color: #800000;\">&#8211; Brasileia, Epitaciol\u00e2ndia, Xapuri, Capixaba e Assis Brasil, <span style=\"color: #333300;\">com m\u00ednimas oscilando entre 10 e 12\u00baC e<\/span>\u00a0<span style=\"color: #333300;\">m\u00e1ximas, entre 19 e 21\u00baC;<\/span><\/span><\/h4>\n<h4>\u00a0 <span style=\"color: #800000;\">&#8211; Pl\u00e1cido de Castro e Acrel\u00e2ndia, <span style=\"color: #333300;\">com m\u00ednimas oscilando entre 11 e 13\u00baC e m\u00e1ximas, entre 22 e 24\u00baC;<\/span><\/span><\/h4>\n<h4>\u00a0 <span style=\"color: #800000;\">&#8211; Sena Madureira, Manuel Urbano e Santa Rosa do Purus, <span style=\"color: #333300;\">com m\u00ednimas oscilando entre 11 e 13\u00baC e m\u00e1ximas, entre 21 e 23\u00baC;<\/span><\/span><\/h4>\n<h4><span style=\"color: #800000;\">\u00a0 &#8211; Tarauac\u00e1 e Feij\u00f3, <span style=\"color: #333300;\">com m\u00ednimas oscilando entre 12 e 14\u00baC e m\u00e1ximas, entre 22 e 24\u00baC;<\/span><\/span><\/h4>\n<h4>\u00a0 <span style=\"color: #800000;\">&#8211; Cruzeiro do Sul, M\u00e2ncio Lima e Rodrigues Alves, <span style=\"color: #333300;\">com m\u00ednimas oscilando entre 13 e 15\u00baC e m\u00e1ximas, entre 22 e 24\u00baC;<\/span><\/span><\/h4>\n<h4>\u00a0 <span style=\"color: #800000;\">&#8211; Marechal Thaumaturgo, Porto Walter e Jord\u00e3o, <span style=\"color: #333300;\">com m\u00ednimas oscilando entre 12 e 14\u00baC e m\u00e1ximas, entre 23 e 25\u00baC.<\/span><\/span><\/h4>\n<hr \/>\n<h4>\u00a0 <span style=\"color: #800080;\">TEMPERATURAS NOS DEMAIS ESTADOS<\/span><\/h4>\n<hr \/>\n<h4><span style=\"color: #800080;\">ROND\u00d4NIA:<\/span><\/h4>\n<h4><span style=\"color: #000080;\">\u00a0 &#8211; Porto Velho e Ariquemes, m\u00ednima entre 14 e 16\u00baC e m\u00e1xima entre 23 e 25\u00ba C;<\/span><\/h4>\n<h4><span style=\"color: #000080;\">\u00a0 &#8211; Cacoal e Ji-Paran\u00e1, m\u00ednima entre 13 e 15\u00baC e m\u00e1xima entre 23 e 25\u00baC;<\/span><\/h4>\n<h4><span style=\"color: #000080;\">\u00a0 &#8211; Vilhena, m\u00ednima entre 8 e 10\u00baC e m\u00e1xima entre 19 e 21\u00baC;<\/span><\/h4>\n<h4><span style=\"color: #000080;\">\u00a0 &#8211; Guajar\u00e1-Mirim e Costa Marques, m\u00ednima entre 10 e 12\u00baC e m\u00e1xima entre 23 e 25\u00baC.<\/span><\/h4>\n<hr \/>\n<h4>\u00a0 <span style=\"color: #000080;\"><span style=\"color: #800080;\">DISTRITO FEDERAL:<\/span><\/span><\/h4>\n<h4><span style=\"color: #000080;\">\u00a0 Bras\u00edlia e arredores ter\u00e3o m\u00ednima entre 7 e 10\u00baC e m\u00e1xima entre 19 e 22\u00baC.<\/span><\/h4>\n<hr \/>\n<h4><span style=\"color: #800080;\">GOI\u00c1S:<\/span><\/h4>\n<h4><span style=\"color: #000080;\">\u00a0 Em Goi\u00e2nia, a m\u00ednima varia entre 10 e 12\u00baC e a m\u00e1xima, entre 21 e 23\u00baC.<\/span><\/h4>\n<hr \/>\n<h4><span style=\"color: #000080;\"><span style=\"color: #800080;\">MATO GROSSO:<\/span><\/span><\/h4>\n<h4><span style=\"color: #000080;\">\u00a0 Em Cuiab\u00e1 e C\u00e1ceres, m\u00ednima entre 8 e 10\u00baC e m\u00e1xima entre 24 e 26\u00baC.<\/span><\/h4>\n<hr \/>\n<h4><span style=\"color: #800080;\">AMAZONAS:<\/span><\/h4>\n<h4><span style=\"color: #000080;\">\u00a0 &#8211; Manaus, Manacapuru, Itacoatiara e Parintins, m\u00ednima entre 19 e 21\u00baC e m\u00e1xima entre 27 e 29\u00baC;<\/span><\/h4>\n<h4><span style=\"color: #000080;\">\u00a0 &#8211; Boca do Acre e Pauini, m\u00ednima entre 12 e 14\u00baC e m\u00e1xima entre 20 e 22\u00baC;<\/span><\/h4>\n<h4><span style=\"color: #000080;\">\u00a0 &#8211; Eirunep\u00e9, Ipixuna e Guajar\u00e1, m\u00ednima entre 13 e 15\u00baC e m\u00e1xima entre 24 e 26\u00baC.<\/span><\/h4>\n<\/div><\/div>\n","protected":false},"excerpt":{"rendered":"<p>PREVIS\u00c3O DE TEMPO PARA QUARTA-FEIRA (30\/6\/2021) TEMPERATURA M\u00cdNIMA ENTRE 8 E 11\u00baC NO ACRE \u00a0 As menores temperaturas desta semana, no Acre, dever\u00e3o oscilar entre 8 e 11\u00baC, em Rio Branco, Brasileia e cidades pr\u00f3ximas, e, entre 12 e 15\u00baC, em Cruzeiro do Sul, Tarauac\u00e1 e proximidades. \u00a0VIS\u00c3O GERAL DO TEMPO NESTA QUARTA-FEIRA \u00a0 Nesta [&hellip;]<\/p>\n","protected":false},"author":2,"featured_media":0,"comment_status":"open","ping_status":"open","sticky":false,"template":"","format":"standard","meta":{"_jetpack_memberships_contains_paid_content":false,"footnotes":"","jetpack_publicize_message":"","jetpack_publicize_feature_enabled":true,"jetpack_social_post_already_shared":true,"jetpack_social_options":{"image_generator_settings":{"template":"highway","enabled":false},"version":2}},"categories":[193],"tags":[9,23,46],"class_list":["post-24485","post","type-post","status-publish","format-standard","hentry","category-previsao-do-tempo","tag-frio-intenso-no-acre","tag-previsao-do-tempo","tag-previsao-do-tempo-para-os-proximos-dias"],"jetpack_publicize_connections":[],"jetpack_featured_media_url":"","jetpack_likes_enabled":true,"jetpack_sharing_enabled":true,"_links":{"self":[{"href":"https:\/\/otempoaqui.com.br\/index.php?rest_route=\/wp\/v2\/posts\/24485","targetHints":{"allow":["GET"]}}],"collection":[{"href":"https:\/\/otempoaqui.com.br\/index.php?rest_route=\/wp\/v2\/posts"}],"about":[{"href":"https:\/\/otempoaqui.com.br\/index.php?rest_route=\/wp\/v2\/types\/post"}],"author":[{"embeddable":true,"href":"https:\/\/otempoaqui.com.br\/index.php?rest_route=\/wp\/v2\/users\/2"}],"replies":[{"embeddable":true,"href":"https:\/\/otempoaqui.com.br\/index.php?rest_route=%2Fwp%2Fv2%2Fcomments&post=24485"}],"version-history":[{"count":1,"href":"https:\/\/otempoaqui.com.br\/index.php?rest_route=\/wp\/v2\/posts\/24485\/revisions"}],"predecessor-version":[{"id":24486,"href":"https:\/\/otempoaqui.com.br\/index.php?rest_route=\/wp\/v2\/posts\/24485\/revisions\/24486"}],"wp:attachment":[{"href":"https:\/\/otempoaqui.com.br\/index.php?rest_route=%2Fwp%2Fv2%2Fmedia&parent=24485"}],"wp:term":[{"taxonomy":"category","embeddable":true,"href":"https:\/\/otempoaqui.com.br\/index.php?rest_route=%2Fwp%2Fv2%2Fcategories&post=24485"},{"taxonomy":"post_tag","embeddable":true,"href":"https:\/\/otempoaqui.com.br\/index.php?rest_route=%2Fwp%2Fv2%2Ftags&post=24485"}],"curies":[{"name":"wp","href":"https:\/\/api.w.org\/{rel}","templated":true}]}}