{"id":24431,"date":"2021-06-24T11:44:13","date_gmt":"2021-06-24T16:44:13","guid":{"rendered":"https:\/\/otempoaqui.com.br\/?p=24431"},"modified":"2021-06-24T11:44:18","modified_gmt":"2021-06-24T16:44:18","slug":"frio-pode-chegar-a-9oc-no-acre-com-sensacao-muito-inferior-devido-aos-fortes-ventos","status":"publish","type":"post","link":"https:\/\/otempoaqui.com.br\/?p=24431","title":{"rendered":"Frio pode chegar a 9\u00baC no Acre, com sensa\u00e7\u00e3o muito inferior devido aos fortes ventos"},"content":{"rendered":"\n<div class=\"wp-block-cover alignwide has-background-dim has-background-gradient is-position-center-center\" style=\"background:radial-gradient(rgba(188,174,174,0.37) 0%,rgb(236,243,242) 64%,rgba(161,178,137,0.7) 79%);min-height:200px;aspect-ratio:unset;\"><div class=\"wp-block-cover__inner-container is-layout-flow wp-block-cover-is-layout-flow\">\n<p class=\"has-text-align-center has-text-color wp-block-paragraph\" style=\"color:#fffffa;font-size:43px;line-height:1.1\"><strong><em><span style=\"text-decoration: underline;\"><span style=\"color:#ff0000\" class=\"has-inline-color\">Pinguins reservam hot\u00e9is no Acre para a pr\u00f3xima semana<\/span><\/span><\/em><\/strong><\/p>\n<\/div><\/div>\n\n\n\n<h2 class=\"wp-block-heading\" style=\"font-size:24px\"><strong><em><span style=\"color:#00a2ff\" class=\"has-inline-color\">&#8211; Em 2020, Rio Branco registrou 12\u00baC, nos dias 21 e 22 de agosto<\/span><\/em><\/strong><\/h2>\n\n\n\n<h2 class=\"wp-block-heading\" style=\"font-size:25px\"><strong><em><span style=\"color:#007a4d\" class=\"has-inline-color\">&#8211; Em 2013, o Acre registrou 4\u00baC, em Brasileia, e 7\u00baC, em Rio Branco, nos dias 24 e 25 de julho<\/span><\/em><\/strong><\/h2>\n\n\n\n<h2 class=\"wp-block-heading\" style=\"font-size:24px\"><strong><em><span style=\"color:#00a2ff\" class=\"has-inline-color\">&#8211; O frio intenso dever\u00e1 ocorrer novamente na pr\u00f3xima semana em todo o Acre<\/span><\/em><\/strong><\/h2>\n\n\n\n<h2 class=\"wp-block-heading\" style=\"font-size:24px\"><strong><em><span style=\"color:#00925c\" class=\"has-inline-color\">&#8211; At\u00e9 Manaus poder\u00e1 sentir uma leve brisa fresca<\/span><\/em><\/strong><\/h2>\n\n\n\n<h2 class=\"wp-block-heading\" style=\"font-size:24px\"><strong><em><span style=\"color:#00a2ff\" class=\"has-inline-color\">&#8211; Ar polar dever\u00e1 passar a linha do equador e atingir at\u00e9 a Venezuela<\/span><\/em><\/strong><\/h2>\n\n\n\n<h2 class=\"wp-block-heading\" style=\"font-size:24px\"><strong><em><span style=\"color:#039962\" class=\"has-inline-color\">&#8211; Campanha do agasalho se faz necess\u00e1ria e urgente<\/span><\/em><\/strong><\/h2>\n\n\n\n<h2 class=\"has-text-align-center wp-block-heading\"><strong><em><span style=\"color:#8400ff\" class=\"has-inline-color\">Este frio n\u00e3o \u00e9 novidade para o Acre<\/span><\/em><\/strong><\/h2>\n\n\n\n<p class=\"wp-block-paragraph\" style=\"font-size:21px\"><em><span style=\"color:#8400ff\" class=\"has-inline-color\">A forte onda de frio polar que chegar\u00e1 ao Acre, nas primeiras horas da pr\u00f3xima segunda-feira (28\/6\/2021), n\u00e3o \u00e9 novidade para para a popula\u00e7\u00e3o, pois \u00e9 comum todos os anos as temperaturas baixarem para valores inferiores a 16\u00baC no inverno<\/span><\/em><\/p>\n\n\n\n<p class=\"wp-block-paragraph\" style=\"font-size:21px\"><em><span style=\"color:#8400ff\" class=\"has-inline-color\">No ano passado, em 2020, Rio Branco registrou 12\u00baC, nos dias 21 e 22 de agosto, com m\u00e1ximas inferiores a 19\u00baC. Em 2013, nos dias 24 e 25 de julho, os term\u00f4metros marcaram 9\u00baC, na capital acreana, com m\u00e1xima abaixo de 15\u00baC, sendo que no aeroporto da cidade, chegou a 7\u00baC, e, em Epitaciol\u00e2ndia e Brasileia, menos de 5\u00baC. No entanto, segundo o Instituto Nacional de Meteorologia j\u00e1 foram registradas, em Rio Branco, temperaturas de 2\u00baC, em d\u00e9cadas anteriores. Na capital acreana, j\u00e1 presenciamos a forma\u00e7\u00e3o de geada na d\u00e9cada de 1990, ou seja, temperatura de 0\u00baC, pois a \u00e1gua s\u00f3 congela a esta temperatura ao n\u00edvel do mar ou pr\u00f3ximo a ele, que \u00e9 o caso de Rio Branco, que, no bairro onde presenciamos o congelamento, fica a 160m acima do n\u00edvel do mar.<\/span><\/em><\/p>\n\n\n\n<p class=\"wp-block-paragraph\" style=\"font-size:21px\"><em><span style=\"color:#8400ff\" class=\"has-inline-color\">Na pr\u00f3xima semana n\u00e3o ser\u00e1 muito diferente, exceto que as temperaturas estar\u00e3o baixas por v\u00e1rios dias seguidos.<\/span><\/em><\/p>\n\n\n\n<p class=\"wp-block-paragraph\" style=\"font-size:21px\"><em><span style=\"color:#8400ff\" class=\"has-inline-color\">A massa de ar polar ser\u00e1 t\u00e3o intensa que dever\u00e1 cruzar a linha do equador e chegar at\u00e9 a Venezuela, passando antes, pela regi\u00e3o de Tabatinga, no oeste do Amazonas e sul da Col\u00f4mbia. No entanto, nestas \u00e1reas, o frio j\u00e1 estar\u00e1 enfraquecido.<\/span><\/em><\/p>\n\n\n\n<p class=\"wp-block-paragraph\" style=\"font-size:21px\"><em><span style=\"color:#8400ff\" class=\"has-inline-color\">At\u00e9 a cidade de Manaus dever\u00e1 sentir uma brisa frasca e suave, soprando da dire\u00e7\u00e3o sul, como consequ\u00eancia da incurs\u00e3o dessa poderosa onda polar.<\/span><\/em><\/p>\n\n\n\n<p class=\"wp-block-paragraph\" style=\"font-size:21px\">  <em><span style=\"color:#8400ff\" class=\"has-inline-color\">Em Rio Branco, em Brasileia e nas \u00e1reas pr\u00f3ximas, a temperatura m\u00ednima dever\u00e1 oscilar entre 9 e 11\u00baC, principalmente entre ter\u00e7a-feira e quinta-feira pr\u00f3ximas.<\/span><\/em><\/p>\n\n\n\n<p class=\"wp-block-paragraph\" style=\"font-size:21px\">  <em><span style=\"color:#8400ff\" class=\"has-inline-color\">Assim, \u00e9 important\u00edssimo que a Campanha do Agasalho 2021 seja urgentemente lan\u00e7ada, a fim de que as pessoas menos favorecidas sejam contempladas com o nosso calor.<\/span><\/em><\/p>\n\n\n\n<p class=\"wp-block-paragraph\" style=\"font-size:21px\">  <em><span style=\"color:#8400ff\" class=\"has-inline-color\">Nesta sexta-feira (25\/6\/2021), publicaremos a previs\u00e3o para este fim de semana e todas as informa\u00e7\u00f5es sobre mais esta friagem a atingir a Amaz\u00f4nia Ocidental.<\/span><\/em><\/p>\n\n\n<div id=\"attachment_21256\" style=\"width: 284px\" class=\"wp-caption aligncenter\"><img data-recalc-dims=\"1\" loading=\"lazy\" decoding=\"async\" aria-describedby=\"caption-attachment-21256\" class=\" wp-image-21256\" src=\"https:\/\/i0.wp.com\/otempoaqui.com.br\/wp-content\/uploads\/2019\/06\/APROVACAO1.png?resize=274%2C274&#038;ssl=1\" alt=\"O melhor curso do Acre\" width=\"274\" height=\"274\" srcset=\"https:\/\/i0.wp.com\/otempoaqui.com.br\/wp-content\/uploads\/2019\/06\/APROVACAO1.png?w=200&amp;ssl=1 200w, https:\/\/i0.wp.com\/otempoaqui.com.br\/wp-content\/uploads\/2019\/06\/APROVACAO1.png?resize=150%2C150&amp;ssl=1 150w, https:\/\/i0.wp.com\/otempoaqui.com.br\/wp-content\/uploads\/2019\/06\/APROVACAO1.png?resize=175%2C175&amp;ssl=1 175w, https:\/\/i0.wp.com\/otempoaqui.com.br\/wp-content\/uploads\/2019\/06\/APROVACAO1.png?resize=184%2C184&amp;ssl=1 184w\" sizes=\"auto, (max-width: 274px) 100vw, 274px\" \/><p id=\"caption-attachment-21256\" class=\"wp-caption-text\">Novas turmas est\u00e3o come\u00e7ando. Turnos pela manh\u00e3, \u00e0 tarde e \u00e0 noite. O melhor curso preparat\u00f3rio do Acre. Tem turma especial para quem quer cursar Medicina. J\u00e1 s\u00e3o 15 anos de tradi\u00e7\u00e3o.<\/p><\/div>","protected":false},"excerpt":{"rendered":"<p>&#8211; Em 2020, Rio Branco registrou 12\u00baC, nos dias 21 e 22 de agosto &#8211; Em 2013, o Acre registrou 4\u00baC, em Brasileia, e 7\u00baC, em Rio Branco, nos dias 24 e 25 de julho &#8211; O frio intenso dever\u00e1 ocorrer novamente na pr\u00f3xima semana em todo o Acre &#8211; At\u00e9 Manaus poder\u00e1 sentir uma [&hellip;]<\/p>\n","protected":false},"author":2,"featured_media":0,"comment_status":"open","ping_status":"open","sticky":false,"template":"","format":"standard","meta":{"_jetpack_memberships_contains_paid_content":false,"footnotes":"","jetpack_publicize_message":"","jetpack_publicize_feature_enabled":true,"jetpack_social_post_already_shared":true,"jetpack_social_options":{"image_generator_settings":{"template":"highway","enabled":false},"version":2}},"categories":[193],"tags":[180,15,12,104,9,30,125,14,23,46,26],"class_list":["post-24431","post","type-post","status-publish","format-standard","hentry","category-previsao-do-tempo","tag-friagem","tag-friagem-na-amazonia","tag-friagem-no-acre","tag-frio-intenso","tag-frio-intenso-no-acre","tag-frio-no-acre","tag-frio-no-brasil","tag-muito-frio-no-acre","tag-previsao-do-tempo","tag-previsao-do-tempo-para-os-proximos-dias","tag-previsao-para-os-proximos-dias"],"jetpack_publicize_connections":[],"jetpack_featured_media_url":"","jetpack_likes_enabled":true,"jetpack_sharing_enabled":true,"_links":{"self":[{"href":"https:\/\/otempoaqui.com.br\/index.php?rest_route=\/wp\/v2\/posts\/24431","targetHints":{"allow":["GET"]}}],"collection":[{"href":"https:\/\/otempoaqui.com.br\/index.php?rest_route=\/wp\/v2\/posts"}],"about":[{"href":"https:\/\/otempoaqui.com.br\/index.php?rest_route=\/wp\/v2\/types\/post"}],"author":[{"embeddable":true,"href":"https:\/\/otempoaqui.com.br\/index.php?rest_route=\/wp\/v2\/users\/2"}],"replies":[{"embeddable":true,"href":"https:\/\/otempoaqui.com.br\/index.php?rest_route=%2Fwp%2Fv2%2Fcomments&post=24431"}],"version-history":[{"count":2,"href":"https:\/\/otempoaqui.com.br\/index.php?rest_route=\/wp\/v2\/posts\/24431\/revisions"}],"predecessor-version":[{"id":24433,"href":"https:\/\/otempoaqui.com.br\/index.php?rest_route=\/wp\/v2\/posts\/24431\/revisions\/24433"}],"wp:attachment":[{"href":"https:\/\/otempoaqui.com.br\/index.php?rest_route=%2Fwp%2Fv2%2Fmedia&parent=24431"}],"wp:term":[{"taxonomy":"category","embeddable":true,"href":"https:\/\/otempoaqui.com.br\/index.php?rest_route=%2Fwp%2Fv2%2Fcategories&post=24431"},{"taxonomy":"post_tag","embeddable":true,"href":"https:\/\/otempoaqui.com.br\/index.php?rest_route=%2Fwp%2Fv2%2Ftags&post=24431"}],"curies":[{"name":"wp","href":"https:\/\/api.w.org\/{rel}","templated":true}]}}