{"id":24428,"date":"2021-06-23T23:49:00","date_gmt":"2021-06-24T04:49:00","guid":{"rendered":"https:\/\/otempoaqui.com.br\/?p=24428"},"modified":"2021-06-23T13:15:47","modified_gmt":"2021-06-23T18:15:47","slug":"quinta-feira-com-tempo-bom-e-seco-sem-chuvas","status":"publish","type":"post","link":"https:\/\/otempoaqui.com.br\/?p=24428","title":{"rendered":"Quinta-feira com tempo bom e seco, sem chuvas"},"content":{"rendered":"\n<div class=\"wp-block-group\"><div class=\"wp-block-group__inner-container is-layout-flow wp-block-group-is-layout-flow\">\n<h3 style=\"text-align: center;\"><span style=\"color: #0000ff;\">PREVIS\u00c3O DE TEMPO PARA QUINTA-FEIRA (24\/6\/2021)<\/span><\/h3>\n<hr \/>\n<blockquote>\n<h3 style=\"text-align: center;\"><em><span style=\"color: #ff0000;\">ALERTA DE FRIO INTENSO<\/span><\/em><\/h3>\n<h4 style=\"text-align: left;\">\u00a0 \u00a0\u00a0<em><span style=\"color: #ff0000;\">Alertamos para a chegada de uma forte onda de frio polar ao Acre, Amazonas, Rond\u00f4nia, Mato Grosso, Bol\u00edvia e Peru. H\u00e1 necessidade urgente de uma ampla Campanha do Agasalho. Acesse &#8220;<a href=\"https:\/\/otempoaqui.com.br\/?p=24417\"><span style=\"color: #000080;\">Alerta de frio intenso no Acre<\/span><\/a>&#8221; para saber mais sobre esta nova onda de frio polar a atingir a Amaz\u00f4nia Ocidental.<\/span><\/em><\/h4>\n<\/blockquote>\n<hr \/>\n<blockquote>\n<h4 style=\"text-align: center;\"><span style=\"color: #800000;\"><em>V\u00caNUS E J\u00daPITER BEM VIS\u00cdVEIS<\/em><\/span><\/h4>\n<h4>\u00a0 <em><span style=\"color: #333300;\"><span style=\"color: #ff0000;\"><span style=\"color: #800000;\">O c\u00e9u durante as noites, atualmente, est\u00e3o mais belos com os planetas V\u00eanus, do lado oeste, logo ap\u00f3s o p\u00f4r do Sol, e J\u00fapiter, do lado leste, ap\u00f3s as 22h. S\u00e3o os dois pontos mais brilhantes do c\u00e9u nestas noites.<\/span><\/span><\/span><\/em><\/h4>\n<\/blockquote>\n<hr \/>\n<blockquote>\n<h4 style=\"text-align: center;\">\u00a0 <span style=\"color: #008000;\"><em>TUDO SOBRE O INVERNO QUE J\u00c1 COME\u00c7OU NO ACRE<\/em><\/span><\/h4>\n<h4>\u00a0 <em><span style=\"color: #008000;\">No Acre e na maior parte do Brasil, o inverno \u00e9 caracterizado pelas baixas temperaturas noturnas e a escassez de chuvas. Leia mais acessando &#8220;<a href=\"https:\/\/otempoaqui.com.br\/?p=24351\"><span style=\"color: #003366;\">INVERNO: COME\u00c7A A ESTA\u00c7\u00c3O MAIS SECA E FRIA NO ACRE<\/span><\/a><span style=\"color: #003366;\">&#8220;.<\/span><\/span><\/em><\/h4>\n<\/blockquote>\n<hr \/>\n<h4 style=\"text-align: center;\">\u00a0<span style=\"color: #000080;\">VIS\u00c3O GERAL DO TEMPO NESTA QUINTA-FEIRA<\/span><\/h4>\n<h4>\u00a0 <span style=\"color: #000080;\">Nesta quinta-feira (24\/6\/2021), o tempo bom, sem chuvas, com baixa umidade do ar, vai predominar no Acre, em Rond\u00f4nia, no Amazonas (sudeste, sul e sudoeste), em Mato Grosso, na Bol\u00edvia (plan\u00edcies) e no Peru (regi\u00e3o de selva). Nas demais \u00e1reas do Amazonas, poder\u00e3o ocorrer chuvas fortes, acompanhadas de raios<\/span><span style=\"color: #000080;\">.<\/span><\/h4>\n<h4>\u00a0 \u00a0<span style=\"color: #000080;\">No Distrito Federal, em Goi\u00e1s e na maior parte de Mato Grosso, tempo seco, com sol e poucas nuvens. Em Bras\u00edlia, em Goi\u00e2nia e nos arredores, a temperatura cai rapidamente durante a noite.<\/span><\/h4>\n<h4 style=\"text-align: center;\"><span style=\"color: #800000;\">PREVIS\u00c3O ESPEC\u00cdFICA PARA O ACRE<\/span><\/h4>\n<div id=\"attachment_21256\" style=\"width: 210px\" class=\"wp-caption alignleft\"><img data-recalc-dims=\"1\" loading=\"lazy\" decoding=\"async\" aria-describedby=\"caption-attachment-21256\" class=\"size-full wp-image-21256\" src=\"https:\/\/i0.wp.com\/otempoaqui.com.br\/wp-content\/uploads\/2019\/06\/APROVACAO1.png?resize=200%2C200&#038;ssl=1\" alt=\"O melhor curso do Acre\" width=\"200\" height=\"200\" srcset=\"https:\/\/i0.wp.com\/otempoaqui.com.br\/wp-content\/uploads\/2019\/06\/APROVACAO1.png?w=200&amp;ssl=1 200w, https:\/\/i0.wp.com\/otempoaqui.com.br\/wp-content\/uploads\/2019\/06\/APROVACAO1.png?resize=150%2C150&amp;ssl=1 150w, https:\/\/i0.wp.com\/otempoaqui.com.br\/wp-content\/uploads\/2019\/06\/APROVACAO1.png?resize=175%2C175&amp;ssl=1 175w, https:\/\/i0.wp.com\/otempoaqui.com.br\/wp-content\/uploads\/2019\/06\/APROVACAO1.png?resize=184%2C184&amp;ssl=1 184w\" sizes=\"auto, (max-width: 200px) 100vw, 200px\" \/><p id=\"caption-attachment-21256\" class=\"wp-caption-text\"><strong><span style=\"color: #800000;\">Novas<\/span> <span style=\"color: #800000;\">turmas<\/span> <span style=\"color: #800000;\">est\u00e3o<\/span> <span style=\"color: #800000;\">come\u00e7ando.<\/span> <span style=\"color: #800000;\">Turnos<\/span> <span style=\"color: #800000;\">pela<\/span> <span style=\"color: #800000;\">manh\u00e3,<\/span> <span style=\"color: #800000;\">\u00e0 tarde<\/span> <span style=\"color: #800000;\">e \u00e0<\/span> <span style=\"color: #800000;\">noite. O<\/span> <span style=\"color: #800000;\">melhor<\/span> <span style=\"color: #800000;\">curso<\/span> <span style=\"color: #800000;\">preparat\u00f3rio<\/span> <span style=\"color: #800000;\">do<\/span> <span style=\"color: #800000;\">Acre.<\/span> <span style=\"color: #800000;\">Tem turma especial<\/span> <span style=\"color: #800000;\">para<\/span> <span style=\"color: #800000;\">quem<\/span> <span style=\"color: #800000;\">quer<\/span> <span style=\"color: #800000;\">cursar<\/span> <span style=\"color: #ff0000;\">Medicina.<\/span> <span style=\"color: #800000;\">J\u00e1<\/span> <span style=\"color: #800000;\">s\u00e3o<\/span> <span style=\"color: #800000;\">15<\/span> <span style=\"color: #800000;\">anos<\/span> <span style=\"color: #800000;\">de<\/span> <span style=\"color: #800000;\">tradi\u00e7\u00e3o.<\/span><\/strong><\/p><\/div>\n<h4>\u00a0 <span style=\"color: #800000;\">Leste e sul do estado:\u00a0<span style=\"color: #333300;\">tempo bom e seco, com muito sol. N\u00e3o chove. Ao amanhecer, poder\u00e1 ocorrer forma\u00e7\u00e3o de nevoeiro. Os ventos sopram, entre fracos e calmos, da dire\u00e7\u00e3o noroeste, com varia\u00e7\u00f5es do norte e de oeste.<\/span><\/span><\/h4>\n<h4>\u00a0 <span style=\"color: #800000;\">Centro e oeste acreano: <span style=\"color: #333300;\">tempo quente e abafado. Baixa probabilidade de chuvas r\u00e1pidas, fracas e pontuais. Os ventos sopram, entre fracos e calmos, da dire\u00e7\u00e3o norte, com varia\u00e7\u00f5es de noroeste e de nordeste.<\/span><\/span><\/h4>\n<h4>\u00a0 <span style=\"color: #800000;\">Temperaturas:<\/span><\/h4>\n<h4>\u00a0 <span style=\"color: #800000;\">&#8211; Rio Branco, Senador Guiomard, Bujari e Porto Acre, <span style=\"color: #333300;\">com m\u00ednimas oscilando entre 18 e 20\u00baC e m\u00e1ximas, entre 30 e 32\u00baC;<\/span><\/span><\/h4>\n<h4>\u00a0 <span style=\"color: #800000;\">&#8211; Brasileia, Epitaciol\u00e2ndia, Xapuri, Capixaba e Assis Brasil, <span style=\"color: #333300;\">com m\u00ednimas oscilando entre 18 e 20\u00baC e<\/span>\u00a0<span style=\"color: #333300;\">m\u00e1ximas, entre 30 e 32\u00baC;<\/span><\/span><\/h4>\n<h4>\u00a0 <span style=\"color: #800000;\">&#8211; Pl\u00e1cido de Castro e Acrel\u00e2ndia, <span style=\"color: #333300;\">com m\u00ednimas oscilando entre 19 e 21\u00baC e m\u00e1ximas, entre 30 e 32\u00baC;<\/span><\/span><\/h4>\n<h4>\u00a0 <span style=\"color: #800000;\">&#8211; Sena Madureira, Manuel Urbano e Santa Rosa do Purus, <span style=\"color: #333300;\">com m\u00ednimas oscilando entre 20 e 22\u00baC e m\u00e1ximas, entre 30 e 32\u00baC;<\/span><\/span><\/h4>\n<h4><span style=\"color: #800000;\">\u00a0 &#8211; Tarauac\u00e1 e Feij\u00f3, <span style=\"color: #333300;\">com m\u00ednimas oscilando entre 21 e 23\u00baC e m\u00e1ximas, entre 32 e 34\u00baC;<\/span><\/span><\/h4>\n<h4>\u00a0 <span style=\"color: #800000;\">&#8211; Cruzeiro do Sul, M\u00e2ncio Lima e Rodrigues Alves, <span style=\"color: #333300;\">com m\u00ednimas oscilando entre 22 e 24\u00baC e m\u00e1ximas, entre 32 e 34\u00baC;<\/span><\/span><\/h4>\n<h4>\u00a0 <span style=\"color: #800000;\">&#8211; Marechal Thaumaturgo, Porto Walter e Jord\u00e3o, <span style=\"color: #333300;\">com m\u00ednimas oscilando entre 22 e 24\u00baC e m\u00e1ximas, entre 32 e 34\u00baC.<\/span><\/span><\/h4>\n<hr \/>\n<h4>\u00a0 <span style=\"color: #800080;\">TEMPERATURAS NOS DEMAIS ESTADOS<\/span><\/h4>\n<hr \/>\n<h4><span style=\"color: #800080;\">ROND\u00d4NIA:<\/span><\/h4>\n<h4><span style=\"color: #000080;\">\u00a0 &#8211; Porto Velho e Ariquemes, m\u00ednima entre 22 e 24\u00baC e m\u00e1xima entre 32 e 34\u00ba C;<\/span><\/h4>\n<h4><span style=\"color: #000080;\">\u00a0 &#8211; Cacoal e Ji-Paran\u00e1, m\u00ednima entre 21 e 23\u00baC e m\u00e1xima entre 32 e 34\u00baC;<\/span><\/h4>\n<h4><span style=\"color: #000080;\">\u00a0 &#8211; Vilhena, m\u00ednima entre 19 e 21\u00baC e m\u00e1xima entre 29 e 31\u00baC;<\/span><\/h4>\n<h4><span style=\"color: #000080;\">\u00a0 &#8211; Guajar\u00e1-Mirim e Costa Marques, m\u00ednima entre 20 e 22\u00baC e m\u00e1xima entre 31 e 33\u00baC.<\/span><\/h4>\n<hr \/>\n<h4>\u00a0 <span style=\"color: #000080;\"><span style=\"color: #800080;\">DISTRITO FEDERAL:<\/span><\/span><\/h4>\n<h4><span style=\"color: #000080;\">\u00a0 Bras\u00edlia e arredores ter\u00e3o m\u00ednima entre 10 e 13\u00baC e m\u00e1xima entre 26 e 29\u00baC.<\/span><\/h4>\n<hr \/>\n<h4><span style=\"color: #800080;\">GOI\u00c1S:<\/span><\/h4>\n<h4><span style=\"color: #000080;\">\u00a0 Em Goi\u00e2nia, a m\u00ednima varia entre 14 e 16\u00baC e a m\u00e1xima, entre 29 e 31\u00baC.<\/span><\/h4>\n<hr \/>\n<h4><span style=\"color: #000080;\"><span style=\"color: #800080;\">MATO GROSSO:<\/span><\/span><\/h4>\n<h4><span style=\"color: #000080;\">\u00a0 Em Cuiab\u00e1 e C\u00e1ceres, m\u00ednima entre 21 e 23\u00baC e m\u00e1xima entre 35 e 37\u00baC.<\/span><\/h4>\n<hr \/>\n<h4><span style=\"color: #800080;\">AMAZONAS:<\/span><\/h4>\n<h4><span style=\"color: #000080;\">\u00a0 &#8211; Manaus, Manacapuru, Itacoatiara e Parintins, m\u00ednima entre 24 e 26\u00baC e m\u00e1xima entre 31 e 33\u00baC;<\/span><\/h4>\n<h4><span style=\"color: #000080;\">\u00a0 &#8211; Boca do Acre e Pauini, m\u00ednima entre 21 e 23\u00baC e m\u00e1xima entre 31 e 33\u00baC;<\/span><\/h4>\n<h4><span style=\"color: #000080;\">\u00a0 &#8211; Eirunep\u00e9, Ipixuna e Guajar\u00e1, m\u00ednima entre 22 e 24\u00baC e m\u00e1xima entre 31 e 33\u00baC.<\/span><\/h4>\n<\/div><\/div>\n","protected":false},"excerpt":{"rendered":"<p>PREVIS\u00c3O DE TEMPO PARA QUINTA-FEIRA (24\/6\/2021) ALERTA DE FRIO INTENSO \u00a0 \u00a0\u00a0Alertamos para a chegada de uma forte onda de frio polar ao Acre, Amazonas, Rond\u00f4nia, Mato Grosso, Bol\u00edvia e Peru. H\u00e1 necessidade urgente de uma ampla Campanha do Agasalho. Acesse &#8220;Alerta de frio intenso no Acre&#8221; para saber mais sobre esta nova onda de [&hellip;]<\/p>\n","protected":false},"author":2,"featured_media":0,"comment_status":"open","ping_status":"open","sticky":false,"template":"","format":"standard","meta":{"_jetpack_memberships_contains_paid_content":false,"footnotes":"","jetpack_publicize_message":"","jetpack_publicize_feature_enabled":true,"jetpack_social_post_already_shared":true,"jetpack_social_options":{"image_generator_settings":{"template":"highway","enabled":false},"version":2}},"categories":[193],"tags":[9,23,46],"class_list":["post-24428","post","type-post","status-publish","format-standard","hentry","category-previsao-do-tempo","tag-frio-intenso-no-acre","tag-previsao-do-tempo","tag-previsao-do-tempo-para-os-proximos-dias"],"jetpack_publicize_connections":[],"jetpack_featured_media_url":"","jetpack_likes_enabled":true,"jetpack_sharing_enabled":true,"_links":{"self":[{"href":"https:\/\/otempoaqui.com.br\/index.php?rest_route=\/wp\/v2\/posts\/24428","targetHints":{"allow":["GET"]}}],"collection":[{"href":"https:\/\/otempoaqui.com.br\/index.php?rest_route=\/wp\/v2\/posts"}],"about":[{"href":"https:\/\/otempoaqui.com.br\/index.php?rest_route=\/wp\/v2\/types\/post"}],"author":[{"embeddable":true,"href":"https:\/\/otempoaqui.com.br\/index.php?rest_route=\/wp\/v2\/users\/2"}],"replies":[{"embeddable":true,"href":"https:\/\/otempoaqui.com.br\/index.php?rest_route=%2Fwp%2Fv2%2Fcomments&post=24428"}],"version-history":[{"count":2,"href":"https:\/\/otempoaqui.com.br\/index.php?rest_route=\/wp\/v2\/posts\/24428\/revisions"}],"predecessor-version":[{"id":24430,"href":"https:\/\/otempoaqui.com.br\/index.php?rest_route=\/wp\/v2\/posts\/24428\/revisions\/24430"}],"wp:attachment":[{"href":"https:\/\/otempoaqui.com.br\/index.php?rest_route=%2Fwp%2Fv2%2Fmedia&parent=24428"}],"wp:term":[{"taxonomy":"category","embeddable":true,"href":"https:\/\/otempoaqui.com.br\/index.php?rest_route=%2Fwp%2Fv2%2Fcategories&post=24428"},{"taxonomy":"post_tag","embeddable":true,"href":"https:\/\/otempoaqui.com.br\/index.php?rest_route=%2Fwp%2Fv2%2Ftags&post=24428"}],"curies":[{"name":"wp","href":"https:\/\/api.w.org\/{rel}","templated":true}]}}