{"id":23724,"date":"2021-04-28T11:53:12","date_gmt":"2021-04-28T16:53:12","guid":{"rendered":"https:\/\/otempoaqui.com.br\/?p=23724"},"modified":"2021-04-28T11:53:16","modified_gmt":"2021-04-28T16:53:16","slug":"noites-serao-frias-com-minimas-entre-16-e-18oc-no-acre-mas-os-dias-ventilados-secos-e-ensolarados","status":"publish","type":"post","link":"https:\/\/otempoaqui.com.br\/?p=23724","title":{"rendered":"Noites ser\u00e3o frias, com m\u00ednimas entre 16 e 18\u00baC, no Acre, mas os dias, ventilados, secos e ensolarados"},"content":{"rendered":"\n<div class=\"wp-block-cover alignwide has-background-dim has-background-gradient is-position-center-center\" style=\"background:radial-gradient(rgb(2,3,129) 0%,rgb(40,116,252) 100%);min-height:128px;aspect-ratio:unset;\"><div class=\"wp-block-cover__inner-container is-layout-flow wp-block-cover-is-layout-flow\">\n<p class=\"has-text-align-center has-text-color wp-block-paragraph\" style=\"color:#fffffa;font-size:55px;line-height:1.1\"><em><strong><span class=\"has-inline-color has-white-color\">RECORDES DE FRIO<\/span><\/strong><\/em><\/p>\n<\/div><\/div>\n\n\n<hr \/>\n<p>\u00a0<\/p>\n\n\n<h2 class=\"has-vivid-red-color has-text-color wp-block-heading\"><span class=\"has-inline-color has-vivid-red-color\"><strong><em>&#8211; Dias ventilados, secos e ensolarados<\/em><\/strong><\/span><\/h2>\n\n\n\n<h2 class=\"has-luminous-vivid-orange-color has-text-color wp-block-heading\"><span class=\"has-inline-color has-luminous-vivid-orange-color\"><strong><em>&#8211; Noites estreladas e frias<\/em><\/strong><\/span><\/h2>\n\n\n\n<h2 class=\"has-vivid-red-color has-text-color wp-block-heading\"><span class=\"has-inline-color has-vivid-red-color\"><strong><em>&#8211; N\u00e3o chove at\u00e9 o dia primeiro de maio<\/em><\/strong><\/span><\/h2>\n\n\n\n<h2 class=\"has-luminous-vivid-orange-color has-text-color wp-block-heading\"><span class=\"has-inline-color has-luminous-vivid-orange-color\"><strong><em>&#8211; N\u00edvel do rio Acre pode atingir 11m<\/em><\/strong><\/span><\/h2>\n\n\n\n<h2 class=\"has-vivid-red-color has-text-color wp-block-heading\"><span class=\"has-inline-color has-vivid-red-color\"><strong><em>&#8211; Em Rio Branco, choveu 47% acima da m\u00e9dia de abril<\/em><\/strong><\/span><\/h2>\n\n\n<hr \/>\n<p>\u00a0<\/p>\n\n\n\n<h3 style=\"text-align: center;\"><em><strong><span style=\"color: #0000ff;\">Tempo bom, seco e ventilado, com dias ensolarados e noites frias no Acre, vai predominar no Acre, at\u00e9 s\u00e1bado<\/span><\/strong><\/em><\/h3>\n<h4>\u00a0\u00a0<em>N\u00e3o chove no Acre, pelo menos at\u00e9 o pr\u00f3ximo s\u00e1bado (1\/5\/2021). O tempo bom, com muito sol, baixa umidade do ar e ventos intensos da dire\u00e7\u00e3o sudeste, v\u00e3o marcar o restante desta semana. As noites ser\u00e3o frias, principalmente entre quinta-feira e amanhecer de s\u00e1bado.<\/em><\/h4>\n<h4><em>\u00a0 As menores temperaturas do ano, at\u00e9 o momento, dever\u00e3o ser registradas, em Rio Branco, Brasileia, Assis Brasil e cidades vizinhas, com m\u00ednimas entre 16 e 18\u00baC. At\u00e9 agora, o recorde de menor temperatura de 2021, no estado, foi 19,8\u00baC, registrado no dia 19 de janeiro, quando da incurs\u00e3o de ar polar.<\/em><\/h4>\n<h4><em>\u00a0 No \u00faltimo dia 25 de abril, uma frente fria &#8211; a d\u00e9cima primeira deste ano &#8211; chegou ao estado e, na sequ\u00eancia, uma onda de frio polar come\u00e7ou a penetrar, derrubando levemente a temperatura em todo o estado e proporcionando a primeira friagem do ano.<\/em><\/h4>\n<h4><em>\u00a0 Os ventos desta massa de ar polar, da dire\u00e7\u00e3o sudeste, v\u00e3o continuar soprando, at\u00e9 o amanhecer de s\u00e1bado, mas ser\u00e1 nesta quinta-feira (29\/4\/2021), que ser\u00e3o mais intensos, com rajadas entre 25 e 40km\/h, deixando o dia bastante ventilado. A umidade do ar para percentuais entre 30 e 50%, durante as pr\u00f3ximas tardes.<\/em><\/h4>\n<p>\u00a0<\/p>\n<h3 style=\"text-align: center;\"><em><strong><span style=\"color: #0000ff;\">Chuvas superaram a m\u00e9dia de abril, em Rio Branco<\/span><\/strong><\/em><\/h3>\n<h4>\u00a0\u00a0<em>As chuvas, em Rio Branco, superaram em 47,0% a m\u00e9dia de abril, que \u00e9 207,4mm. Choveu 304,8mm.<\/em><\/h4>\n<h4>\u00a0 <em>J\u00e1, em Tarauac\u00e1, choveu, apenas, 58,4% da m\u00e9dia do m\u00eas, que \u00e9 200,9mm. O acumulado, at\u00e9 esta quarta-feira (28\/4\/2021), \u00e9 117,4mm.<\/em><\/h4>\n<p>\u00a0<\/p>\n<h3 style=\"text-align: center;\"><em><strong><span style=\"color: #0000ff;\">N\u00edvel do rio Acre pode ficar pr\u00f3ximo de 11m<\/span><\/strong><\/em><\/h3>\n<h4>\u00a0\u00a0<em>As intensas chuvas do \u00faltimo domingo proporcionaram um aumento acentuado do n\u00edvel do rio Acre em todas as cidades por ele banhadas.<\/em><\/h4>\n<h4>\u00a0\u00a0<em>Em Rio Branco, o rio Acre subiu 2m, passando de 7,6m, na segunda-feira, para 9,6m, nesta quarta-feira, e continua subindo, podendo ficar pr\u00f3ximo de 11m at\u00e9 s\u00e1bado, mas n\u00e3o h\u00e1 motivos para preocupa\u00e7\u00e3o, pois n\u00e3o chove mais este m\u00eas.<\/em><\/h4>\n<hr \/>\n<h1 style=\"text-align: center;\"><em><span style=\"color: #800080;\">MUITO OBRIGADO<\/span><\/em><\/h1>\n\n<h2>\u00a0 <em><span style=\"color: #800080;\">O Tempo Aqui \u00e9 o \u00fanico portal de meteorologia da Am\u00e9rica do Sul que informa, com muita anteced\u00eancia e com linguagem compreens\u00edvel por todos, a previs\u00e3o de tempo e a tend\u00eancia do n\u00edvel dos principais rios do Acre. Assim, voc\u00ea pode planejar melhor suas atividades e evitar maiores preju\u00edzos ou transtornos.<\/span><\/em><\/h2>\n\n<h2>\u00a0 <em><span style=\"color: #800080;\">Muito obrigado pelos milhares de acessos, todos os dias, o que comprova nossa seriedade com as informa\u00e7\u00f5es publicadas.<\/span><\/em><\/h2>\n\n<div id=\"attachment_21256\" style=\"width: 382px\" class=\"wp-caption aligncenter\"><img data-recalc-dims=\"1\" loading=\"lazy\" decoding=\"async\" aria-describedby=\"caption-attachment-21256\" class=\" wp-image-21256\" src=\"https:\/\/i0.wp.com\/otempoaqui.com.br\/wp-content\/uploads\/2019\/06\/APROVACAO1.png?resize=372%2C372&#038;ssl=1\" alt=\"O melhor curso do Acre\" width=\"372\" height=\"372\" srcset=\"https:\/\/i0.wp.com\/otempoaqui.com.br\/wp-content\/uploads\/2019\/06\/APROVACAO1.png?w=200&amp;ssl=1 200w, https:\/\/i0.wp.com\/otempoaqui.com.br\/wp-content\/uploads\/2019\/06\/APROVACAO1.png?resize=150%2C150&amp;ssl=1 150w, https:\/\/i0.wp.com\/otempoaqui.com.br\/wp-content\/uploads\/2019\/06\/APROVACAO1.png?resize=175%2C175&amp;ssl=1 175w, https:\/\/i0.wp.com\/otempoaqui.com.br\/wp-content\/uploads\/2019\/06\/APROVACAO1.png?resize=184%2C184&amp;ssl=1 184w\" sizes=\"auto, (max-width: 372px) 100vw, 372px\" \/><p id=\"caption-attachment-21256\" class=\"wp-caption-text\"><em><strong><span style=\"color: #800000;\">Matr\u00edculas<\/span><\/strong> <strong><span style=\"color: #800000;\">abertas<\/span><\/strong> <strong><span style=\"color: #800000;\">para<\/span><\/strong> <strong><span style=\"color: #800000;\">2021.<\/span><\/strong> <strong><span style=\"color: #800000;\">Aulas<\/span><\/strong> <strong><span style=\"color: #800000;\">est\u00e3o<\/span><\/strong> <strong><span style=\"color: #800000;\">come\u00e7ando.<\/span> <span style=\"color: #ff0000;\">O melhor<\/span> <span style=\"color: #800000;\">curso<\/span> <span style=\"color: #800000;\">preparat\u00f3rio<\/span><\/strong> <strong><span style=\"color: #800000;\">do<\/span><\/strong> <strong><span style=\"color: #800000;\">Acre.<\/span><\/strong> <strong><span style=\"color: #800000;\">Especial<\/span><\/strong> <strong><span style=\"color: #800000;\">para<\/span><\/strong> <strong><span style=\"color: #800000;\">quem<\/span><\/strong> <strong><span style=\"color: #800000;\">quer<\/span><\/strong> <strong><span style=\"color: #800000;\">cursar<\/span><\/strong> <strong><span style=\"color: #ff0000;\">Medicina.<\/span><\/strong> <strong><span style=\"color: #800000;\">J\u00e1<\/span><\/strong> <strong><span style=\"color: #800000;\">s\u00e3o<\/span><\/strong> <strong><span style=\"color: #800000;\">15<\/span><\/strong> <strong><span style=\"color: #800000;\">anos<\/span><\/strong> <strong><span style=\"color: #800000;\">de<\/span><\/strong> <strong><span style=\"color: #800000;\">tradi\u00e7\u00e3o.<\/span><\/strong><\/em><\/p><\/div>","protected":false},"excerpt":{"rendered":"<p>\u00a0 &#8211; Dias ventilados, secos e ensolarados &#8211; Noites estreladas e frias &#8211; N\u00e3o chove at\u00e9 o dia primeiro de maio &#8211; N\u00edvel do rio Acre pode atingir 11m &#8211; Em Rio Branco, choveu 47% acima da m\u00e9dia de abril \u00a0 Tempo bom, seco e ventilado, com dias ensolarados e noites frias no Acre, vai [&hellip;]<\/p>\n","protected":false},"author":2,"featured_media":0,"comment_status":"open","ping_status":"open","sticky":false,"template":"","format":"standard","meta":{"_jetpack_memberships_contains_paid_content":false,"footnotes":"","jetpack_publicize_message":"","jetpack_publicize_feature_enabled":true,"jetpack_social_post_already_shared":true,"jetpack_social_options":{"image_generator_settings":{"template":"highway","enabled":false},"version":2}},"categories":[193],"tags":[31,180,30,13,23,46,168,26,63],"class_list":["post-23724","post","type-post","status-publish","format-standard","hentry","category-previsao-do-tempo","tag-baixa-umidade-do-ar","tag-friagem","tag-frio-no-acre","tag-noite-fria-em-rio-branco","tag-previsao-do-tempo","tag-previsao-do-tempo-para-os-proximos-dias","tag-previsao-para-a-semana","tag-previsao-para-os-proximos-dias","tag-tempo-bom"],"jetpack_publicize_connections":[],"jetpack_featured_media_url":"","jetpack_likes_enabled":true,"jetpack_sharing_enabled":true,"_links":{"self":[{"href":"https:\/\/otempoaqui.com.br\/index.php?rest_route=\/wp\/v2\/posts\/23724","targetHints":{"allow":["GET"]}}],"collection":[{"href":"https:\/\/otempoaqui.com.br\/index.php?rest_route=\/wp\/v2\/posts"}],"about":[{"href":"https:\/\/otempoaqui.com.br\/index.php?rest_route=\/wp\/v2\/types\/post"}],"author":[{"embeddable":true,"href":"https:\/\/otempoaqui.com.br\/index.php?rest_route=\/wp\/v2\/users\/2"}],"replies":[{"embeddable":true,"href":"https:\/\/otempoaqui.com.br\/index.php?rest_route=%2Fwp%2Fv2%2Fcomments&post=23724"}],"version-history":[{"count":12,"href":"https:\/\/otempoaqui.com.br\/index.php?rest_route=\/wp\/v2\/posts\/23724\/revisions"}],"predecessor-version":[{"id":23736,"href":"https:\/\/otempoaqui.com.br\/index.php?rest_route=\/wp\/v2\/posts\/23724\/revisions\/23736"}],"wp:attachment":[{"href":"https:\/\/otempoaqui.com.br\/index.php?rest_route=%2Fwp%2Fv2%2Fmedia&parent=23724"}],"wp:term":[{"taxonomy":"category","embeddable":true,"href":"https:\/\/otempoaqui.com.br\/index.php?rest_route=%2Fwp%2Fv2%2Fcategories&post=23724"},{"taxonomy":"post_tag","embeddable":true,"href":"https:\/\/otempoaqui.com.br\/index.php?rest_route=%2Fwp%2Fv2%2Ftags&post=23724"}],"curies":[{"name":"wp","href":"https:\/\/api.w.org\/{rel}","templated":true}]}}