{"id":23668,"date":"2021-04-23T11:51:36","date_gmt":"2021-04-23T16:51:36","guid":{"rendered":"https:\/\/otempoaqui.com.br\/?p=23668"},"modified":"2021-04-23T11:57:02","modified_gmt":"2021-04-23T16:57:02","slug":"friagem-chega-no-domingo-com-temporais-e-deixa-proxima-semana-muito-seca-e-ensolarada-com-noites-amenas","status":"publish","type":"post","link":"https:\/\/otempoaqui.com.br\/?p=23668","title":{"rendered":"Friagem chega no domingo, com temporais, e deixa a pr\u00f3xima semana muito seca e ensolarada com noites amenas"},"content":{"rendered":"\n<div class=\"wp-block-cover alignwide has-background-dim has-background-gradient has-cool-to-warm-spectrum-gradient-background is-position-center-center\" style=\"min-height:208px;aspect-ratio:unset;\"><div class=\"wp-block-cover__inner-container is-layout-flow wp-block-cover-is-layout-flow\">\n<p class=\"has-text-align-center has-white-color has-text-color wp-block-paragraph\" style=\"font-size:74px;line-height:1.1\"><strong><em>FRIAGEM NO ACRE<\/em><\/strong><\/p>\n<\/div><\/div>\n\n\n<hr>\n<h3 style=\"text-align: center;\"><span style=\"color: #0000ff;\"><em>ONDA DE FRIO POLAR CHEGA NO DOMINGO E PROVOCA CHUVAS E VENTOS FORTES, QUEDA DA TEMPERATURA E RAIOS E DEIXA A PR\u00d3XIMA SEMANA MUITO SECA E ENSOLARADA, COM NOITES ESTRELADAS E FRIAS<\/em><\/span><\/h3>\n\n\n<div class=\"wp-block-media-text alignwide is-stacked-on-mobile\" style=\"grid-template-columns:52% auto\"><figure class=\"wp-block-media-text__media\"><img data-recalc-dims=\"1\" loading=\"lazy\" decoding=\"async\" width=\"300\" height=\"238\" src=\"https:\/\/i0.wp.com\/otempoaqui.com.br\/wp-content\/uploads\/2021\/01\/a8dfbb3b1b51cb97de8b9792ea7dcf82-e1611762800281-300x238.jpg?resize=300%2C238&#038;ssl=1\" alt=\"Alerta de vento forte\" class=\"wp-image-22643 size-medium\" srcset=\"https:\/\/i0.wp.com\/otempoaqui.com.br\/wp-content\/uploads\/2021\/01\/a8dfbb3b1b51cb97de8b9792ea7dcf82-e1611762800281.jpg?resize=300%2C238&amp;ssl=1 300w, https:\/\/i0.wp.com\/otempoaqui.com.br\/wp-content\/uploads\/2021\/01\/a8dfbb3b1b51cb97de8b9792ea7dcf82-e1611762800281.jpg?w=500&amp;ssl=1 500w\" sizes=\"auto, (max-width: 300px) 100vw, 300px\" \/><\/figure><div class=\"wp-block-media-text__content\">\n<p class=\"wp-block-paragraph\" style=\"font-size:24px\"><em><span class=\"has-inline-color has-vivid-red-color\">Alertamos para a alta probabilidade de ventanias com rajadas acima de 50km\/h, chuvas fortes, raios e queda de granizo, com possibilidade de causar s\u00e9rios transtornos \u00e0 popula\u00e7\u00e3o<\/span><\/em><\/p>\n<\/div><\/div>\n\n\n\n<h2 class=\"has-text-align-center wp-block-heading\"><em>Friagem chega no domingo<\/em><\/h2>\n\n\n\n<p class=\"wp-block-paragraph\" style=\"font-size:18px\">  <em>A primeira onda de frio polar de 2021, com intensidade suficiente para provocar a primeira friagem no Acre, chegar\u00e1 neste domingo (25\/4\/2021). Antes, j\u00e1 haviam chegado dez frentes frias, sendo que uma foi sucedida por leve penetra\u00e7\u00e3o de ar polar, quando, no dia 19 de janeiro, foi registrada, no estado, a menor temperatura do ano, at\u00e9 o momento, com 19,8\u00baC, em Rio Branco.<\/em><\/p>\n\n\n\n<p class=\"wp-block-paragraph\" style=\"font-size:18px\"><em>  Neste domingo, por volta das 16h, os primeiros ventos da d\u00e9cima primeira frente fria do ano come\u00e7ar\u00e3o a soprar da dire\u00e7\u00e3o sudeste, em Rio Branco, com rajadas que poder\u00e3o passar de 50km\/h, em alguns pontos. No in\u00edcio da noite, come\u00e7ar\u00e1 a penetrar o ar polar desta onda de frio, que ser\u00e1 moderada, mas o suficiente para derrubar a temperatura e provocar novos recordes deste ano.<\/em><\/p>\n\n\n\n<p class=\"wp-block-paragraph\" style=\"font-size:18px\">  <em>A onda de frio avan\u00e7ar\u00e1 rapidamente na dire\u00e7\u00e3o do vale do Juru\u00e1, onde, em Cruzeiro do Sul, chegar\u00e1 nas primeiras horas de segunda-feira (26\/4\/2021), derrubando a temperatura em todo o estado do Acre, em Rond\u00f4nia, no sul e oeste do Amazonas e no centro, sul, sudeste, oeste e noroeste de Mato Grosso.<\/em><\/p>\n\n\n\n<p class=\"wp-block-paragraph\" style=\"font-size:18px\">  <em>A maior intensidade desta onda de frio polar ocorrer\u00e1 no Acre, principalmente no leste e no sul do estado, onde est\u00e3o situadas, entre outras, as cidades de Rio Branco, Xapuri, Brasileia e Assis Brasil<\/em><\/p>\n\n\n\n<p class=\"wp-block-paragraph\" style=\"font-size:18px\">  <em>O avan\u00e7o desta frente fria provocar\u00e1 temporais, na maior parte do Acre e das \u00e1reas pr\u00f3ximas, principalmente nas regi\u00f5es de Rio Branco, Brasileia e Sena Madureira. Dever\u00e3o ocorrer chuvas fortes, ventanias com rajadas acima de 50km\/h, muitos raios e prov\u00e1vel queda pontual de granizo.<\/em><\/p>\n\n\n\n<p class=\"wp-block-paragraph\" style=\"font-size:18px\">  <em>A segunda-feira ser\u00e1 fria, com ventos intensos e temperatura m\u00e1xima, durante o dia, abaixo de 24\u00baC, na maioria dos munic\u00edpios acreanos, inclusive, em Rio Branco. Em algumas cidades, a m\u00e1xima poder\u00e1 ficar at\u00e9 abaixo de 21\u00baC, principalmente no leste e no sul do estado.<\/em><\/p>\n\n\n\n<p class=\"wp-block-paragraph\" style=\"font-size:18px\">  <em>Os dias seguintes come\u00e7ar\u00e3o com temperaturas m\u00ednimas entre 16 e 19\u00baC, em Rio Branco, Brasileia, Sena Madureira e cidades pr\u00f3ximas, e entre 18 e 21\u00baC, em Cruzeiro do Sul, Tarauac\u00e1, Feij\u00f3 e munic\u00edpios vizinhos.<\/em><\/p>\n\n\n\n<p class=\"wp-block-paragraph\" style=\"font-size:18px\">  <em>A partir de ter\u00e7a-feira (27\/4\/2021), os dias ficar\u00e3o muito secos e n\u00e3o dever\u00e1 chover at\u00e9, pelo menos, o pr\u00f3ximo dia primeiro de maio. Durante o dia, muito sol, a partir de quarta-feira, por\u00e9m, as noites estar\u00e3o estreladas e frias durante o restante da semana.<\/em><\/p>\n\n\n<div id=\"attachment_21256\" style=\"width: 210px\" class=\"wp-caption aligncenter\"><img data-recalc-dims=\"1\" loading=\"lazy\" decoding=\"async\" aria-describedby=\"caption-attachment-21256\" class=\"size-full wp-image-21256\" src=\"https:\/\/i0.wp.com\/otempoaqui.com.br\/wp-content\/uploads\/2019\/06\/APROVACAO1.png?resize=200%2C200&#038;ssl=1\" alt=\"O melhor curso do Acre\" width=\"200\" height=\"200\" srcset=\"https:\/\/i0.wp.com\/otempoaqui.com.br\/wp-content\/uploads\/2019\/06\/APROVACAO1.png?w=200&amp;ssl=1 200w, https:\/\/i0.wp.com\/otempoaqui.com.br\/wp-content\/uploads\/2019\/06\/APROVACAO1.png?resize=150%2C150&amp;ssl=1 150w, https:\/\/i0.wp.com\/otempoaqui.com.br\/wp-content\/uploads\/2019\/06\/APROVACAO1.png?resize=175%2C175&amp;ssl=1 175w, https:\/\/i0.wp.com\/otempoaqui.com.br\/wp-content\/uploads\/2019\/06\/APROVACAO1.png?resize=184%2C184&amp;ssl=1 184w\" sizes=\"auto, (max-width: 200px) 100vw, 200px\" \/><p id=\"caption-attachment-21256\" class=\"wp-caption-text\"><strong>Matr\u00edculas abertas para 2021. Aulas est\u00e3o come\u00e7ando. O melhor<\/strong> curso <strong>preparat\u00f3rio do Acre. Especial para quem quer cursar Medicina. J\u00e1 s\u00e3o 15 anos de tradi\u00e7\u00e3o.<\/strong><\/p><\/div>\n\n<blockquote>\n<h3 style=\"text-align: center;\"><span style=\"color: #0000ff;\"><em>Acompanhe sempre nossas atualiza\u00e7\u00f5es para ficar bem informado sobre o tempo meteorol\u00f3gico.<\/em><\/span><\/h3>\n<\/blockquote>","protected":false},"excerpt":{"rendered":"<p>ONDA DE FRIO POLAR CHEGA NO DOMINGO E PROVOCA CHUVAS E VENTOS FORTES, QUEDA DA TEMPERATURA E RAIOS E DEIXA A PR\u00d3XIMA SEMANA MUITO SECA E ENSOLARADA, COM NOITES ESTRELADAS E FRIAS Alertamos para a alta probabilidade de ventanias com rajadas acima de 50km\/h, chuvas fortes, raios e queda de granizo, com possibilidade de causar [&hellip;]<\/p>\n","protected":false},"author":2,"featured_media":0,"comment_status":"open","ping_status":"open","sticky":false,"template":"","format":"standard","meta":{"_jetpack_memberships_contains_paid_content":false,"footnotes":"","jetpack_publicize_message":"","jetpack_publicize_feature_enabled":true,"jetpack_social_post_already_shared":true,"jetpack_social_options":{"image_generator_settings":{"template":"highway","enabled":false},"version":2}},"categories":[193],"tags":[73,180,15,12,129,30,125,23,46,26,35],"class_list":["post-23668","post","type-post","status-publish","format-standard","hentry","category-previsao-do-tempo","tag-alerta-de-temporais","tag-friagem","tag-friagem-na-amazonia","tag-friagem-no-acre","tag-frio-na-amazonia","tag-frio-no-acre","tag-frio-no-brasil","tag-previsao-do-tempo","tag-previsao-do-tempo-para-os-proximos-dias","tag-previsao-para-os-proximos-dias","tag-temporais"],"jetpack_publicize_connections":[],"jetpack_featured_media_url":"","jetpack_likes_enabled":true,"jetpack_sharing_enabled":true,"_links":{"self":[{"href":"https:\/\/otempoaqui.com.br\/index.php?rest_route=\/wp\/v2\/posts\/23668","targetHints":{"allow":["GET"]}}],"collection":[{"href":"https:\/\/otempoaqui.com.br\/index.php?rest_route=\/wp\/v2\/posts"}],"about":[{"href":"https:\/\/otempoaqui.com.br\/index.php?rest_route=\/wp\/v2\/types\/post"}],"author":[{"embeddable":true,"href":"https:\/\/otempoaqui.com.br\/index.php?rest_route=\/wp\/v2\/users\/2"}],"replies":[{"embeddable":true,"href":"https:\/\/otempoaqui.com.br\/index.php?rest_route=%2Fwp%2Fv2%2Fcomments&post=23668"}],"version-history":[{"count":14,"href":"https:\/\/otempoaqui.com.br\/index.php?rest_route=\/wp\/v2\/posts\/23668\/revisions"}],"predecessor-version":[{"id":23683,"href":"https:\/\/otempoaqui.com.br\/index.php?rest_route=\/wp\/v2\/posts\/23668\/revisions\/23683"}],"wp:attachment":[{"href":"https:\/\/otempoaqui.com.br\/index.php?rest_route=%2Fwp%2Fv2%2Fmedia&parent=23668"}],"wp:term":[{"taxonomy":"category","embeddable":true,"href":"https:\/\/otempoaqui.com.br\/index.php?rest_route=%2Fwp%2Fv2%2Fcategories&post=23668"},{"taxonomy":"post_tag","embeddable":true,"href":"https:\/\/otempoaqui.com.br\/index.php?rest_route=%2Fwp%2Fv2%2Ftags&post=23668"}],"curies":[{"name":"wp","href":"https:\/\/api.w.org\/{rel}","templated":true}]}}