{"id":23648,"date":"2021-04-22T11:51:21","date_gmt":"2021-04-22T16:51:21","guid":{"rendered":"https:\/\/otempoaqui.com.br\/?p=23648"},"modified":"2021-04-22T11:51:24","modified_gmt":"2021-04-22T16:51:24","slug":"frio-polar-chega-no-domingo-com-chuvas-ventanias-raios-e-possibilidade-de-granizo","status":"publish","type":"post","link":"https:\/\/otempoaqui.com.br\/?p=23648","title":{"rendered":"Frio polar chega no domingo com chuvas, ventanias, raios e possibilidade de granizo"},"content":{"rendered":"\n<div class=\"wp-block-group\"><div class=\"wp-block-group__inner-container is-layout-flow wp-block-group-is-layout-flow\">\n<h6 class=\"wp-block-heading\" style=\"font-size:24px\"><em><span class=\"has-inline-color has-vivid-cyan-blue-color\">&#8211; PRIMEIRA FRIAGEM DO ANO SER\u00c1 FRACA, MAS COM MUITO VENTO<\/span><\/em><\/h6>\n\n\n\n<h2 class=\"wp-block-heading\" style=\"font-size:24px\"><span style=\"color:#ba0c49\" class=\"has-inline-color\">&#8211; <\/span><em><span class=\"has-inline-color has-vivid-red-color\">ALERTA DE FORTES TEMPORAIS<\/span><\/em><\/h2>\n\n\n\n<h2 class=\"wp-block-heading\" style=\"font-size:24px\"><em><span class=\"has-inline-color has-vivid-cyan-blue-color\">&#8211; PR\u00d3XIMA SEMANA SER\u00c1 SECA E ENSOLARADA<\/span><\/em><\/h2>\n\n\n\n<h2 class=\"wp-block-heading\" style=\"font-size:24px\"><em><span class=\"has-inline-color has-vivid-red-color\">&#8211; CHUVAS J\u00c1 PASSARAM DA M\u00c9DIA DE ABRIL, EM RIO BRANCO<\/span><\/em><\/h2>\n\n\n\n<h2 class=\"wp-block-heading\" style=\"font-size:24px\"><em><span class=\"has-inline-color has-vivid-cyan-blue-color\">&#8211; MUITO CALOR AT\u00c9 DOMINGO<\/span><\/em><\/h2>\n\n\n\n<h2 class=\"wp-block-heading\" style=\"font-size:24px\"><em><span class=\"has-inline-color has-vivid-red-color\">&#8211; N\u00cdVEIS DOS RIOS DIMINUEM<\/span><\/em><\/h2>\n\n\n\n<hr \/>\n<p>\u00a0<\/p>\n\n\n\n<h2 class=\"wp-block-heading\" style=\"font-size:24px\"><em>Frente fria chega no domingo e provoca fortes temporais<\/em><\/h2>\n\n\n\n<p class=\"wp-block-paragraph\" style=\"font-size:17px\"> <em>Como v\u00ednhamos anunciando, com exclusividade, desde a \u00faltima sexta-feira (16\/4\/2021), uma frente fria moderada chega ao Acre no domingo (25\/4\/2021), com fortes rajadas de vento, chuvas intensas, raios e possibilidade de granizo, em Rio Branco, Brasileia e demais cidades do leste e do sul acreano. No dia seguinte, segunda-feira, logo nas primeiras horas, a frente fria chega ao vale do Juru\u00e1, no oeste do Acre, tamb\u00e9m com chuvas e temporais.<\/em><\/p>\n\n\n\n<p class=\"wp-block-paragraph\" style=\"font-size:17px\">  <em>Todo o estado ser\u00e1 atingido pela primeira friagem do ano, que ser\u00e1 fraca, no aspecto de temperatura, embora a frente fria, que a antecede, e a massa de ar, que vem na sequ\u00eancia, ser\u00e3o moderadas, com ventos intensos e muito secos.<\/em><\/p>\n\n\n\n<p class=\"wp-block-paragraph\" style=\"font-size:17px\">  <em>A temperatura cai bruscamente, mas n\u00e3o muito. Na segunda-feira, o tempo ficar\u00e1 com c\u00e9u encoberto e muito vento, sendo que a temperatura m\u00e1xima, durante o dia, dever\u00e1 ficar abaixo de 24\u00baC, na maioria dos munic\u00edpios acreanos, inclusive, em Rio Branco. Ao amanhecer dos dias seguintes, a m\u00ednima dever\u00e1 oscilar entre 17 e 19\u00baC, em Rio Branco, Brasileia e demais cidades do leste e do sul do estado. J\u00e1, nas cidades de Tarauac\u00e1, Cruzeiro do Sul e demais do centro do Acre e do vale do Juru\u00e1, as m\u00ednimas oscilar\u00e3o entre 19 e 21\u00baC, exceto Santa Rosa do Purus, Jord\u00e3o e Marechal Thaumaturgo, que, tamb\u00e9m, poder\u00e3o registrar m\u00ednimas iguais as da capital, ou seja, entre 17 e 19\u00baC.<\/em><\/p>\n\n\n\n<p class=\"wp-block-paragraph\" style=\"font-size:17px\">  <em>At\u00e9 o momento, a menor temperatura registrada no Acre, neste ano de 2021, foi 19,8\u00baC, em Rio Branco, no dia 19 de janeiro, quando da chegada de uma leve massa de ar polar.<\/em><\/p>\n\n\n\n<p class=\"wp-block-paragraph\" style=\"font-size:17px\">  <em>A do pr\u00f3ximo domingo j\u00e1 ser\u00e1 a d\u00e9cima primeira frente fria deste ano a atingira o Acre, mas a primeira que ser\u00e1 sucedida por uma friagem t\u00edpica da Amaz\u00f4nia Ocidental.<\/em><\/p>\n\n\n\n<p class=\"wp-block-paragraph\" style=\"font-size:17px\">  <em>Tamb\u00e9m sentir\u00e3o a primeira friagem do ano o sul e oeste de Rond\u00f4nia, o sul e oeste do Amazonas, o centro, sul e oeste de Mato Grosso, as plan\u00edcies da Bol\u00edvia e a regi\u00e3o de selva do Peru. O sudoeste de Goi\u00e1s poder\u00e1 sentir levemente o efeito desta onda polar.<\/em><\/p>\n\n\n\n<h2 class=\"wp-block-heading\" style=\"font-size:24px\"> <em>Alerta para fortes temporais e transtornos \u00e0 popula\u00e7\u00e3o<\/em><\/h2>\n\n\n\n<p class=\"wp-block-paragraph\" style=\"font-size:17px\"><em>  Alertamos para a alta probabilidade de ocorr\u00eancia, no pr\u00f3ximo domingo, de fortes temporais, com chuvas intensas, ventanias, raios e possibilidade, em alguns pontos, de queda de granizo.<\/em><\/p>\n\n\n\n<p class=\"wp-block-paragraph\" style=\"font-size:17px\"><em>  Assim, poder\u00e3o ocorrer transtornos \u00e0 popula\u00e7\u00e3o, como inunda\u00e7\u00e3o de ruas, queda de galhos e \u00e1rvores, destelhamento de edifica\u00e7\u00f5es, transbordamentos de c\u00f3rregos e igarap\u00e9s e deslizamentos de terra, al\u00e9m do perigo potencial dos raios.<\/em><\/p>\n\n\n\n<h2 class=\"wp-block-heading\" style=\"font-size:24px\"><em>Tempo muito seco e ensolarado na pr\u00f3xima semana<\/em><\/h2>\n\n\n\n<p class=\"wp-block-paragraph\" style=\"font-size:17px\">  <em>A intensa massa de ar polar que penetrar\u00e1 na regi\u00e3o, a partir de segunda-feira, deixar\u00e1 o tempo bom, sem chuvas e muito seco, com os dias quentes e ensolarados e as noites estreladas e frias, pelo menos at\u00e9 o primeiro dia de maio, no Acre, no sul e oeste de Rond\u00f4nia, no sul do Amazonas, em Mato Grosso, na Bol\u00edvia e no sul da regi\u00e3o de selva do Peru.<\/em><\/p>\n\n\n\n<h2 class=\"wp-block-heading\" style=\"font-size:24px\"><em>Calor abafado e chuvas passageiras at\u00e9 domingo<\/em><\/h2>\n\n\n\n<p class=\"wp-block-paragraph\" style=\"font-size:17px\">  <em>At\u00e9 a manh\u00e3 do pr\u00f3ximo domingo, o calor abafado, com chuvas passageiras e pontuais, vai predominar em todo o Acre e \u00e1reas vizinhas, principalmente no Amazonas, na Bol\u00edvia e no Peru.<\/em><\/p>\n\n\n\n<p class=\"wp-block-paragraph\" style=\"font-size:17px\">  <em>No entanto, em alguns pontos, poder\u00e3o ocorrer chuvas fortes, por\u00e9m, de forma passageira.<\/em><\/p>\n\n\n\n<h2 class=\"wp-block-heading\" style=\"font-size:24px\"><em>Chuvas, em Rio Branco, j\u00e1 superaram a m\u00e9dia de abril<\/em><\/h2>\n\n\n\n<p class=\"wp-block-paragraph\" style=\"font-size:17px\">  <em>Neste m\u00eas de abril de 2021, at\u00e9 o dia 22, as chuvas, em Rio Branco, j\u00e1 somam 238,2mm, ou 14,9% acima da m\u00e9dia mensal, que \u00e9 207,4mm.<\/em><\/p>\n\n\n\n<p class=\"wp-block-paragraph\" style=\"font-size:17px\"><em>  Ao contr\u00e1rio, na cidade de Tarauac\u00e1, choveu, apenas, 27,6% da m\u00e9dia de abril. O acumulado, at\u00e9 o momento, \u00e9 de 55,4mm, sendo que a m\u00e9dia do m\u00eas \u00e9 200,9mm.<\/em><\/p>\n\n\n\n<h2 class=\"wp-block-heading\" style=\"font-size:24px\"><em>N\u00edvel dos principais rios do Acre<\/em><\/h2>\n\n\n\n<p class=\"wp-block-paragraph\" style=\"font-size:17px\">  <em>Os principais rios do Acre n\u00e3o dever\u00e3o mais transbordar at\u00e9 a chegada do pr\u00f3ximo per\u00edodo chuvoso, que come\u00e7ar\u00e1 em dezembro. Confira, na tabelo elaborada por n\u00f3s, o n\u00edvel atual, a varia\u00e7\u00e3o das \u00faltimas 24 horas e a tend\u00eancia para os pr\u00f3ximos dias:<\/em><\/p>\n\n\n\n<figure class=\"wp-block-table is-style-regular\"><table class=\"has-subtle-pale-green-background-color has-background\"><thead><tr><th><strong><span class=\"has-inline-color has-vivid-red-color\">CIDADE<\/span><\/strong><\/th><th><strong><span class=\"has-inline-color has-vivid-red-color\">N\u00cdVEL ANTERIOR,<\/span><\/strong><br><strong><span class=\"has-inline-color has-vivid-red-color\">EM 21\/4\/2021<\/span><\/strong><\/th><th><strong><span class=\"has-inline-color has-vivid-red-color\">N\u00cdVEL ATUAL,<\/span><\/strong><br><strong><span class=\"has-inline-color has-vivid-red-color\">EM 22\/4\/2021<\/span><\/strong><\/th><th><strong><span class=\"has-inline-color has-vivid-red-color\">VARIA\u00c7\u00c3O NAS \u00daLTIMAS 24h<\/span><\/strong><\/th><th><strong><span class=\"has-inline-color has-vivid-red-color\">TEND\u00caNCIA ATUAL<\/span><\/strong><\/th><\/tr><\/thead><tbody><tr><td><strong><span class=\"has-inline-color has-vivid-red-color\">RIO BRANCO<\/span><\/strong><\/td><td><strong>8,4m<\/strong><\/td><td><strong>8,6m<\/strong><\/td><td><strong>Mais 0,2m<\/strong><\/td><td><strong>Estabilizar e baixar<\/strong><\/td><\/tr><tr><td><strong><span class=\"has-inline-color has-vivid-red-color\">CRUZEIRO DO SUL<\/span><\/strong><\/td><td><strong>11,0m<\/strong><\/td><td><strong>10,9m<\/strong><\/td><td><strong>Menos 0,1m<\/strong><\/td><td><strong>Baixar<\/strong><\/td><\/tr><tr><td><strong><span class=\"has-inline-color has-vivid-red-color\">TARAUAC\u00c1<\/span><\/strong><\/td><td><strong>5,3m<\/strong><\/td><td><strong>5,1m<\/strong><\/td><td><strong>Menos 0,2m<\/strong><\/td><td><strong>Baixar<\/strong><\/td><\/tr><tr><td><strong><span class=\"has-inline-color has-vivid-red-color\">MANUEL URBANO<\/span><\/strong><\/td><td><strong>7,0m<\/strong><\/td><td><strong>8,0m<\/strong><\/td><td><strong>Mais 1,0m<\/strong><\/td><td><strong>Estabilizar e baixar<\/strong><\/td><\/tr><tr><td><strong><span class=\"has-inline-color has-vivid-red-color\">SENA MADUREIRA<\/span><\/strong><\/td><td><strong>Sem dados<\/strong><\/td><td><strong>Sem dados<\/strong><\/td><td><strong>&#8211;<\/strong><\/td><td><strong>Baixar<\/strong><\/td><\/tr><tr><td><strong><span class=\"has-inline-color has-vivid-red-color\">XAPURI<\/span><\/strong><\/td><td><strong>5,7m<\/strong><\/td><td><strong>4,9m<\/strong><\/td><td><strong>Menos 0,8m<\/strong><\/td><td><strong>Baixar<\/strong><\/td><\/tr><tr><td><strong><span class=\"has-inline-color has-vivid-red-color\">BRASILEIA<\/span><\/strong><\/td><td><strong>4,2m<\/strong><\/td><td><strong>3,2m<\/strong><\/td><td><strong>Menos 1,0m<\/strong><\/td><td><strong>Baixar<\/strong><\/td><\/tr><tr><td><strong><span class=\"has-inline-color has-vivid-red-color\">ASSIS BRASIL<\/span><\/strong><\/td><td><strong>3,6m<\/strong><\/td><td><strong>4,4m<\/strong><\/td><td><strong>Mais 0,8m<\/strong><\/td><td><strong>Baixar<\/strong><\/td><\/tr><tr><td><strong><span class=\"has-inline-color has-vivid-red-color\">PL\u00c1CIDO DE CASTRO<\/span><\/strong><\/td><td><strong>8,5m<\/strong><\/td><td><strong>8,9m<\/strong><\/td><td><strong>Mais 0,4m<\/strong><\/td><td><strong>Estabilizar e baixar<\/strong><\/td><\/tr><\/tbody><\/table><figcaption><strong>Dados de cotas registrados pela Ag\u00eancia Nacional de \u00c1guas. Varia\u00e7\u00e3o e tend\u00eancia calculados por O Tempo Aqui<\/strong>.<\/figcaption><\/figure>\n<\/div><\/div>\n\n\n<p>\u00a0<\/p>\n<p>\u00a0<\/p>\n<div id=\"attachment_21256\" style=\"width: 210px\" class=\"wp-caption aligncenter\"><img data-recalc-dims=\"1\" loading=\"lazy\" decoding=\"async\" aria-describedby=\"caption-attachment-21256\" class=\"size-full wp-image-21256\" src=\"https:\/\/i0.wp.com\/otempoaqui.com.br\/wp-content\/uploads\/2019\/06\/APROVACAO1.png?resize=200%2C200&#038;ssl=1\" alt=\"O melhor curso do Acre\" width=\"200\" height=\"200\" srcset=\"https:\/\/i0.wp.com\/otempoaqui.com.br\/wp-content\/uploads\/2019\/06\/APROVACAO1.png?w=200&amp;ssl=1 200w, https:\/\/i0.wp.com\/otempoaqui.com.br\/wp-content\/uploads\/2019\/06\/APROVACAO1.png?resize=150%2C150&amp;ssl=1 150w, https:\/\/i0.wp.com\/otempoaqui.com.br\/wp-content\/uploads\/2019\/06\/APROVACAO1.png?resize=175%2C175&amp;ssl=1 175w, https:\/\/i0.wp.com\/otempoaqui.com.br\/wp-content\/uploads\/2019\/06\/APROVACAO1.png?resize=184%2C184&amp;ssl=1 184w\" sizes=\"auto, (max-width: 200px) 100vw, 200px\" \/><p id=\"caption-attachment-21256\" class=\"wp-caption-text\"><em><strong>Matr\u00edculas<\/strong> <strong>abertas<\/strong><\/em> <strong><em>para 2021. Aulas<\/em><\/strong> <em><strong>est\u00e3o<\/strong> <strong>come\u00e7ando. O melhor<\/strong> <strong>curso<\/strong> <strong>preparat\u00f3rio<\/strong> <strong>do<\/strong><\/em> <strong><em>Acre. Especial para quem quer cursar<\/em> Medicina. <em>J\u00e1 s\u00e3o 15 anos de<\/em><\/strong> <em><strong>tradi\u00e7\u00e3o.<\/strong><\/em><\/p><\/div>\n\n<blockquote>\n<p style=\"text-align: center;\"><strong><span style=\"color: #333300;\"><em>ACOMPANHE SEMPRE NOSSAS ATUALIZA\u00c7\u00d5ES PARA FICAR BEM INFORMADO SOBRE O TEMPO METEOROL\u00d3GICO.<\/em><\/span><\/strong><\/p>\n<\/blockquote>","protected":false},"excerpt":{"rendered":"<p>&#8211; PRIMEIRA FRIAGEM DO ANO SER\u00c1 FRACA, MAS COM MUITO VENTO &#8211; ALERTA DE FORTES TEMPORAIS &#8211; PR\u00d3XIMA SEMANA SER\u00c1 SECA E ENSOLARADA &#8211; CHUVAS J\u00c1 PASSARAM DA M\u00c9DIA DE ABRIL, EM RIO BRANCO &#8211; MUITO CALOR AT\u00c9 DOMINGO &#8211; N\u00cdVEIS DOS RIOS DIMINUEM \u00a0 Frente fria chega no domingo e provoca fortes temporais Como [&hellip;]<\/p>\n","protected":false},"author":2,"featured_media":0,"comment_status":"open","ping_status":"open","sticky":false,"template":"","format":"standard","meta":{"_jetpack_memberships_contains_paid_content":false,"footnotes":"","jetpack_publicize_message":"","jetpack_publicize_feature_enabled":true,"jetpack_social_post_already_shared":true,"jetpack_social_options":{"image_generator_settings":{"template":"highway","enabled":false},"version":2}},"categories":[1],"tags":[73,180,15,12,129,30,125,157,46,35],"class_list":["post-23648","post","type-post","status-publish","format-standard","hentry","category-geral","tag-alerta-de-temporais","tag-friagem","tag-friagem-na-amazonia","tag-friagem-no-acre","tag-frio-na-amazonia","tag-frio-no-acre","tag-frio-no-brasil","tag-nivel-dos-rios","tag-previsao-do-tempo-para-os-proximos-dias","tag-temporais"],"jetpack_publicize_connections":[],"jetpack_featured_media_url":"","jetpack_likes_enabled":true,"jetpack_sharing_enabled":true,"_links":{"self":[{"href":"https:\/\/otempoaqui.com.br\/index.php?rest_route=\/wp\/v2\/posts\/23648","targetHints":{"allow":["GET"]}}],"collection":[{"href":"https:\/\/otempoaqui.com.br\/index.php?rest_route=\/wp\/v2\/posts"}],"about":[{"href":"https:\/\/otempoaqui.com.br\/index.php?rest_route=\/wp\/v2\/types\/post"}],"author":[{"embeddable":true,"href":"https:\/\/otempoaqui.com.br\/index.php?rest_route=\/wp\/v2\/users\/2"}],"replies":[{"embeddable":true,"href":"https:\/\/otempoaqui.com.br\/index.php?rest_route=%2Fwp%2Fv2%2Fcomments&post=23648"}],"version-history":[{"count":3,"href":"https:\/\/otempoaqui.com.br\/index.php?rest_route=\/wp\/v2\/posts\/23648\/revisions"}],"predecessor-version":[{"id":23651,"href":"https:\/\/otempoaqui.com.br\/index.php?rest_route=\/wp\/v2\/posts\/23648\/revisions\/23651"}],"wp:attachment":[{"href":"https:\/\/otempoaqui.com.br\/index.php?rest_route=%2Fwp%2Fv2%2Fmedia&parent=23648"}],"wp:term":[{"taxonomy":"category","embeddable":true,"href":"https:\/\/otempoaqui.com.br\/index.php?rest_route=%2Fwp%2Fv2%2Fcategories&post=23648"},{"taxonomy":"post_tag","embeddable":true,"href":"https:\/\/otempoaqui.com.br\/index.php?rest_route=%2Fwp%2Fv2%2Ftags&post=23648"}],"curies":[{"name":"wp","href":"https:\/\/api.w.org\/{rel}","templated":true}]}}