{"id":23508,"date":"2021-04-08T12:00:31","date_gmt":"2021-04-08T17:00:31","guid":{"rendered":"https:\/\/otempoaqui.com.br\/?p=23508"},"modified":"2021-04-08T12:00:37","modified_gmt":"2021-04-08T17:00:37","slug":"chuvas-fortes-e-temporais-poderao-provocar-novos-transbordamentos-dos-rios-nos-proximos-dias","status":"publish","type":"post","link":"https:\/\/otempoaqui.com.br\/?p=23508","title":{"rendered":"Chuvas fortes e temporais poder\u00e3o provocar novos transbordamentos dos rios nos pr\u00f3ximos dias"},"content":{"rendered":"\n<h2 class=\"wp-block-heading\"><strong><em><span style=\"text-decoration: underline;\"><span class=\"has-inline-color has-vivid-red-color\">&#8211; Calor abafado<\/span><\/span><\/em><\/strong><\/h2>\n\n\n\n<h2 class=\"wp-block-heading\"><strong><em><span style=\"text-decoration: underline;\"><span class=\"has-inline-color has-vivid-red-color\">&#8211; Chuvas intensas<\/span><\/span><\/em><\/strong><\/h2>\n\n\n\n<h2 class=\"wp-block-heading\"><strong><em><span style=\"text-decoration: underline;\"><span class=\"has-inline-color has-vivid-red-color\">&#8211; Eleva\u00e7\u00e3o do n\u00edvel dos rios<\/span><\/span><\/em><\/strong><\/h2>\n\n\n\n<h2 class=\"wp-block-heading\"><strong><em><span style=\"text-decoration: underline;\"><span class=\"has-inline-color has-vivid-red-color\">&#8211; Transtornos \u00e0 popula\u00e7\u00e3o<\/span><\/span><\/em><\/strong><\/h2>\n\n\n\n<h2 class=\"wp-block-heading\"><strong><em><span style=\"text-decoration: underline;\"><span class=\"has-inline-color has-vivid-red-color\">&#8211; Friagem? Quando?<\/span><\/span><\/em><\/strong><\/h2>\n\n\n\n<p class=\"wp-block-paragraph\"> <\/p>\n\n\n\n<h2 class=\"has-text-align-center has-black-color has-white-background-color has-text-color has-background wp-block-heading\"><strong><em><span class=\"has-inline-color has-black-color\">Como ficam o tempo e o n\u00edvel dos rios nos pr\u00f3ximos dias<\/span><\/em><\/strong><\/h2>\n\n\n\n<p class=\"has-black-color has-white-background-color has-text-color has-background wp-block-paragraph\" id=\"Friagem\" style=\"font-size:18px\">  Os pr\u00f3ximos dias, pelo menos at\u00e9 ter\u00e7a-feira (13\/4\/2021), a elevada umidade do ar, com chuvas fortes e temporais, vai predominar em \u00e1reas do Acre, de Rond\u00f4nia, do Amazonas, de Mato Grosso (oeste, noroeste e norte), da Bol\u00edvia (plan\u00edcies) e do Peru (regi\u00e3o de selva). O tempo bom, seco e quente vai marcar o Distrito Federal, Goi\u00e1s e o leste de Mato Grosso.  Assim, o n\u00edvel dos rios dever\u00e1 subir bastante na pr\u00f3xima semana, por\u00e9m, antes, alguns c\u00f3rregos e igarap\u00e9s poder\u00e3o transbordar e causar transtornos \u00e0 popula\u00e7\u00e3o ribeirinha.<\/p>\n\n\n\n<h2 class=\"has-text-align-center wp-block-heading\"><strong><em>Chuvas fortes e temporais dever\u00e3o ocorrer no Acre e nas \u00e1reas vizinhas<\/em><\/strong><\/h2>\n\n\n\n<p class=\"has-black-color has-text-color wp-block-paragraph\" style=\"font-size:18px\">   A elevada umidade do ar e o calor criam condi\u00e7\u00f5es altamente favor\u00e1veis \u00e0 ocorr\u00eancia de temporais, com chuvas fortes, raios, ventanias e, at\u00e9, queda pontual de granizo, nestes dias, at\u00e9, pelo menos, a pr\u00f3xima ter\u00e7a-feira (13\/4\/2021), no Acre e nas \u00e1reas vizinhas.<\/p>\n\n\n\n<p class=\"has-black-color has-text-color wp-block-paragraph\" style=\"font-size:18px\">   No Acre, a chegada de mais uma frente fria fraca (a d\u00e9cima deste ano) deixa o tempo ainda mais favor\u00e1vel a temporais, com chuvas intensas, na pr\u00f3xima segunda-feira (12\/4\/2021). A temperatura n\u00e3o cai muito, pois n\u00e3o haver\u00e1 incurs\u00e3o de ar polar e, por isso, n\u00e3o ocorrer\u00e1 frio nem tampouco friagem. Durante o dia, no entanto, o calor diminuir\u00e1 bastante e a temperatura dever\u00e1 ficar agrad\u00e1vel nas pr\u00f3ximas segunda-feira e ter\u00e7a-feira.<\/p>\n\n\n\n<h2 class=\"has-text-align-center wp-block-heading\"><strong><em><span class=\"has-inline-color has-black-color\">Friagem no Acre<\/span><\/em><\/strong><\/h2>\n\n\n\n<p class=\"has-black-color has-text-color wp-block-paragraph\" style=\"font-size:18px\">   Pelo menos at\u00e9 o pr\u00f3ximo dia 18 de abril, as condi\u00e7\u00f5es atmosf\u00e9ricas n\u00e3o permitir\u00e3o a penetra\u00e7\u00e3o de ar frio, de origem polar, com intensidade suficiente para provocar uma friagem no Acre, em Rond\u00f4nia, em Mato Grosso e no Amazonas.<\/p>\n\n\n\n<p class=\"has-black-color has-text-color wp-block-paragraph\" style=\"font-size:18px\">   Portanto, o calor abafado e as chuvas di\u00e1rias, em geral, passageiras e pontuais, v\u00e3o predominar at\u00e9 l\u00e1. Alguns dias, no entanto, devido \u00e0 chegada de frentes frias fracas, como na pr\u00f3xima segunda-feira, a temperatura ficar\u00e1 agrad\u00e1vel.<\/p>\n\n\n\n<p class=\"has-black-color has-text-color wp-block-paragraph\" style=\"font-size:18px\">   Acompanhe nossas atualiza\u00e7\u00f5es di\u00e1rias para ser o primeiro a saber como dever\u00e1 ficar o tempo meteorol\u00f3gico nos pr\u00f3ximos dias e, assim, melhor planejar suas atividades.<\/p>\n\n\n\n<h2 class=\"has-text-align-center wp-block-heading\"><strong><em><span class=\"has-inline-color has-black-color\">N\u00edvel atual e tend\u00eancia dos rios<\/span><\/em><\/strong><\/h2>\n\n\n\n<p class=\"has-black-color has-text-color wp-block-paragraph\" style=\"font-size:18px\">   Confira, na tabela elaborada por n\u00f3s, o n\u00edvel atual, a varia\u00e7\u00e3o nas \u00faltimas 24 horas e a tend\u00eancia dos rios acreanos para os pr\u00f3ximos dias:<\/p>\n\n\n\n<figure class=\"wp-block-table is-style-stripes\"><table class=\"has-subtle-pale-green-background-color has-background\"><thead><tr><th><strong><span class=\"has-inline-color has-vivid-red-color\">CIDADE<\/span><\/strong><\/th><th><strong><span class=\"has-inline-color has-vivid-red-color\">N\u00cdVEL ANTERIOR,<\/span><\/strong><br><strong><span class=\"has-inline-color has-vivid-red-color\">EM 7\/4\/2021<\/span><\/strong><\/th><th><strong><span class=\"has-inline-color has-vivid-red-color\">N\u00cdVEL ATUAL,<\/span><\/strong><br><strong><span class=\"has-inline-color has-vivid-red-color\">EM 8\/4\/2021<\/span><\/strong><\/th><th><strong><span class=\"has-inline-color has-vivid-red-color\">VARIA\u00c7\u00c3O NAS \u00daLTIMAS 24h<\/span><\/strong><\/th><th><strong><span class=\"has-inline-color has-vivid-red-color\">TEND\u00caNCIA PARA OS PR\u00d3XIMOS DIAS<\/span><\/strong><\/th><\/tr><\/thead><tbody><tr><td><strong><span class=\"has-inline-color has-vivid-red-color\">RIO BRANCO<\/span><\/strong><\/td><td><strong>12,7m<\/strong><\/td><td><strong>12,5m<\/strong><\/td><td><strong>Menos 0,2m<\/strong><\/td><td><strong>Subir lentamente<\/strong><\/td><\/tr><tr><td><strong><span class=\"has-inline-color has-vivid-red-color\">CRUZEIRO DO SUL<\/span><\/strong><\/td><td><strong>13,5m<\/strong><\/td><td><strong>13,5m<\/strong><\/td><td><strong>0,0m<\/strong><\/td><td><strong>Subir lentamente<\/strong><\/td><\/tr><tr><td><strong><span class=\"has-inline-color has-vivid-red-color\">TARAUAC\u00c1<\/span><\/strong><\/td><td><strong>7,1m<\/strong><\/td><td><strong>6,4m<\/strong><\/td><td><strong>Menos 0,7m<\/strong><\/td><td><strong>Subir<\/strong><\/td><\/tr><tr><td><strong><span class=\"has-inline-color has-vivid-red-color\">MANUEL URBANO<\/span><\/strong><\/td><td><strong>11,6m<\/strong><\/td><td><strong>10,9m<\/strong><\/td><td><strong>Menos 0,7m<\/strong><\/td><td><strong>Subir lentamente<\/strong><\/td><\/tr><tr><td><strong><span class=\"has-inline-color has-vivid-red-color\">SENA MADUREIRA<\/span><\/strong><\/td><td><strong>12,8m<\/strong><\/td><td><strong>12,2m<\/strong><\/td><td><strong>Menos 0,6m<\/strong><\/td><td><strong>Subir lentamente<\/strong><\/td><\/tr><tr><td><strong><span class=\"has-inline-color has-vivid-red-color\">XAPURI<\/span><\/strong><\/td><td><strong>8,2m<\/strong><\/td><td><strong>6,8m<\/strong><\/td><td><strong>Menos 1,4m<\/strong><\/td><td><strong>Subir muito<\/strong><\/td><\/tr><tr><td><strong><span class=\"has-inline-color has-vivid-red-color\">BRASILEIA<\/span><\/strong><\/td><td><strong>5,4m<\/strong><\/td><td><strong>4,2m<\/strong><\/td><td><strong>Menos 1,2m<\/strong><\/td><td><strong>Subir muito<\/strong><\/td><\/tr><tr><td><strong><span class=\"has-inline-color has-vivid-red-color\">ASSIS BRASIL<\/span><\/strong><\/td><td><strong>4,5m<\/strong><\/td><td><strong>4,5m<\/strong><\/td><td><strong>0,0m<\/strong><\/td><td><strong>Subir muito<\/strong><\/td><\/tr><tr><td><strong><span class=\"has-inline-color has-vivid-red-color\">PL\u00c1CIDO DE CASTRO<\/span><\/strong><\/td><td><strong>9,4m<\/strong><\/td><td><strong>9,2m<\/strong><\/td><td><strong>Menos 0,2m<\/strong><\/td><td><strong>Subir muito<\/strong><\/td><\/tr><\/tbody><\/table><figcaption><strong>Dados de cotas registrados pela Ag\u00eancia Nacional de \u00c1guas. Varia\u00e7\u00e3o e tend\u00eancia calculados por O Tempo Aqui<\/strong>.<\/figcaption><\/figure>\n\n\n\n\n<div id=\"attachment_21256\" style=\"width: 308px\" class=\"wp-caption aligncenter\"><img data-recalc-dims=\"1\" loading=\"lazy\" decoding=\"async\" aria-describedby=\"caption-attachment-21256\" class=\" wp-image-21256\" src=\"https:\/\/i0.wp.com\/otempoaqui.com.br\/wp-content\/uploads\/2019\/06\/APROVACAO1.png?resize=298%2C298&#038;ssl=1\" alt=\"O melhor curso do Acre\" width=\"298\" height=\"298\" srcset=\"https:\/\/i0.wp.com\/otempoaqui.com.br\/wp-content\/uploads\/2019\/06\/APROVACAO1.png?w=200&amp;ssl=1 200w, https:\/\/i0.wp.com\/otempoaqui.com.br\/wp-content\/uploads\/2019\/06\/APROVACAO1.png?resize=150%2C150&amp;ssl=1 150w, https:\/\/i0.wp.com\/otempoaqui.com.br\/wp-content\/uploads\/2019\/06\/APROVACAO1.png?resize=175%2C175&amp;ssl=1 175w, https:\/\/i0.wp.com\/otempoaqui.com.br\/wp-content\/uploads\/2019\/06\/APROVACAO1.png?resize=184%2C184&amp;ssl=1 184w\" sizes=\"auto, (max-width: 298px) 100vw, 298px\" \/><p id=\"caption-attachment-21256\" class=\"wp-caption-text\"><strong>Matr\u00edculas abertas para 2021. Aulas j\u00e1 est\u00e3o come\u00e7ando. O\u00a0melhor curso preparat\u00f3rio do Acre. Especial para quem quer cursar Medicina.<\/strong><\/p><\/div>\n\n\n<h2 class=\"has-text-align-center wp-block-heading\"> <\/h2>\n","protected":false},"excerpt":{"rendered":"<p>&#8211; Calor abafado &#8211; Chuvas intensas &#8211; Eleva\u00e7\u00e3o do n\u00edvel dos rios &#8211; Transtornos \u00e0 popula\u00e7\u00e3o &#8211; Friagem? Quando? Como ficam o tempo e o n\u00edvel dos rios nos pr\u00f3ximos dias Os pr\u00f3ximos dias, pelo menos at\u00e9 ter\u00e7a-feira (13\/4\/2021), a elevada umidade do ar, com chuvas fortes e temporais, vai predominar em \u00e1reas do Acre, [&hellip;]<\/p>\n","protected":false},"author":2,"featured_media":0,"comment_status":"open","ping_status":"open","sticky":false,"template":"","format":"standard","meta":{"_jetpack_memberships_contains_paid_content":false,"footnotes":"","jetpack_publicize_message":"","jetpack_publicize_feature_enabled":true,"jetpack_social_post_already_shared":true,"jetpack_social_options":{"image_generator_settings":{"template":"highway","enabled":false},"version":2}},"categories":[193],"tags":[73,52,36,61,161,171,172,39,157,46,26],"class_list":["post-23508","post","type-post","status-publish","format-standard","hentry","category-previsao-do-tempo","tag-alerta-de-temporais","tag-chuvas","tag-chuvas-fortes","tag-chuvas-intensas","tag-enchente","tag-enchente-do-rio-acre","tag-enchentes","tag-nivel-do-rio-acre","tag-nivel-dos-rios","tag-previsao-do-tempo-para-os-proximos-dias","tag-previsao-para-os-proximos-dias"],"jetpack_publicize_connections":[],"jetpack_featured_media_url":"","jetpack_likes_enabled":true,"jetpack_sharing_enabled":true,"_links":{"self":[{"href":"https:\/\/otempoaqui.com.br\/index.php?rest_route=\/wp\/v2\/posts\/23508","targetHints":{"allow":["GET"]}}],"collection":[{"href":"https:\/\/otempoaqui.com.br\/index.php?rest_route=\/wp\/v2\/posts"}],"about":[{"href":"https:\/\/otempoaqui.com.br\/index.php?rest_route=\/wp\/v2\/types\/post"}],"author":[{"embeddable":true,"href":"https:\/\/otempoaqui.com.br\/index.php?rest_route=\/wp\/v2\/users\/2"}],"replies":[{"embeddable":true,"href":"https:\/\/otempoaqui.com.br\/index.php?rest_route=%2Fwp%2Fv2%2Fcomments&post=23508"}],"version-history":[{"count":4,"href":"https:\/\/otempoaqui.com.br\/index.php?rest_route=\/wp\/v2\/posts\/23508\/revisions"}],"predecessor-version":[{"id":23512,"href":"https:\/\/otempoaqui.com.br\/index.php?rest_route=\/wp\/v2\/posts\/23508\/revisions\/23512"}],"wp:attachment":[{"href":"https:\/\/otempoaqui.com.br\/index.php?rest_route=%2Fwp%2Fv2%2Fmedia&parent=23508"}],"wp:term":[{"taxonomy":"category","embeddable":true,"href":"https:\/\/otempoaqui.com.br\/index.php?rest_route=%2Fwp%2Fv2%2Fcategories&post=23508"},{"taxonomy":"post_tag","embeddable":true,"href":"https:\/\/otempoaqui.com.br\/index.php?rest_route=%2Fwp%2Fv2%2Ftags&post=23508"}],"curies":[{"name":"wp","href":"https:\/\/api.w.org\/{rel}","templated":true}]}}