{"id":23353,"date":"2021-03-25T12:01:03","date_gmt":"2021-03-25T17:01:03","guid":{"rendered":"https:\/\/otempoaqui.com.br\/?p=23353"},"modified":"2021-03-25T12:01:12","modified_gmt":"2021-03-25T17:01:12","slug":"nivel-dos-rios-e-previsao-para-os-proximos-dias","status":"publish","type":"post","link":"https:\/\/otempoaqui.com.br\/?p=23353","title":{"rendered":"N\u00edvel dos rios e previs\u00e3o para os pr\u00f3ximos dias"},"content":{"rendered":"\n<div class=\"wp-block-group\"><div class=\"wp-block-group__inner-container is-layout-flow wp-block-group-is-layout-flow\">\n<h2 class=\"has-text-color wp-block-heading\" style=\"color:#ba0c49;font-size:34px\">Chuvas intensas neste fim de semana far\u00e3o n\u00edvel dos rios subir muito<\/h2>\n\n\n\n<figure class=\"wp-block-image size-large is-resized\"><a href=\"https:\/\/i0.wp.com\/otempoaqui.com.br\/wp-content\/uploads\/2021\/01\/img_36084_1-e1611762971420.jpeg?ssl=1\"><img data-recalc-dims=\"1\" loading=\"lazy\" decoding=\"async\" src=\"https:\/\/i0.wp.com\/otempoaqui.com.br\/wp-content\/uploads\/2021\/01\/img_36084_1-e1611762971420.jpeg?resize=560%2C260&#038;ssl=1\" alt=\"\" class=\"wp-image-22642\" width=\"560\" height=\"260\"\/><\/a><figcaption><strong><em><span style=\"text-decoration: underline;\"><span class=\"has-inline-color has-vivid-red-color\">ALERTA DE CHUVAS INTENSAS E NOVA ELEVA\u00c7\u00c3O DO N\u00cdVEL DOS RIOS<\/span><\/span><\/em><\/strong><\/figcaption><\/figure>\n\n\n\n<div class=\"wp-block-columns is-layout-flex wp-container-core-columns-is-layout-8f761849 wp-block-columns-is-layout-flex\">\n<div class=\"wp-block-column is-layout-flow wp-block-column-is-layout-flow\">\n<h2 class=\"has-luminous-vivid-orange-color has-text-color wp-block-heading\" style=\"font-size:32px\">Os rios<\/h2>\n\n\n\n<p class=\"has-black-color has-text-color wp-block-paragraph\" style=\"font-size:18px\">  O n\u00edvel do rio Acre come\u00e7a a estabilizar e, nas pr\u00f3ximas horas, come\u00e7ar\u00e1 a baixar. Nesta quinta-feira (25\/3\/2021), por volta das 12h, marcava 14,2m, conforme registros da Ag\u00eancia Nacional de \u00c1guas.<\/p>\n\n\n\n<p class=\"has-black-color has-text-color wp-block-paragraph\" style=\"font-size:18px\">   Em Cruzeiro do Sul, o rio Juru\u00e1 continua subindo, podendo chegar a 13m nos pr\u00f3ximos dias.<\/p>\n\n\n\n<p class=\"has-black-color has-text-color wp-block-paragraph\" style=\"font-size:18px\">  Em Tarauac\u00e1, Manuel Urbano e Sena Madureira, os rios n\u00e3o oferecem, no momento, maiores preocupa\u00e7\u00f5es.<\/p>\n\n\n\n<p class=\"has-black-color has-text-color wp-block-paragraph\" style=\"font-size:18px\">  No entanto, as chuvas intensas que dever\u00e3o ocorrer neste fim de semana dever\u00e3o elevar novamente o n\u00edvel da maioria dos rios do Acre, inclusive, em Rio Branco e em Tarauac\u00e1.<\/p>\n\n\n\n<p class=\"has-black-color has-text-color wp-block-paragraph\" style=\"font-size:18px\">  Assim, n\u00e3o est\u00e1 descartada a possibilidade de nova cheia do rio Tarauac\u00e1.<\/p>\n\n\n\n<p class=\"has-black-color has-text-color wp-block-paragraph\" style=\"font-size:18px\">  Acompanhe, na tabela elaborada por n\u00f3s, o comportamento dos principais rios nesta quinta-feira.<\/p>\n<\/div>\n\n\n\n<div class=\"wp-block-column is-layout-flow wp-block-column-is-layout-flow\">\n<h2 class=\"has-vivid-purple-color has-text-color wp-block-heading\" style=\"font-size:32px\">O tempo<\/h2>\n\n\n\n<p class=\"wp-block-paragraph\" style=\"font-size:18px\">  Nesta quinta-feira (25\/3\/2021), ocorreram, logo cedo, chuvas intensas no centro e no oeste do Acre, enquanto no leste e no sul do estado, o calor abafado predominou. \u00c0 tarde, por\u00e9m, dever\u00e3o ocorrer chuvas pontuais, que podem ser fortes,  na maioria dos munic\u00edpios acreanos.<\/p>\n\n\n\n<p class=\"wp-block-paragraph\" style=\"font-size:18px\">  Na sexta-feira (26\/3\/2021), o tempo quente continua em todo o Acre, mas ocorrem chuvas, que podem ser intensas, por\u00e9m, pontuais, na maioria dos munic\u00edpios, inclusive, em Rio Branco.<\/p>\n\n\n\n<p class=\"wp-block-paragraph\" style=\"font-size:18px\">  No entanto, a partir de s\u00e1bado, at\u00e9 por volta da pr\u00f3xima segunda-feira, ocorrer\u00e3o chuvas intensas e generalizadas em todo o Acre e \u00e1reas pr\u00f3ximas, podendo causar s\u00e9rios transtornos \u00e0 popula\u00e7\u00e3o de \u00e1reas vulner\u00e1veis.<\/p>\n\n\n\n<p class=\"wp-block-paragraph\" style=\"font-size:18px\">  No Distrito Federal, em Goi\u00e1s e em boa parte de Mato Grosso, o tempo quente vai predominar at\u00e9, pelo menos, a pr\u00f3xima segunda-feira, mas podem ocorrer chuvas r\u00e1pidas e pontuais em algumas \u00e1reas.<\/p>\n<\/div>\n<\/div>\n<\/div><\/div>\n\n\n\n<h2 class=\"wp-block-heading\" style=\"font-size:27px\">N\u00edvel e tend\u00eancia dos rios nesta quinta-feira:<\/h2>\n\n\n\n<figure class=\"wp-block-table\"><table class=\"has-subtle-pale-green-background-color has-background\"><thead><tr><th><strong>CIDADE<\/strong><\/th><th><strong>N\u00cdVEL 24h ANTES<\/strong><\/th><th>N\u00cdVEL ATUAL<\/th><th><strong>VARIA\u00c7\u00c3O<\/strong><\/th><th><strong>TEND\u00caNCIA<\/strong><\/th><\/tr><\/thead><tbody><tr><td><strong>Rio Branco<\/strong><\/td><td><strong>14,1m<\/strong><\/td><td><strong>14,2m<\/strong><\/td><td><strong>Mais 0,1m<\/strong><\/td><td><strong>Estabilizar<\/strong><\/td><\/tr><tr><td><strong>Cruzeiro do Sul<\/strong><\/td><td><strong>12,1m<\/strong><\/td><td><strong>12,4m<\/strong><\/td><td><strong>Mais 0,3m<\/strong><\/td><td><strong>Subir<\/strong><\/td><\/tr><tr><td><strong>Tarauac\u00e1<\/strong><\/td><td><strong>8,4m<\/strong><\/td><td><strong>6,8m<\/strong><\/td><td><strong>Menos 1,6m<\/strong><\/td><td><strong>Estabilizar<\/strong><\/td><\/tr><tr><td><strong>Manuel Urbano<\/strong><\/td><td><strong>12,0m<\/strong><\/td><td><strong>12,2m<\/strong><\/td><td><strong>Mais 0,2m<\/strong><\/td><td><strong>Estabilizar<\/strong><\/td><\/tr><tr><td><strong>Xapuri<\/strong><\/td><td><strong>9,3m<\/strong><\/td><td><strong>7,8m<\/strong><\/td><td><strong>Menos 1,5m<\/strong><\/td><td><strong>Baixar<\/strong><\/td><\/tr><tr><td><strong>Brasileia<\/strong><\/td><td><strong>5,7m<\/strong><\/td><td><strong>4,3m<\/strong><\/td><td><strong>Menos 1,4m<\/strong><\/td><td><strong>Baixar<\/strong><\/td><\/tr><tr><td><strong>Assis Brasil<\/strong><\/td><td><strong>4,6m<\/strong><\/td><td><strong>4,2m<\/strong><\/td><td><strong>Menos 0,4m<\/strong><\/td><td><strong>Baixar<\/strong><\/td><\/tr><tr><td><strong>Pl\u00e1cido de Castro<\/strong><\/td><td><strong>9,8m<\/strong><\/td><td><strong>10,1m<\/strong><\/td><td><strong>Mais 0,3m<\/strong><\/td><td><strong>Estabilizar<\/strong><\/td><\/tr><tr><td><strong>Sena Madureira<\/strong><\/td><td><strong>&#8211;<\/strong><\/td><td><strong>&#8211;<\/strong><\/td><td><strong>&#8211;<\/strong><\/td><td><strong>Estabilizar<\/strong><\/td><\/tr><\/tbody><\/table><figcaption>Dados registrados pela Ag\u00eancia Nacional de \u00c1guas, por volta das 12h desta quinta-feira (25\/3\/2021). Estimativas de tend\u00eancia feitas por O Tempo Aqui.<\/figcaption><\/figure>\n","protected":false},"excerpt":{"rendered":"<p>Chuvas intensas neste fim de semana far\u00e3o n\u00edvel dos rios subir muito Os rios O n\u00edvel do rio Acre come\u00e7a a estabilizar e, nas pr\u00f3ximas horas, come\u00e7ar\u00e1 a baixar. Nesta quinta-feira (25\/3\/2021), por volta das 12h, marcava 14,2m, conforme registros da Ag\u00eancia Nacional de \u00c1guas. Em Cruzeiro do Sul, o rio Juru\u00e1 continua subindo, podendo [&hellip;]<\/p>\n","protected":false},"author":2,"featured_media":0,"comment_status":"open","ping_status":"open","sticky":false,"template":"","format":"standard","meta":{"_jetpack_memberships_contains_paid_content":false,"footnotes":"","jetpack_publicize_message":"","jetpack_publicize_feature_enabled":true,"jetpack_social_post_already_shared":true,"jetpack_social_options":{"image_generator_settings":{"template":"highway","enabled":false},"version":2}},"categories":[193],"tags":[163,61,171,172,39,157,46,26],"class_list":["post-23353","post","type-post","status-publish","format-standard","hentry","category-previsao-do-tempo","tag-alerta-de-enchente","tag-chuvas-intensas","tag-enchente-do-rio-acre","tag-enchentes","tag-nivel-do-rio-acre","tag-nivel-dos-rios","tag-previsao-do-tempo-para-os-proximos-dias","tag-previsao-para-os-proximos-dias"],"jetpack_publicize_connections":[],"jetpack_featured_media_url":"","jetpack_likes_enabled":true,"jetpack_sharing_enabled":true,"_links":{"self":[{"href":"https:\/\/otempoaqui.com.br\/index.php?rest_route=\/wp\/v2\/posts\/23353","targetHints":{"allow":["GET"]}}],"collection":[{"href":"https:\/\/otempoaqui.com.br\/index.php?rest_route=\/wp\/v2\/posts"}],"about":[{"href":"https:\/\/otempoaqui.com.br\/index.php?rest_route=\/wp\/v2\/types\/post"}],"author":[{"embeddable":true,"href":"https:\/\/otempoaqui.com.br\/index.php?rest_route=\/wp\/v2\/users\/2"}],"replies":[{"embeddable":true,"href":"https:\/\/otempoaqui.com.br\/index.php?rest_route=%2Fwp%2Fv2%2Fcomments&post=23353"}],"version-history":[{"count":2,"href":"https:\/\/otempoaqui.com.br\/index.php?rest_route=\/wp\/v2\/posts\/23353\/revisions"}],"predecessor-version":[{"id":23355,"href":"https:\/\/otempoaqui.com.br\/index.php?rest_route=\/wp\/v2\/posts\/23353\/revisions\/23355"}],"wp:attachment":[{"href":"https:\/\/otempoaqui.com.br\/index.php?rest_route=%2Fwp%2Fv2%2Fmedia&parent=23353"}],"wp:term":[{"taxonomy":"category","embeddable":true,"href":"https:\/\/otempoaqui.com.br\/index.php?rest_route=%2Fwp%2Fv2%2Fcategories&post=23353"},{"taxonomy":"post_tag","embeddable":true,"href":"https:\/\/otempoaqui.com.br\/index.php?rest_route=%2Fwp%2Fv2%2Ftags&post=23353"}],"curies":[{"name":"wp","href":"https:\/\/api.w.org\/{rel}","templated":true}]}}