{"id":23315,"date":"2021-03-22T11:53:40","date_gmt":"2021-03-22T16:53:40","guid":{"rendered":"https:\/\/otempoaqui.com.br\/?p=23315"},"modified":"2021-03-22T11:59:29","modified_gmt":"2021-03-22T16:59:29","slug":"rio-acre-e-outros-rios-poderao-transbordar-chuvas-continuarao-nesta-semana","status":"publish","type":"post","link":"https:\/\/otempoaqui.com.br\/?p=23315","title":{"rendered":"Rio Acre e outros rios poder\u00e3o transbordar. Chuvas continuar\u00e3o nesta semana."},"content":{"rendered":"\n<div class=\"wp-block-cover alignwide has-background-dim-20 has-background-dim is-position-center-center\" style=\"background-image:url(https:\/\/otempoaqui.com.br\/wp-content\/uploads\/2021\/01\/tempestades-raios-granizo.jpg);min-height:173px;background-position:40% 26%;aspect-ratio:unset;\"><div class=\"wp-block-cover__inner-container is-layout-flow wp-block-cover-is-layout-flow\">\n<p class=\"has-text-align-center has-vivid-red-color has-text-color wp-block-paragraph\" style=\"font-size:74px;line-height:1.1\"><strong>ALERTAS<\/strong><\/p>\n<\/div><\/div>\n\n\n\n<div class=\"wp-block-group\"><div class=\"wp-block-group__inner-container is-layout-flow wp-block-group-is-layout-flow\">\n<h2 class=\"has-text-color wp-block-heading\" style=\"color:#ba0c49;font-size:35px\">Rio Tarauac\u00e1 poder\u00e1 subir ainda mais e, em Rio Branco, nova cheia \u00e9 iminente<\/h2>\n\n\n\n<hr>\n\n\n\n<h2 class=\"has-luminous-vivid-orange-color has-text-color wp-block-heading\" style=\"font-size:35px\">Alerta de cheias tamb\u00e9m nos vales dos rios Juru\u00e1, Purus, Iaco e outros<\/h2>\n\n\n\n<hr>\n\n\n\n<div class=\"wp-block-columns is-layout-flex wp-container-core-columns-is-layout-8f761849 wp-block-columns-is-layout-flex\">\n<div class=\"wp-block-column is-layout-flow wp-block-column-is-layout-flow\">\n<h2 class=\"has-black-color has-text-color wp-block-heading\" style=\"font-size:29px\">Os rios e a tend\u00eancia para a semana<\/h2>\n\n\n\n<p class=\"has-black-color has-text-color wp-block-paragraph\" style=\"font-size:18px\">  Como previmos na semana passada, chuvas intensas, ocorreram, neste fim de semana, em todo o Acre e \u00e1reas pr\u00f3ximas, devido \u00e0 chegada de uma fraca frente fria e \u00e0 incurs\u00e3o de elevada umidade do ar, oriunda do oceano Atl\u00e2ntico Norte.<\/p>\n\n\n\n<p class=\"has-black-color has-text-color wp-block-paragraph\" style=\"font-size:18px\">  O n\u00edvel de todos os rios do estado tem aumentado muito nas \u00faltimas 48 horas. Em Tarauac\u00e1, como alertado por n\u00f3s, o rio j\u00e1 transbordou mais uma vez e poder\u00e1 subir ainda mais, nas pr\u00f3ximas horas, tendo em vista as chuvas intensas no alto curso dos rios Tarauac\u00e1 e Muru.<\/p>\n\n\n\n<p class=\"has-black-color has-text-color wp-block-paragraph\" style=\"font-size:18px\">  Em Rio Branco, o n\u00edvel do rio Acre, por volta das 11h desta segunda-feira (22\/3\/2021), estava em 12,1m, tendo subido 2,6m nas \u00faltimas 48h, e continua subindo rapidamente. Nossas estimativas s\u00e3o de que atinja a cota de alerta nesta ter\u00e7a-feira, podendo transbordar nos pr\u00f3ximos dias, antes do fim desta semana.<\/p>\n\n\n\n<p class=\"has-black-color has-text-color wp-block-paragraph\" style=\"font-size:18px\">  Na cidade de Manuel Urbano, o rio Purus sobe rapidamente.<\/p>\n\n\n\n<p class=\"has-black-color has-text-color wp-block-paragraph\" style=\"font-size:18px\">  Em Cruzeiro do Sul, o rio Juru\u00e1, tamb\u00e9m, voltar\u00e1 a subir rapidamente nas pr\u00f3ximas horas, assim como em Sena Madureira, o rio Iaco voltar\u00e1 a subir muito.<\/p>\n\n\n\n<p class=\"has-black-color has-text-color wp-block-paragraph\" style=\"font-size:18px\">  Em Pl\u00e1cido de Castro, o rio Abun\u00e3, tamb\u00e9m, est\u00e1 subindo muito.<\/p>\n\n\n\n<p class=\"has-black-color has-text-color wp-block-paragraph\" style=\"font-size:18px\">  Veja, na tabela elaborada por n\u00f3s, o n\u00edvel dos rios e a tend\u00eancia para os pr\u00f3ximos dias.<\/p>\n<\/div>\n\n\n\n<div class=\"wp-block-column is-layout-flow wp-block-column-is-layout-flow\">\n<h2 class=\"has-black-color has-text-color wp-block-heading\" style=\"font-size:29px\">O tempo durante esta semana<\/h2>\n\n\n\n<p class=\"has-black-color has-text-color wp-block-paragraph\" style=\"font-size:18px\">  A elevada umidade do ar vai continuar predominando durante toda esta semana e, por isso, as chuvas v\u00e3o continuar todos os dias, por\u00e9m, com menor intensidade, exceto, num ou noutro dia, quando poder\u00e3o ser intensas em alguns munic\u00edpios.<\/p>\n\n\n\n<p class=\"has-black-color has-text-color wp-block-paragraph\" style=\"font-size:18px\">  Nesta segunda-feira (22\/3\/2021), o tempo inst\u00e1vel, com chuvas a qualquer hora, vai continuar predominando no Acre.<\/p>\n\n\n\n<p class=\"has-black-color has-text-color wp-block-paragraph\" style=\"font-size:18px\">  No entanto, no fim desta semana e no come\u00e7o da pr\u00f3xima, uma nova frente fria e a incurs\u00e3o de intensos pulsos \u00famidos do Atl\u00e2ntico Norte provocar\u00e3o chuvas torrenciais na maior parte do Acre, do Amazonas, no oeste de Rond\u00f4nia, nas plan\u00edcies e encostas andinas da Bol\u00edvia e na regi\u00e3o de selva e encostas orientais dos Andes peruanos.<\/p>\n\n\n\n<p class=\"has-black-color has-text-color wp-block-paragraph\" style=\"font-size:18px\">  Resumindo, durante esta semana, o Acre e as \u00e1reas pr\u00f3ximas ter\u00e3o chuvas di\u00e1rias, mas, em geral, passageiras, que podem ser fortes e acompanhadas de raios. J\u00e1 no fim de semana, principalmente no domingo (28\/3\/2021) e na segunda-feira (29\/3\/2021), chuvas intensas voltar\u00e3o a ocorrer na maioria dos munic\u00edpios.<\/p>\n\n\n\n<p class=\"has-black-color has-text-color wp-block-paragraph\" style=\"font-size:18px\">  Tempo bom e quente vai predominar durante toda esta semana no Distrito Federal e na maior parte de Goi\u00e1s. As chuvas poder\u00e3o ocorrer, mas de forma pontual e passageira.<\/p>\n\n\n\n<p class=\"has-black-color has-text-color wp-block-paragraph\" style=\"font-size:18px\">  Em Mato Grosso, o calor abafado, com chuvas passageiras e pontuais, que podem ser fortes, vai predominar na semana.<\/p>\n<\/div>\n<\/div>\n<\/div><\/div>\n\n\n\n<h2 class=\"has-black-color has-text-color wp-block-heading\" style=\"font-size:29px\">N\u00edvel atual, varia\u00e7\u00e3o nas \u00faltimas 48h e tend\u00eancia dos principais rios do Acre:<\/h2>\n\n\n\n<figure class=\"wp-block-table aligncenter is-style-stripes\"><table class=\"has-subtle-pale-green-background-color has-background\"><thead><tr><th class=\"has-text-align-center\" data-align=\"center\">CIDADE<\/th><th class=\"has-text-align-center\" data-align=\"center\">N\u00cdVEL 48h ANTES<\/th><th class=\"has-text-align-center\" data-align=\"center\">N\u00cdVEL ATUAL EM 22\/3\/21<\/th><th class=\"has-text-align-center\" data-align=\"center\">VARIA\u00c7\u00c3O E TEND\u00caNCIA<\/th><\/tr><\/thead><tbody><tr><td class=\"has-text-align-center\" data-align=\"center\">RIO BRANCO<\/td><td class=\"has-text-align-center\" data-align=\"center\">9,5m<\/td><td class=\"has-text-align-center\" data-align=\"center\">12,1m<\/td><td class=\"has-text-align-center\" data-align=\"center\">Mais 2,6m, subindo r\u00e1pido<\/td><\/tr><tr><td class=\"has-text-align-center\" data-align=\"center\">XAPURI<\/td><td class=\"has-text-align-center\" data-align=\"center\">5,8m<\/td><td class=\"has-text-align-center\" data-align=\"center\">10,3m<\/td><td class=\"has-text-align-center\" data-align=\"center\">Mais 4,5m, subindo r\u00e1pido<\/td><\/tr><tr><td class=\"has-text-align-center\" data-align=\"center\">BRASILEIA<\/td><td class=\"has-text-align-center\" data-align=\"center\">2,9m<\/td><td class=\"has-text-align-center\" data-align=\"center\">8,7m<\/td><td class=\"has-text-align-center\" data-align=\"center\">Mais 5,8m, baixando<\/td><\/tr><tr><td class=\"has-text-align-center\" data-align=\"center\">ASSIS BRASIL<\/td><td class=\"has-text-align-center\" data-align=\"center\">7,9m<\/td><td class=\"has-text-align-center\" data-align=\"center\">5,5m<\/td><td class=\"has-text-align-center\" data-align=\"center\">Menos 2,4m, est\u00e1vel<\/td><\/tr><tr><td class=\"has-text-align-center\" data-align=\"center\">CRUZEIRO DO SUL<\/td><td class=\"has-text-align-center\" data-align=\"center\">11,2m<\/td><td class=\"has-text-align-center\" data-align=\"center\">10,9m<\/td><td class=\"has-text-align-center\" data-align=\"center\">Menos 0,3m, mas dever\u00e1 subir r\u00e1pido<\/td><\/tr><tr><td class=\"has-text-align-center\" data-align=\"center\">TARAUAC\u00c1<\/td><td class=\"has-text-align-center\" data-align=\"center\">6,2m<\/td><td class=\"has-text-align-center\" data-align=\"center\">9,6m<\/td><td class=\"has-text-align-center\" data-align=\"center\">Mais 3,4m, devendo continuar subindo<\/td><\/tr><tr><td class=\"has-text-align-center\" data-align=\"center\">MANUEL URBANO<\/td><td class=\"has-text-align-center\" data-align=\"center\">10,2m<\/td><td class=\"has-text-align-center\" data-align=\"center\">11,5m<\/td><td class=\"has-text-align-center\" data-align=\"center\">Mais 1,3m, subindo r\u00e1pido<\/td><\/tr><tr><td class=\"has-text-align-center\" data-align=\"center\">PL\u00c1CIDO DE CASTRO<\/td><td class=\"has-text-align-center\" data-align=\"center\">8,4m<\/td><td class=\"has-text-align-center\" data-align=\"center\">9,1m<\/td><td class=\"has-text-align-center\" data-align=\"center\">Mais 0,7m, subindo r\u00e1pido<\/td><\/tr><tr><td class=\"has-text-align-center\" data-align=\"center\">SENA MADUREIRA<\/td><td class=\"has-text-align-center\" data-align=\"center\">&#8211;<\/td><td class=\"has-text-align-center\" data-align=\"center\">&#8211;<\/td><td class=\"has-text-align-center\" data-align=\"center\">Sem dados consistentes, devendo subir r\u00e1pido<\/td><\/tr><\/tbody><\/table><figcaption>N\u00edvel das 11h desta segunda-feira (22\/3\/2021), segundo dados registrados pela Ag\u00eancia Nacional de \u00c1gua. As estimativas de tend\u00eancia para os pr\u00f3ximos dias foram feitas por O Tempo Aqui.<\/figcaption><\/figure>\n\n\n<div id=\"attachment_21256\" style=\"width: 274px\" class=\"wp-caption aligncenter\"><img data-recalc-dims=\"1\" loading=\"lazy\" decoding=\"async\" aria-describedby=\"caption-attachment-21256\" class=\" wp-image-21256\" src=\"https:\/\/i0.wp.com\/otempoaqui.com.br\/wp-content\/uploads\/2019\/06\/APROVACAO1.png?resize=264%2C264&#038;ssl=1\" alt=\"O melhor curso do Acre\" width=\"264\" height=\"264\" srcset=\"https:\/\/i0.wp.com\/otempoaqui.com.br\/wp-content\/uploads\/2019\/06\/APROVACAO1.png?w=200&amp;ssl=1 200w, https:\/\/i0.wp.com\/otempoaqui.com.br\/wp-content\/uploads\/2019\/06\/APROVACAO1.png?resize=150%2C150&amp;ssl=1 150w, https:\/\/i0.wp.com\/otempoaqui.com.br\/wp-content\/uploads\/2019\/06\/APROVACAO1.png?resize=175%2C175&amp;ssl=1 175w, https:\/\/i0.wp.com\/otempoaqui.com.br\/wp-content\/uploads\/2019\/06\/APROVACAO1.png?resize=184%2C184&amp;ssl=1 184w\" sizes=\"auto, (max-width: 264px) 100vw, 264px\" \/><p id=\"caption-attachment-21256\" class=\"wp-caption-text\"><strong>Matr\u00edculas abertas para 2021. O melhor curso preparat\u00f3rio do Acre. Especial para quem quer cursar Medicina.<\/strong><\/p><\/div>","protected":false},"excerpt":{"rendered":"<p>Rio Tarauac\u00e1 poder\u00e1 subir ainda mais e, em Rio Branco, nova cheia \u00e9 iminente Alerta de cheias tamb\u00e9m nos vales dos rios Juru\u00e1, Purus, Iaco e outros Os rios e a tend\u00eancia para a semana Como previmos na semana passada, chuvas intensas, ocorreram, neste fim de semana, em todo o Acre e \u00e1reas pr\u00f3ximas, devido [&hellip;]<\/p>\n","protected":false},"author":2,"featured_media":0,"comment_status":"open","ping_status":"open","sticky":false,"template":"","format":"standard","meta":{"_jetpack_memberships_contains_paid_content":false,"footnotes":"","jetpack_publicize_message":"","jetpack_publicize_feature_enabled":true,"jetpack_social_post_already_shared":true,"jetpack_social_options":{"image_generator_settings":{"template":"highway","enabled":false},"version":2}},"categories":[193],"tags":[163,161,171,172,82,178,39,157,23,46,168],"class_list":["post-23315","post","type-post","status-publish","format-standard","hentry","category-previsao-do-tempo","tag-alerta-de-enchente","tag-enchente","tag-enchente-do-rio-acre","tag-enchentes","tag-enchentes-e-alagacoes","tag-enchentes-no-acre","tag-nivel-do-rio-acre","tag-nivel-dos-rios","tag-previsao-do-tempo","tag-previsao-do-tempo-para-os-proximos-dias","tag-previsao-para-a-semana"],"jetpack_publicize_connections":[],"jetpack_featured_media_url":"","jetpack_likes_enabled":true,"jetpack_sharing_enabled":true,"_links":{"self":[{"href":"https:\/\/otempoaqui.com.br\/index.php?rest_route=\/wp\/v2\/posts\/23315","targetHints":{"allow":["GET"]}}],"collection":[{"href":"https:\/\/otempoaqui.com.br\/index.php?rest_route=\/wp\/v2\/posts"}],"about":[{"href":"https:\/\/otempoaqui.com.br\/index.php?rest_route=\/wp\/v2\/types\/post"}],"author":[{"embeddable":true,"href":"https:\/\/otempoaqui.com.br\/index.php?rest_route=\/wp\/v2\/users\/2"}],"replies":[{"embeddable":true,"href":"https:\/\/otempoaqui.com.br\/index.php?rest_route=%2Fwp%2Fv2%2Fcomments&post=23315"}],"version-history":[{"count":4,"href":"https:\/\/otempoaqui.com.br\/index.php?rest_route=\/wp\/v2\/posts\/23315\/revisions"}],"predecessor-version":[{"id":23320,"href":"https:\/\/otempoaqui.com.br\/index.php?rest_route=\/wp\/v2\/posts\/23315\/revisions\/23320"}],"wp:attachment":[{"href":"https:\/\/otempoaqui.com.br\/index.php?rest_route=%2Fwp%2Fv2%2Fmedia&parent=23315"}],"wp:term":[{"taxonomy":"category","embeddable":true,"href":"https:\/\/otempoaqui.com.br\/index.php?rest_route=%2Fwp%2Fv2%2Fcategories&post=23315"},{"taxonomy":"post_tag","embeddable":true,"href":"https:\/\/otempoaqui.com.br\/index.php?rest_route=%2Fwp%2Fv2%2Ftags&post=23315"}],"curies":[{"name":"wp","href":"https:\/\/api.w.org\/{rel}","templated":true}]}}