{"id":2296,"date":"2014-02-28T10:27:36","date_gmt":"2014-02-28T15:27:36","guid":{"rendered":"http:\/\/otempoaqui.com\/?p=2296"},"modified":"2014-02-28T10:27:36","modified_gmt":"2014-02-28T15:27:36","slug":"alerta-de-temporal-taruaca-feijo-cruzeiro-do-sul-rodrigues-alves-mancio-lima-porto-walter-marechal-thamaturgo-jordao-e-santa-rosa-do-purs-poderao-ser-atingidas-por-fortes-temporais-durante-est","status":"publish","type":"post","link":"https:\/\/otempoaqui.com.br\/?p=2296","title":{"rendered":"ALERTA DE TEMPORAL: Taruac\u00e1, Feij\u00f3, Cruzeiro do Sul, Rodrigues Alves, M\u00e2ncio Lima Porto Walter, Marechal Thamaturgo, Jord\u00e3o e Santa Rosa do Purs poder\u00e3o ser atingidas por fortes temporais, durante esta sexta-feira."},"content":{"rendered":"<p>8h 50min<\/p>\n<p>    A chegada de uma frente subtropical j\u00e1 causou fortes temporais, em alguns munic\u00edpios do Acre, durante a noite desta quinta-feira, dia 26, e, agora, essa frente desloca-se, rapidamente, para o centro e o oeste do estado.<br \/>\n    Assim, as condi\u00e7\u00f5es atmosf\u00e9ricas estar\u00e3o altamente favor\u00e1veis \u00e0 ocorr\u00eancia de temporais, com chuvas intensas, raios e ventanias, durante esta sexta-feira, dia 28 de fevereiro, nos munic\u00edpios de Cruzeiro do Sul, Tarauac\u00e1, Feij\u00f3, M\u00e2ncio Lima, Rodrigues Alves, Porto Walter, Marechal Thaumaturgo, Jord\u00e3o e Santa Rosa do Purus.<br \/>\n    Em alguns pontos, poder\u00e3o ocorrer s\u00e9rios transtornos \u00e0 popula\u00e7\u00e3o atingida pelo mau tempo.<br \/>\n    Deve-se ressaltar que nem todos esses munic\u00edpios ser\u00e3o atingidos com a mesma intensidade, sendo que, em alguns, poder\u00e1, at\u00e9, nem chover.<\/p>\n","protected":false},"excerpt":{"rendered":"<p>8h 50min A chegada de uma frente subtropical j\u00e1 causou fortes temporais, em alguns munic\u00edpios do Acre, durante a noite desta quinta-feira, dia 26, e, agora, essa frente desloca-se, rapidamente, para o centro e o oeste do estado. Assim, as condi\u00e7\u00f5es atmosf\u00e9ricas estar\u00e3o altamente favor\u00e1veis \u00e0 ocorr\u00eancia de temporais, com chuvas intensas, raios e ventanias, [&hellip;]<\/p>\n","protected":false},"author":2,"featured_media":0,"comment_status":"open","ping_status":"open","sticky":false,"template":"","format":"standard","meta":{"_jetpack_memberships_contains_paid_content":false,"footnotes":"","jetpack_publicize_message":"","jetpack_publicize_feature_enabled":true,"jetpack_social_post_already_shared":true,"jetpack_social_options":{"image_generator_settings":{"template":"highway","enabled":false},"version":2}},"categories":[1],"tags":[73],"class_list":["post-2296","post","type-post","status-publish","format-standard","hentry","category-geral","tag-alerta-de-temporais"],"jetpack_publicize_connections":[],"jetpack_featured_media_url":"","jetpack_likes_enabled":true,"jetpack_sharing_enabled":true,"_links":{"self":[{"href":"https:\/\/otempoaqui.com.br\/index.php?rest_route=\/wp\/v2\/posts\/2296","targetHints":{"allow":["GET"]}}],"collection":[{"href":"https:\/\/otempoaqui.com.br\/index.php?rest_route=\/wp\/v2\/posts"}],"about":[{"href":"https:\/\/otempoaqui.com.br\/index.php?rest_route=\/wp\/v2\/types\/post"}],"author":[{"embeddable":true,"href":"https:\/\/otempoaqui.com.br\/index.php?rest_route=\/wp\/v2\/users\/2"}],"replies":[{"embeddable":true,"href":"https:\/\/otempoaqui.com.br\/index.php?rest_route=%2Fwp%2Fv2%2Fcomments&post=2296"}],"version-history":[{"count":0,"href":"https:\/\/otempoaqui.com.br\/index.php?rest_route=\/wp\/v2\/posts\/2296\/revisions"}],"wp:attachment":[{"href":"https:\/\/otempoaqui.com.br\/index.php?rest_route=%2Fwp%2Fv2%2Fmedia&parent=2296"}],"wp:term":[{"taxonomy":"category","embeddable":true,"href":"https:\/\/otempoaqui.com.br\/index.php?rest_route=%2Fwp%2Fv2%2Fcategories&post=2296"},{"taxonomy":"post_tag","embeddable":true,"href":"https:\/\/otempoaqui.com.br\/index.php?rest_route=%2Fwp%2Fv2%2Ftags&post=2296"}],"curies":[{"name":"wp","href":"https:\/\/api.w.org\/{rel}","templated":true}]}}