{"id":22954,"date":"2021-02-12T12:32:00","date_gmt":"2021-02-12T17:32:00","guid":{"rendered":"https:\/\/otempoaqui.com.br\/?p=22954"},"modified":"2021-02-12T12:30:59","modified_gmt":"2021-02-12T17:30:59","slug":"alerta-urgente-de-enchentes-em-cruzeiro-do-sul-e-tarauaca","status":"publish","type":"post","link":"https:\/\/otempoaqui.com.br\/?p=22954","title":{"rendered":"Alerta urgente de enchentes em Cruzeiro do Sul e Tarauac\u00e1"},"content":{"rendered":"\n<div class=\"wp-block-cover alignwide has-background-dim has-background-gradient is-position-center-center\" style=\"background:radial-gradient(rgb(254,205,165) 0%,rgb(254,45,45) 50%,rgb(107,0,62) 100%);min-height:167px;aspect-ratio:unset;\"><div class=\"wp-block-cover__inner-container is-layout-flow wp-block-cover-is-layout-flow\">\n<p class=\"has-text-align-center has-text-color wp-block-paragraph\" style=\"color:#fffffa;font-size:55px;line-height:1.1\"><span class=\"has-inline-color has-black-color\"><span style=\"text-decoration: underline;\"><strong>URGENTE<\/strong><\/span><\/span><\/p>\n<\/div><\/div>\n\n\n\n<div class=\"wp-block-group\"><div class=\"wp-block-group__inner-container is-layout-flow wp-block-group-is-layout-flow\">\n<h2 class=\"has-text-align-center has-text-color wp-block-heading\" style=\"color:#ba0c49;font-size:38px\">Alertamos para transbordamento iminente dos rios Juru\u00e1 e Tarauac\u00e1 nas pr\u00f3ximas horas<\/h2>\n\n\n\n<div class=\"wp-block-columns is-layout-flex wp-container-core-columns-is-layout-8f761849 wp-block-columns-is-layout-flex\">\n<div class=\"wp-block-column is-layout-flow wp-block-column-is-layout-flow\">\n<h2 class=\"wp-block-heading\" style=\"font-size:25px\">CRUZEIRO DO SUL<\/h2>\n\n\n\n<p class=\"has-black-color has-text-color wp-block-paragraph\" style=\"font-size:18px\">  Como j\u00e1 alertamos na \u00faltima quinta-feira (11\/2\/2021), as chuvas torrenciais que ocorreram na serra do Divisor e em todo o oeste do Acre provocar\u00e3o r\u00e1pida eleva\u00e7\u00e3o do n\u00edvel dos rios Juru\u00e1 e Moa.<\/p>\n\n\n\n<p class=\"has-black-color has-text-color wp-block-paragraph\" style=\"font-size:18px\">  Assim, voltamos a alertar, nesta sexta-feira (12\/2\/2021), para o transbordamento iminente, do rio Juru\u00e1, em Cruzeiro do Sul, devendo provocar enchentes maiores do que as ocorridas no \u00faltimo dia 2 de janeiro, quando seu n\u00edvel atingiu a marca de 13,6m. <\/p>\n\n\n\n<p class=\"has-black-color has-text-color wp-block-paragraph\" style=\"font-size:18px\">  \u00c0s 12h desta sexta-feira, seu n\u00edvel j\u00e1 era de 11,1m, tendo subido mais de 1m nas \u00faltimas 24 horas.<\/p>\n\n\n\n<p class=\"has-black-color has-text-color wp-block-paragraph\" style=\"font-size:18px\">  Portanto, \u00e9 muito prov\u00e1vel que, neste fim de semana ou no in\u00edcio da pr\u00f3xima, o rio passe dos 14mm, em Cruzeiro do Sul, e, assim, provocar s\u00e9rios transtornos \u00e0 popula\u00e7\u00e3o ribeirinha, n\u00e3o s\u00f3 de Cruzeiro do Sul, como tamb\u00e9m de Rodrigues Alves, Porto Walter, Marechal Thaumaturgo e dos munic\u00edpios amazonenses de Guajar\u00e1, Ipixuna e Eirunep\u00e9.<\/p>\n\n\n\n<p class=\"has-black-color has-text-color wp-block-paragraph\" style=\"font-size:18px\">  Neste fim de semana, as chuvas diminuem bastante no Juru\u00e1, mas poder\u00e3o ocorrer de forma passageira e pontual, podendo ser fortes em algumas \u00e1reas. <\/p>\n\n\n\n<p class=\"has-black-color has-text-color wp-block-paragraph\" style=\"font-size:18px\">  \u00c9 important\u00edssimo que a popula\u00e7\u00e3o e as autoridades fiquem bastante atentas, a fim de evitarem maiores preju\u00edzos ou transtornos.<\/p>\n<\/div>\n\n\n\n<div class=\"wp-block-column is-layout-flow wp-block-column-is-layout-flow\">\n<h2 class=\"wp-block-heading\" style=\"font-size:25px\">TARAUAC\u00c1<\/h2>\n\n\n\n<p class=\"has-black-color has-text-color wp-block-paragraph\" style=\"font-size:18px\">  Na nossa publica\u00e7\u00e3o de ontem, alertamos para a r\u00e1pida e acentuada eleva\u00e7\u00e3o do n\u00edvel do rio Tarauac\u00e1.<\/p>\n\n\n\n<p class=\"has-black-color has-text-color wp-block-paragraph\" style=\"font-size:18px\">  Nesta sexta-feira (12\/2\/2021), voltamos a alertar urgentemente que a cidade de Tarauac\u00e1 poder\u00e1 enfrentar a maior enchente deste ano, at\u00e9 o momento, tendo em vista as chuvas intensas ocorridas nas bacias dos rios Tarauac\u00e1 e do seu principal afluente, o Muru.<\/p>\n\n\n\n<p class=\"has-black-color has-text-color wp-block-paragraph\" style=\"font-size:18px\"> Portanto, alertamos para s\u00e9rios transtornos decorrentes de alagamentos e enchentes neste fim de semana.<\/p>\n\n\n\n<p class=\"has-black-color has-text-color wp-block-paragraph\" style=\"font-size:18px\">  Assim, \u00e9 important\u00edssimo que a popula\u00e7\u00e3o e as autoridades fiquem muito atentas, a fim de evitarem maiores preju\u00edzos ou transtornos.<\/p>\n\n\n\n<p class=\"has-black-color has-text-color wp-block-paragraph\" style=\"font-size:18px\">  Neste fim de semana, as chuvas diminuem sensivelmente nesta parte do Acre, mas ocorrer\u00e3o de forma passageira e pontual, podendo ser fortes em algumas \u00e1reas.<\/p>\n\n\n\n<p class=\"has-black-color has-text-color wp-block-paragraph\" style=\"font-size:18px\">   No munic\u00edpio de Jord\u00e3o os rios tamb\u00e9m est\u00e3o subindo rapidamente, podendo provocar transtornos \u00e0 popula\u00e7\u00e3o ribeirinha.<\/p>\n\n\n\n<p class=\"has-black-color has-text-color wp-block-paragraph\" style=\"font-size:18px\">  Os n\u00edveis dos rios Envira, em Feij\u00f3, e Purus, em Manuel Urbano e Santa Rosa do Purus, tamb\u00e9m t\u00eam subido rapidamente, mas n\u00e3o oferecem maiores preocupa\u00e7\u00f5es \u00e0s cidades banhadas por tais rios.<\/p>\n<\/div>\n<\/div>\n<\/div><\/div>\n\n\n<h3 style=\"text-align: center;\"><span style=\"color: #0000ff;\">FIM DE SEMANA QUENTE, COM SOL, NUVENS E CHUVAS PASSAGEIRAS E PONTUAIS<\/span><\/h3>\n<h4>\u00a0 <span style=\"color: #000080;\">Os fen\u00f4menos atmosf\u00e9ricos que causaram tanta chuva nos \u00faltimos dias, no Acre, j\u00e1 se dissiparam.<\/span><\/h4>\n<h4>\u00a0 <span style=\"color: #000080;\">Assim, o predom\u00ednio, neste fim de semana, ser\u00e1 de calor abafado, com chuvas passageiras e pontuais. Entretanto, em algumas \u00e1reas, poder\u00e3o ocorrer chuvas fortes, mas de forma passageira.<\/span><\/h4>\n<h4>\u00a0 \u00a0<span style=\"color: #000080;\">Neste fim de semana, chove menos no leste e no sul do Acre e um pouco mais, no centro e no oeste do estado, mas de forma passageira e pontual.<\/span><\/h4>\n<h4>\u00a0 \u00a0<span style=\"color: #000080;\">Chove muito, com acumulados significativos, em Goi\u00e1s, Mato Grosso, Distrito Federal e Amazonas, podendo causar transtornos \u00e0 popula\u00e7\u00e3o de algumas \u00e1reas.<\/span><\/h4>\n<div id=\"attachment_21256\" style=\"width: 210px\" class=\"wp-caption aligncenter\"><img data-recalc-dims=\"1\" loading=\"lazy\" decoding=\"async\" aria-describedby=\"caption-attachment-21256\" class=\"size-full wp-image-21256\" src=\"https:\/\/i0.wp.com\/otempoaqui.com.br\/wp-content\/uploads\/2019\/06\/APROVACAO1.png?resize=200%2C200&#038;ssl=1\" alt=\"O melhor curso do Acre\" width=\"200\" height=\"200\" srcset=\"https:\/\/i0.wp.com\/otempoaqui.com.br\/wp-content\/uploads\/2019\/06\/APROVACAO1.png?w=200&amp;ssl=1 200w, https:\/\/i0.wp.com\/otempoaqui.com.br\/wp-content\/uploads\/2019\/06\/APROVACAO1.png?resize=150%2C150&amp;ssl=1 150w, https:\/\/i0.wp.com\/otempoaqui.com.br\/wp-content\/uploads\/2019\/06\/APROVACAO1.png?resize=175%2C175&amp;ssl=1 175w, https:\/\/i0.wp.com\/otempoaqui.com.br\/wp-content\/uploads\/2019\/06\/APROVACAO1.png?resize=184%2C184&amp;ssl=1 184w\" sizes=\"auto, (max-width: 200px) 100vw, 200px\" \/><p id=\"caption-attachment-21256\" class=\"wp-caption-text\"><strong>Matr\u00edculas abertas para 2021. O melhor curso preparat\u00f3rio do Acre. Especial para quem quer cursar Medicina.<\/strong><\/p><\/div>","protected":false},"excerpt":{"rendered":"<p>Alertamos para transbordamento iminente dos rios Juru\u00e1 e Tarauac\u00e1 nas pr\u00f3ximas horas CRUZEIRO DO SUL Como j\u00e1 alertamos na \u00faltima quinta-feira (11\/2\/2021), as chuvas torrenciais que ocorreram na serra do Divisor e em todo o oeste do Acre provocar\u00e3o r\u00e1pida eleva\u00e7\u00e3o do n\u00edvel dos rios Juru\u00e1 e Moa. Assim, voltamos a alertar, nesta sexta-feira (12\/2\/2021), [&hellip;]<\/p>\n","protected":false},"author":2,"featured_media":0,"comment_status":"open","ping_status":"open","sticky":false,"template":"","format":"standard","meta":{"_jetpack_memberships_contains_paid_content":false,"footnotes":"","jetpack_publicize_message":"","jetpack_publicize_feature_enabled":true,"jetpack_social_post_already_shared":true,"jetpack_social_options":{"image_generator_settings":{"template":"highway","enabled":false},"version":2}},"categories":[193],"tags":[163,161,172,82,178,39,157,23,46,26],"class_list":["post-22954","post","type-post","status-publish","format-standard","hentry","category-previsao-do-tempo","tag-alerta-de-enchente","tag-enchente","tag-enchentes","tag-enchentes-e-alagacoes","tag-enchentes-no-acre","tag-nivel-do-rio-acre","tag-nivel-dos-rios","tag-previsao-do-tempo","tag-previsao-do-tempo-para-os-proximos-dias","tag-previsao-para-os-proximos-dias"],"jetpack_publicize_connections":[],"jetpack_featured_media_url":"","jetpack_likes_enabled":true,"jetpack_sharing_enabled":true,"_links":{"self":[{"href":"https:\/\/otempoaqui.com.br\/index.php?rest_route=\/wp\/v2\/posts\/22954","targetHints":{"allow":["GET"]}}],"collection":[{"href":"https:\/\/otempoaqui.com.br\/index.php?rest_route=\/wp\/v2\/posts"}],"about":[{"href":"https:\/\/otempoaqui.com.br\/index.php?rest_route=\/wp\/v2\/types\/post"}],"author":[{"embeddable":true,"href":"https:\/\/otempoaqui.com.br\/index.php?rest_route=\/wp\/v2\/users\/2"}],"replies":[{"embeddable":true,"href":"https:\/\/otempoaqui.com.br\/index.php?rest_route=%2Fwp%2Fv2%2Fcomments&post=22954"}],"version-history":[{"count":14,"href":"https:\/\/otempoaqui.com.br\/index.php?rest_route=\/wp\/v2\/posts\/22954\/revisions"}],"predecessor-version":[{"id":22968,"href":"https:\/\/otempoaqui.com.br\/index.php?rest_route=\/wp\/v2\/posts\/22954\/revisions\/22968"}],"wp:attachment":[{"href":"https:\/\/otempoaqui.com.br\/index.php?rest_route=%2Fwp%2Fv2%2Fmedia&parent=22954"}],"wp:term":[{"taxonomy":"category","embeddable":true,"href":"https:\/\/otempoaqui.com.br\/index.php?rest_route=%2Fwp%2Fv2%2Fcategories&post=22954"},{"taxonomy":"post_tag","embeddable":true,"href":"https:\/\/otempoaqui.com.br\/index.php?rest_route=%2Fwp%2Fv2%2Ftags&post=22954"}],"curies":[{"name":"wp","href":"https:\/\/api.w.org\/{rel}","templated":true}]}}