{"id":22501,"date":"2021-01-18T10:20:00","date_gmt":"2021-01-18T15:20:00","guid":{"rendered":"https:\/\/otempoaqui.com.br\/?p=22501"},"modified":"2021-01-18T10:18:35","modified_gmt":"2021-01-18T15:18:35","slug":"frio-polar-derruba-a-temperatura-no-acre-nas-proximas-horas-alerta-de-temporais-com-ventanias-chuvas-fortes-e-raios","status":"publish","type":"post","link":"https:\/\/otempoaqui.com.br\/?p=22501","title":{"rendered":"Frio polar derruba a temperatura no Acre nas pr\u00f3ximas horas. Alerta de temporais, com ventanias, chuvas fortes e raios."},"content":{"rendered":"\n<h2 class=\"has-text-align-center has-vivid-cyan-blue-color has-text-color wp-block-heading\" style=\"font-size:25px\">FRIAGEM CHEGA NESTA SEGUNDA-FEIRA<\/h2>\n\n\n\n<p class=\"has-black-color has-text-color has-medium-font-size wp-block-paragraph\">  A primeira onda de frio polar de 2021 chega ao Acre nesta segunda-feira (18\/1\/2021), por volta das 15h, no leste e no sul do estado, com fortes rajadas de vento da dire\u00e7\u00e3o sudeste, derrubando a temperatura em Rio Branco, Brasileia, Xapuri, Assis Brasil, Acrel\u00e2ndia, Pl\u00e1cido de Castro e de mais cidades do leste e do sul do estado e, tamb\u00e9m, do oeste de Rond\u00f4nia e do sul do Amazonas.<\/p>\n\n\n\n<p class=\"has-black-color has-text-color has-medium-font-size wp-block-paragraph\">  A temperatura cai bruscamente, a partir do fim da tarde, provocando uma friagem moderada no Acre e \u00e1reas pr\u00f3ximas. No come\u00e7o da noite, a temperatura estar\u00e1 oscilando entre 19 e 22\u00baC, em Rio Branco, Brasileia e munic\u00edpios vizinhos. Ao amanhecer de ter\u00e7a-feira (19\/1\/2021), as m\u00ednimas estar\u00e3o oscilando entre 17 e 19\u00baC, nessas cidades acreanas.<\/p>\n\n\n\n<p class=\"has-black-color has-text-color has-medium-font-size wp-block-paragraph\">  Os primeiros sinais desta frente fria ser\u00e3o sentidos j\u00e1 por volta das 12h, em Brasileia e proximidades, e por volta das 13h, em Rio Branco e \u00e1reas vizinhas. \u00c9 alta a probabilidade de ocorr\u00eancia de temporais, com chuvas fortes, raios, ventanias e, at\u00e9, queda pontual de granizo.<\/p>\n\n\n\n<p class=\"has-black-color has-text-color has-medium-font-size wp-block-paragraph\">  Os ventos mais intensos desta massa de ar polar dever\u00e3o ocorrer entre 15 e 19h, no leste e no sul acreano, com rajadas da dire\u00e7\u00e3o sudeste, que poder\u00e3o passar de 50km\/h, em alguns pontos.<\/p>\n\n\n\n<p class=\"has-black-color has-text-color has-medium-font-size wp-block-paragraph\">  Durante a noite e na manh\u00e3 de ter\u00e7a-feira, os temporais causados por essa penetra\u00e7\u00e3o de ar frio ocorrer\u00e3o no centro do Acre e no vale do Juru\u00e1, onde a queda da temperatura n\u00e3o ser\u00e1 t\u00e3o acentuada como em Rio Branco e Brasileia. A temperatura m\u00e1xima, nesta ter\u00e7a-feira, em Cruzeiro do Sul e em Tarauac\u00e1, por exemplo, durante o dia inteiro, deve ficar abaixo de 24\u00baC.<\/p>\n\n\n\n<p class=\"has-black-color has-text-color has-medium-font-size wp-block-paragraph\">  O frio polar tamb\u00e9m chega ao Amazonas, principalmente, na regi\u00e3o de Boca do Acre, onde os primeiros ventos come\u00e7ar\u00e3o a soprar no in\u00edcio da noite desta segunda-feira, sendo que, ao amanhecer de ter\u00e7a-feira, a temperatura dever\u00e1 oscilar entre 19 e 21\u00baC.<\/p>\n\n\n\n<p class=\"wp-block-paragraph\"><\/p>\n\n\n\n<h2 class=\"has-text-align-center has-vivid-red-color has-text-color wp-block-heading\" style=\"font-size:25px\">ALERTA DE TRANSTORNOS \u00c0 POPULA\u00c7\u00c3O<\/h2>\n\n\n\n<p class=\"has-black-color has-text-color has-medium-font-size wp-block-paragraph\">  Alertamos para a alta probabilidade de ocorr\u00eancia de transtornos \u00e0 popula\u00e7\u00e3o de algumas \u00e1reas do Acre, do Amazonas, de Rond\u00f4nia, da Bol\u00edvia e do Peru, causados pela chegada dessa onda de frio polar.<\/p>\n\n\n\n<p class=\"has-black-color has-text-color has-medium-font-size wp-block-paragraph\">  Portanto, nas pr\u00f3ximas horas, poder\u00e3o ocorrer inunda\u00e7\u00e3o de ruas, transbordamento de c\u00f3rregos e igarap\u00e9s, queda de galhos e \u00e1rvores, destelhamento de edifica\u00e7\u00f5es e deslizamentos de terra, al\u00e9m do perigo potencial dos raios.<\/p>\n\n\n\n<p class=\"has-black-color has-text-color has-medium-font-size wp-block-paragraph\">  Assim, \u00e9 important\u00edssimo que a popula\u00e7\u00e3o e as autoridades fiquem atentas, a fim de evitarem maiores preju\u00edzos ou transtornos nesta segunda-feira e, em algumas \u00e1reas, tamb\u00e9m, na ter\u00e7a-feira.<\/p>\n\n\n\n<p class=\"wp-block-paragraph\"><\/p>\n\n\n\n<h2 class=\"has-text-align-center has-vivid-purple-color has-text-color wp-block-heading\" style=\"font-size:24px\">TEMPO BOM NOS PR\u00d3XIMOS DIAS<\/h2>\n\n\n\n<p class=\"has-black-color has-text-color has-medium-font-size wp-block-paragraph\">  Em Rio Branco e nos demais munic\u00edpios do leste e do sul do Acre, o tempo fica bom, sem chuvas significativas, entre ter\u00e7a-feira e quinta-feira, devido \u00e0 penetra\u00e7\u00e3o de ar um pouco mais seco, de origem polar.<\/p>\n\n\n\n<p class=\"has-black-color has-text-color has-medium-font-size wp-block-paragraph\">  O calor, com sol e nuvens, volta a predominar a partir de quarta-feira (20\/1\/2021), no Acre e nas \u00e1reas vizinhas.<\/p>\n\n\n<div id=\"attachment_21256\" style=\"width: 210px\" class=\"wp-caption aligncenter\"><img data-recalc-dims=\"1\" loading=\"lazy\" decoding=\"async\" aria-describedby=\"caption-attachment-21256\" class=\"size-full wp-image-21256\" src=\"https:\/\/i0.wp.com\/otempoaqui.com.br\/wp-content\/uploads\/2019\/06\/APROVACAO1.png?resize=200%2C200&#038;ssl=1\" alt=\"O melhor curso do Acre\" width=\"200\" height=\"200\" srcset=\"https:\/\/i0.wp.com\/otempoaqui.com.br\/wp-content\/uploads\/2019\/06\/APROVACAO1.png?w=200&amp;ssl=1 200w, https:\/\/i0.wp.com\/otempoaqui.com.br\/wp-content\/uploads\/2019\/06\/APROVACAO1.png?resize=150%2C150&amp;ssl=1 150w, https:\/\/i0.wp.com\/otempoaqui.com.br\/wp-content\/uploads\/2019\/06\/APROVACAO1.png?resize=175%2C175&amp;ssl=1 175w, https:\/\/i0.wp.com\/otempoaqui.com.br\/wp-content\/uploads\/2019\/06\/APROVACAO1.png?resize=184%2C184&amp;ssl=1 184w\" sizes=\"auto, (max-width: 200px) 100vw, 200px\" \/><p id=\"caption-attachment-21256\" class=\"wp-caption-text\"><em><strong>O melhor<\/strong> <strong>curso<\/strong> <strong>preparat\u00f3rio<\/strong> <strong>do<\/strong> <strong>Acre.<\/strong> <strong>Especial<\/strong> <strong>para<\/strong> <strong>quem<\/strong> <strong>quer<\/strong> <strong>cursar<\/strong> <strong>Medicina.<\/strong><\/em><\/p><\/div>\n\n\n\n\n\n","protected":false},"excerpt":{"rendered":"<p>FRIAGEM CHEGA NESTA SEGUNDA-FEIRA A primeira onda de frio polar de 2021 chega ao Acre nesta segunda-feira (18\/1\/2021), por volta das 15h, no leste e no sul do estado, com fortes rajadas de vento da dire\u00e7\u00e3o sudeste, derrubando a temperatura em Rio Branco, Brasileia, Xapuri, Assis Brasil, Acrel\u00e2ndia, Pl\u00e1cido de Castro e de mais cidades [&hellip;]<\/p>\n","protected":false},"author":2,"featured_media":0,"comment_status":"open","ping_status":"open","sticky":false,"template":"","format":"standard","meta":{"_jetpack_memberships_contains_paid_content":false,"footnotes":"","jetpack_publicize_message":"","jetpack_publicize_feature_enabled":true,"jetpack_social_post_already_shared":true,"jetpack_social_options":{"image_generator_settings":{"template":"highway","enabled":false},"version":2}},"categories":[193],"tags":[73,52,36,61,180,15,12,129,30,23,35,51],"class_list":["post-22501","post","type-post","status-publish","format-standard","hentry","category-previsao-do-tempo","tag-alerta-de-temporais","tag-chuvas","tag-chuvas-fortes","tag-chuvas-intensas","tag-friagem","tag-friagem-na-amazonia","tag-friagem-no-acre","tag-frio-na-amazonia","tag-frio-no-acre","tag-previsao-do-tempo","tag-temporais","tag-temporal"],"jetpack_publicize_connections":[],"jetpack_featured_media_url":"","jetpack_likes_enabled":true,"jetpack_sharing_enabled":true,"_links":{"self":[{"href":"https:\/\/otempoaqui.com.br\/index.php?rest_route=\/wp\/v2\/posts\/22501","targetHints":{"allow":["GET"]}}],"collection":[{"href":"https:\/\/otempoaqui.com.br\/index.php?rest_route=\/wp\/v2\/posts"}],"about":[{"href":"https:\/\/otempoaqui.com.br\/index.php?rest_route=\/wp\/v2\/types\/post"}],"author":[{"embeddable":true,"href":"https:\/\/otempoaqui.com.br\/index.php?rest_route=\/wp\/v2\/users\/2"}],"replies":[{"embeddable":true,"href":"https:\/\/otempoaqui.com.br\/index.php?rest_route=%2Fwp%2Fv2%2Fcomments&post=22501"}],"version-history":[{"count":2,"href":"https:\/\/otempoaqui.com.br\/index.php?rest_route=\/wp\/v2\/posts\/22501\/revisions"}],"predecessor-version":[{"id":22503,"href":"https:\/\/otempoaqui.com.br\/index.php?rest_route=\/wp\/v2\/posts\/22501\/revisions\/22503"}],"wp:attachment":[{"href":"https:\/\/otempoaqui.com.br\/index.php?rest_route=%2Fwp%2Fv2%2Fmedia&parent=22501"}],"wp:term":[{"taxonomy":"category","embeddable":true,"href":"https:\/\/otempoaqui.com.br\/index.php?rest_route=%2Fwp%2Fv2%2Fcategories&post=22501"},{"taxonomy":"post_tag","embeddable":true,"href":"https:\/\/otempoaqui.com.br\/index.php?rest_route=%2Fwp%2Fv2%2Ftags&post=22501"}],"curies":[{"name":"wp","href":"https:\/\/api.w.org\/{rel}","templated":true}]}}