{"id":22105,"date":"2020-12-04T12:14:27","date_gmt":"2020-12-04T17:14:27","guid":{"rendered":"https:\/\/otempoaqui.com.br\/?p=22105"},"modified":"2020-12-04T12:12:42","modified_gmt":"2020-12-04T17:12:42","slug":"alerta-de-temporais-friozinho-polar-chega-no-domingo-com-chuvas-intensas","status":"publish","type":"post","link":"https:\/\/otempoaqui.com.br\/?p=22105","title":{"rendered":"Alerta de temporais. Friozinho polar chega no domingo, com chuvas intensas."},"content":{"rendered":"<div id=\"attachment_10295\" style=\"width: 310px\" class=\"wp-caption alignleft\"><img data-recalc-dims=\"1\" loading=\"lazy\" decoding=\"async\" aria-describedby=\"caption-attachment-10295\" class=\"size-medium wp-image-10295\" src=\"https:\/\/i0.wp.com\/otempoaqui.com.br\/wp-content\/uploads\/2016\/02\/Alerta-de-temporal-e1553036968270-300x167.jpg?resize=300%2C167&#038;ssl=1\" alt=\"Temporais\" width=\"300\" height=\"167\" \/><p id=\"caption-attachment-10295\" class=\"wp-caption-text\"><em><strong><span style=\"color: #ff0000;\">Possibilidade<\/span><\/strong> <strong><span style=\"color: #ff0000;\">de<\/span><\/strong> <strong><span style=\"color: #ff0000;\">chuvas<\/span><\/strong> <strong><span style=\"color: #ff0000;\">fortes,<\/span><\/strong> <strong><span style=\"color: #ff0000;\">raios,<\/span><\/strong> <strong><span style=\"color: #ff0000;\">ventanias<\/span><\/strong> <strong><span style=\"color: #ff0000;\">e queda<\/span><\/strong> <strong><span style=\"color: #ff0000;\">de<\/span><\/strong> <strong><span style=\"color: #ff0000;\">granizo<\/span><\/strong><\/em><\/p><\/div>\n<h3><span style=\"color: #ff0000;\">Frio e chuvas intensas, com alerta de fortes temporais<\/span><\/h3>\n<h4>\u00a0 <span style=\"color: #0000ff;\">Uma onda de frio polar fraca avan\u00e7a rapidamente na dire\u00e7\u00e3o do Acre e regi\u00f5es pr\u00f3ximas, provocando chuvas fortes, com raios, ventanias e queda pontual de granizo, por onde passa. Em Rio Branco e nas demais \u00e1reas do leste e do sul do estado, a frente fria chega no domingo (6\/12\/2020) e provoca chuvas intensas a qualquer momento, desde as primeiras horas do dia. No entanto, os temporais j\u00e1 come\u00e7ar\u00e3o a correr a partir deste s\u00e1bado, principalmente durante a tarde e a noite para domingo. O tempo poder\u00e1 melhorar a partir do fim da tarde de domingo, mas a temperatura diminui sensivelmente, deixando a noite e o dia seguinte amenos.<\/span><\/h4>\n<h4>\u00a0 <span style=\"color: #0000ff;\">No centro do estado e no vale do Juru\u00e1, as chuvas mais intensas ocorrer\u00e3o a partir da tarde de domingo e durante a noite para segunda-feira, com alta probabilidade de temporais<\/span><span style=\"color: #0000ff;\">.<\/span><\/h4>\n<h4>\u00a0 <span style=\"color: #0000ff;\">Portanto, alertamos para a alta probabilidade de ocorr\u00eancia de transtornos \u00e0 popula\u00e7\u00e3o de \u00e1reas vulner\u00e1veis, como r\u00e1pida inunda\u00e7\u00e3o de ruas, queda de galhos e \u00e1rvores e destelhamento de edifica\u00e7\u00f5es, al\u00e9m do perigo potencial dos raios.<\/span><\/h4>\n<h4>\u00a0 \u00a0<span style=\"color: #0000ff;\">Assim, \u00e9 importante que a popula\u00e7\u00e3o fique atenta quando surgirem nuvens carregadas, a fim de evitar maiores preju\u00edzos ou transtornos.<\/span><\/h4>\n<div id=\"attachment_21256\" style=\"width: 210px\" class=\"wp-caption aligncenter\"><img data-recalc-dims=\"1\" loading=\"lazy\" decoding=\"async\" aria-describedby=\"caption-attachment-21256\" class=\"size-full wp-image-21256\" src=\"https:\/\/i0.wp.com\/otempoaqui.com.br\/wp-content\/uploads\/2019\/06\/APROVACAO1.png?resize=200%2C200&#038;ssl=1\" alt=\"O melhor curso do Acre\" width=\"200\" height=\"200\" srcset=\"https:\/\/i0.wp.com\/otempoaqui.com.br\/wp-content\/uploads\/2019\/06\/APROVACAO1.png?w=200&amp;ssl=1 200w, https:\/\/i0.wp.com\/otempoaqui.com.br\/wp-content\/uploads\/2019\/06\/APROVACAO1.png?resize=150%2C150&amp;ssl=1 150w, https:\/\/i0.wp.com\/otempoaqui.com.br\/wp-content\/uploads\/2019\/06\/APROVACAO1.png?resize=175%2C175&amp;ssl=1 175w, https:\/\/i0.wp.com\/otempoaqui.com.br\/wp-content\/uploads\/2019\/06\/APROVACAO1.png?resize=184%2C184&amp;ssl=1 184w\" sizes=\"auto, (max-width: 200px) 100vw, 200px\" \/><p id=\"caption-attachment-21256\" class=\"wp-caption-text\"><em><strong><span style=\"color: #ff0000;\">O melhor<\/span><\/strong> <strong><span style=\"color: #ff0000;\">curso<\/span><\/strong> <strong><span style=\"color: #ff0000;\">preparat\u00f3rio<\/span><\/strong> <strong><span style=\"color: #ff0000;\">do<\/span><\/strong> <strong><span style=\"color: #ff0000;\">Acre.<\/span><\/strong> <strong><span style=\"color: #ff0000;\">Especial<\/span><\/strong> <strong><span style=\"color: #ff0000;\">para<\/span><\/strong> <strong><span style=\"color: #ff0000;\">quem<\/span><\/strong> <strong><span style=\"color: #ff0000;\">quer<\/span><\/strong> <strong><span style=\"color: #ff0000;\">cursar<\/span><\/strong> <strong><span style=\"color: #ff0000;\">Medicina.<\/span><\/strong><\/em><\/p><\/div>\n","protected":false},"excerpt":{"rendered":"<p>Frio e chuvas intensas, com alerta de fortes temporais \u00a0 Uma onda de frio polar fraca avan\u00e7a rapidamente na dire\u00e7\u00e3o do Acre e regi\u00f5es pr\u00f3ximas, provocando chuvas fortes, com raios, ventanias e queda pontual de granizo, por onde passa. Em Rio Branco e nas demais \u00e1reas do leste e do sul do estado, a frente [&hellip;]<\/p>\n","protected":false},"author":2,"featured_media":0,"comment_status":"open","ping_status":"open","sticky":false,"template":"","format":"standard","meta":{"_jetpack_memberships_contains_paid_content":false,"footnotes":"","jetpack_publicize_message":"","jetpack_publicize_feature_enabled":true,"jetpack_social_post_already_shared":true,"jetpack_social_options":{"image_generator_settings":{"template":"highway","enabled":false},"version":2}},"categories":[193],"tags":[73,52,36,61,23,46,22,168,26,5,37,35,51],"class_list":["post-22105","post","type-post","status-publish","format-standard","hentry","category-previsao-do-tempo","tag-alerta-de-temporais","tag-chuvas","tag-chuvas-fortes","tag-chuvas-intensas","tag-previsao-do-tempo","tag-previsao-do-tempo-para-os-proximos-dias","tag-previsao-para-a-noite","tag-previsao-para-a-semana","tag-previsao-para-os-proximos-dias","tag-previsao-para-sabado","tag-raios","tag-temporais","tag-temporal"],"jetpack_publicize_connections":[],"jetpack_featured_media_url":"","jetpack_likes_enabled":true,"jetpack_sharing_enabled":true,"_links":{"self":[{"href":"https:\/\/otempoaqui.com.br\/index.php?rest_route=\/wp\/v2\/posts\/22105","targetHints":{"allow":["GET"]}}],"collection":[{"href":"https:\/\/otempoaqui.com.br\/index.php?rest_route=\/wp\/v2\/posts"}],"about":[{"href":"https:\/\/otempoaqui.com.br\/index.php?rest_route=\/wp\/v2\/types\/post"}],"author":[{"embeddable":true,"href":"https:\/\/otempoaqui.com.br\/index.php?rest_route=\/wp\/v2\/users\/2"}],"replies":[{"embeddable":true,"href":"https:\/\/otempoaqui.com.br\/index.php?rest_route=%2Fwp%2Fv2%2Fcomments&post=22105"}],"version-history":[{"count":3,"href":"https:\/\/otempoaqui.com.br\/index.php?rest_route=\/wp\/v2\/posts\/22105\/revisions"}],"predecessor-version":[{"id":22108,"href":"https:\/\/otempoaqui.com.br\/index.php?rest_route=\/wp\/v2\/posts\/22105\/revisions\/22108"}],"wp:attachment":[{"href":"https:\/\/otempoaqui.com.br\/index.php?rest_route=%2Fwp%2Fv2%2Fmedia&parent=22105"}],"wp:term":[{"taxonomy":"category","embeddable":true,"href":"https:\/\/otempoaqui.com.br\/index.php?rest_route=%2Fwp%2Fv2%2Fcategories&post=22105"},{"taxonomy":"post_tag","embeddable":true,"href":"https:\/\/otempoaqui.com.br\/index.php?rest_route=%2Fwp%2Fv2%2Ftags&post=22105"}],"curies":[{"name":"wp","href":"https:\/\/api.w.org\/{rel}","templated":true}]}}