{"id":22004,"date":"2020-11-17T10:52:51","date_gmt":"2020-11-17T15:52:51","guid":{"rendered":"https:\/\/otempoaqui.com.br\/?p=22004"},"modified":"2020-11-17T10:43:28","modified_gmt":"2020-11-17T15:43:28","slug":"alerta-de-temporais-com-chegada-de-onda-de-frio-polar","status":"publish","type":"post","link":"https:\/\/otempoaqui.com.br\/?p=22004","title":{"rendered":"Alerta de temporais com chegada de onda de frio polar"},"content":{"rendered":"<div id=\"attachment_21256\" style=\"width: 210px\" class=\"wp-caption aligncenter\"><img data-recalc-dims=\"1\" loading=\"lazy\" decoding=\"async\" aria-describedby=\"caption-attachment-21256\" class=\"size-full wp-image-21256\" src=\"https:\/\/i0.wp.com\/otempoaqui.com.br\/wp-content\/uploads\/2019\/06\/APROVACAO1.png?resize=200%2C200&#038;ssl=1\" alt=\"O melhor curso do Acre\" width=\"200\" height=\"200\" srcset=\"https:\/\/i0.wp.com\/otempoaqui.com.br\/wp-content\/uploads\/2019\/06\/APROVACAO1.png?w=200&amp;ssl=1 200w, https:\/\/i0.wp.com\/otempoaqui.com.br\/wp-content\/uploads\/2019\/06\/APROVACAO1.png?resize=150%2C150&amp;ssl=1 150w, https:\/\/i0.wp.com\/otempoaqui.com.br\/wp-content\/uploads\/2019\/06\/APROVACAO1.png?resize=175%2C175&amp;ssl=1 175w, https:\/\/i0.wp.com\/otempoaqui.com.br\/wp-content\/uploads\/2019\/06\/APROVACAO1.png?resize=184%2C184&amp;ssl=1 184w\" sizes=\"auto, (max-width: 200px) 100vw, 200px\" \/><p id=\"caption-attachment-21256\" class=\"wp-caption-text\"><em><strong><span style=\"color: #ff0000;\">O melhor<\/span> <span style=\"color: #ff0000;\">curso<\/span><\/strong> <strong><span style=\"color: #ff0000;\">preparat\u00f3rio<\/span><\/strong> <strong><span style=\"color: #ff0000;\">do<\/span><\/strong> <strong><span style=\"color: #ff0000;\">Acre.<\/span><\/strong> <strong><span style=\"color: #ff0000;\">Especial<\/span><\/strong> <strong><span style=\"color: #ff0000;\">para<\/span><\/strong> <strong><span style=\"color: #ff0000;\">quem<\/span><\/strong> <strong><span style=\"color: #ff0000;\">quer<\/span><\/strong> <strong><span style=\"color: #ff0000;\">cursar<\/span><\/strong> <strong><span style=\"color: #ff0000;\">Medicina.<\/span><\/strong><\/em><\/p><\/div>\n<hr \/>\n<h3><span style=\"color: #0000ff;\">FRIAGEM CHEGA NA QUINTA-FEIRA<\/span><\/h3>\n<h4><span style=\"color: #000080;\">\u00a0 Nesta quinta-feira (19\/11\/2020), mais uma onda de frio polar chega ao Acre, ao sul do Amazonas, ao sul e oeste de Rond\u00f4nia, \u00e0 regi\u00e3o do Pantanal de Mato Grosso e \u00e0s plan\u00edcies da Bol\u00edvia e do sudeste do Peru, provocando uma leve friagem e chuvas torrenciais.<\/span><\/h4>\n<h4>\u00a0 <span style=\"color: #000080;\">No Acre, a temperatura m\u00e1xima, aquela que \u00e9 normalmente registrada durante a tarde, ficar\u00e1 abaixo de 25\u00baC na maioria dos munic\u00edpios do estado, inclusive e, principalmente, em Rio Branco, Brasileia e demais cidades do leste e do sul acreano.<\/span><\/h4>\n<h4>\u00a0 <span style=\"color: #000080;\">J\u00e1, a m\u00ednima, que ocorre normalmente no in\u00edcio do dia, ficar\u00e1 situada entre 18 e 20\u00baC, entre sexta-feira e s\u00e1bado, em Rio Branco, Sena Madureira, Brasileia, Xapuri, Assis Brasil, Marechal Thaumaturgo e \u00e1reas pr\u00f3ximas.<\/span><\/h4>\n<hr \/>\n<h3><span style=\"color: #0000ff;\">ALERTA DE TEMPORAIS<\/span><\/h3>\n<h4>\u00a0 <span style=\"color: #000080;\">A partir desta quarta-feira (18\/11\/2020), at\u00e9 a pr\u00f3xima sexta-feira (20\/11\/2020), as condi\u00e7\u00f5es atmosf\u00e9ricas no Acre e \u00e1reas pr\u00f3ximas, estar\u00e3o favor\u00e1veis \u00e0 ocorr\u00eancia de temporais, com chuvas fortes, raios, ventanias e queda pontual de granizo. Na sexta-feira, n\u00e3o haver\u00e1 temporais nas regi\u00f5es de Rio Branco e Brasileia, mas poder\u00e3o ocorrer no centro do Acre e no vale do Juru\u00e1.<\/span><\/h4>\n<h4>\u00a0 <span style=\"color: #000080;\">O tempo mais severo ocorrer\u00e1 na quinta-feira, com alta probabilidade de transtornos \u00e0 popula\u00e7\u00e3o de pontos vulner\u00e1veis, como r\u00e1pida inunda\u00e7\u00e3o de ruas, queda de galhos e \u00e1rvores e destelhamento de edifica\u00e7\u00f5es, al\u00e9m do perigo potencial dos raios.<\/span><\/h4>\n<h4>\u00a0 <span style=\"color: #000080;\">Assim, \u00e9 importante que a popula\u00e7\u00e3o fique atenta, a fim de evitar maiores transtornos ou preju\u00edzos.<\/span><\/h4>\n<hr \/>\n<h4><em><span style=\"color: #ff0000;\">Acompanhe nossas atualiza\u00e7\u00f5es, pois, a qualquer momento, publicaremos informa\u00e7\u00f5es mais precisas sobre o nosso tempo meteorol\u00f3gico.<\/span><\/em><\/h4>\n","protected":false},"excerpt":{"rendered":"<p>FRIAGEM CHEGA NA QUINTA-FEIRA \u00a0 Nesta quinta-feira (19\/11\/2020), mais uma onda de frio polar chega ao Acre, ao sul do Amazonas, ao sul e oeste de Rond\u00f4nia, \u00e0 regi\u00e3o do Pantanal de Mato Grosso e \u00e0s plan\u00edcies da Bol\u00edvia e do sudeste do Peru, provocando uma leve friagem e chuvas torrenciais. \u00a0 No Acre, a [&hellip;]<\/p>\n","protected":false},"author":2,"featured_media":0,"comment_status":"open","ping_status":"open","sticky":false,"template":"","format":"standard","meta":{"_jetpack_memberships_contains_paid_content":false,"footnotes":"","jetpack_publicize_message":"","jetpack_publicize_feature_enabled":true,"jetpack_social_post_already_shared":true,"jetpack_social_options":{"image_generator_settings":{"template":"highway","enabled":false},"version":2}},"categories":[193],"tags":[73,52,36,61,180,15,12,129,127,30,125,23,46,26,35,51],"class_list":["post-22004","post","type-post","status-publish","format-standard","hentry","category-previsao-do-tempo","tag-alerta-de-temporais","tag-chuvas","tag-chuvas-fortes","tag-chuvas-intensas","tag-friagem","tag-friagem-na-amazonia","tag-friagem-no-acre","tag-frio-na-amazonia","tag-frio-na-amazonia-ocidental","tag-frio-no-acre","tag-frio-no-brasil","tag-previsao-do-tempo","tag-previsao-do-tempo-para-os-proximos-dias","tag-previsao-para-os-proximos-dias","tag-temporais","tag-temporal"],"jetpack_publicize_connections":[],"jetpack_featured_media_url":"","jetpack_likes_enabled":true,"jetpack_sharing_enabled":true,"_links":{"self":[{"href":"https:\/\/otempoaqui.com.br\/index.php?rest_route=\/wp\/v2\/posts\/22004","targetHints":{"allow":["GET"]}}],"collection":[{"href":"https:\/\/otempoaqui.com.br\/index.php?rest_route=\/wp\/v2\/posts"}],"about":[{"href":"https:\/\/otempoaqui.com.br\/index.php?rest_route=\/wp\/v2\/types\/post"}],"author":[{"embeddable":true,"href":"https:\/\/otempoaqui.com.br\/index.php?rest_route=\/wp\/v2\/users\/2"}],"replies":[{"embeddable":true,"href":"https:\/\/otempoaqui.com.br\/index.php?rest_route=%2Fwp%2Fv2%2Fcomments&post=22004"}],"version-history":[{"count":2,"href":"https:\/\/otempoaqui.com.br\/index.php?rest_route=\/wp\/v2\/posts\/22004\/revisions"}],"predecessor-version":[{"id":22006,"href":"https:\/\/otempoaqui.com.br\/index.php?rest_route=\/wp\/v2\/posts\/22004\/revisions\/22006"}],"wp:attachment":[{"href":"https:\/\/otempoaqui.com.br\/index.php?rest_route=%2Fwp%2Fv2%2Fmedia&parent=22004"}],"wp:term":[{"taxonomy":"category","embeddable":true,"href":"https:\/\/otempoaqui.com.br\/index.php?rest_route=%2Fwp%2Fv2%2Fcategories&post=22004"},{"taxonomy":"post_tag","embeddable":true,"href":"https:\/\/otempoaqui.com.br\/index.php?rest_route=%2Fwp%2Fv2%2Ftags&post=22004"}],"curies":[{"name":"wp","href":"https:\/\/api.w.org\/{rel}","templated":true}]}}