{"id":21050,"date":"2019-05-20T15:47:55","date_gmt":"2019-05-20T20:47:55","guid":{"rendered":"http:\/\/otempoaqui.com\/?p=21050"},"modified":"2019-05-20T15:47:55","modified_gmt":"2019-05-20T20:47:55","slug":"esta-semana-tem-calor-chuva-e-frio-onda-polar-chega-na-quinta-feira-e-provoca-a-terceira-friagem-do-ano","status":"publish","type":"post","link":"https:\/\/otempoaqui.com.br\/?p=21050","title":{"rendered":"Esta semana tem calor, chuva e frio. Onda polar chega na quinta-feira e provoca a terceira friagem do ano."},"content":{"rendered":"<h3>CALOR ABAFADO E CHUVAS<\/h3>\n<p>Esta semana tem de tudo um pouco: calor, chuvas, raios, ventanias e frio polar no Acre, em Rond\u00f4nia, no Amazonas, em Mato Grosso, na Bol\u00edvia e no Peru. Tempo bom e seco predomina em Goi\u00e1s e no Distrito Federal.<\/p>\n<p>Uma frente quente e \u00famida chegou ao Acre e regi\u00f5es pr\u00f3ximas nesta segunda-feira (20\/5\/2019). Assim, at\u00e9 a pr\u00f3xima quinta-feira, o tempo fica inst\u00e1vel, mas quente e abafado, com chuvas pontuais, que, em algumas \u00e1reas, ser\u00e3o fortes e acompanhadas de raios e ventanias.<\/p>\n<p>Pode chover muito forte, com temporais, no Acre, em Rond\u00f4nia, no sul e sudoeste do Amazonas, na Bol\u00edvia e na regi\u00e3o peruana de Porto Maldonado, entre quarta-feira e quinta-feira, devido \u00e0 aproxima\u00e7\u00e3o de uma frente fria.<\/p>\n<p>&nbsp;<\/p>\n<h3>SEXTA-FEIRA SER\u00c1 FRIA<\/h3>\n<p>A frente fria chega na quinta-feira, com muito vento da dire\u00e7\u00e3o sudeste, mas a onda de frio polar come\u00e7a a penetrar, com mais intensidade, na sexta-feira, deixando o dia fechado, ventilado e frio.<\/p>\n<p>Esta j\u00e1 \u00e9 a d\u00e9cima terceira frente fria de 2019 a chegar ao Acre, mas \u00e9 a terceira onda de frio polar a atingir a regi\u00e3o.<\/p>\n<p>\u00c9 bom lembrar que frente fria n\u00e3o \u00e9 sin\u00f4nimo de frio. Muito pelo contr\u00e1rio, frente fria \u00e9 a dianteira do frio e, portanto, quente, provocando chuvas durante o seu deslocamento, ou seja, s\u00e3o os ventos quentes que sopram pouco antes da chegada de uma onda de frio polar.<\/p>\n<p>Assim, a frente fria chega na quinta-feira, durante o dia, provocando chuvas, mas o frio come\u00e7a a ser sentido a partir da noite e, principalmente, na sexta-feira.<\/p>\n<p>Entretanto, essa friagem n\u00e3o ser\u00e1 intensa, mas moderada e de curta dura\u00e7\u00e3o.<\/p>\n<p>Ser\u00e3o atingidos com os ventos polares o Acre, Amazonas, Mato Grosso, Goi\u00e1s, Distrito Federal, Bol\u00edvia e Peru, al\u00e9m, naturalmente, de outros estados brasileiros.<\/p>\n<p>A qualquer momento, publicaremos informa\u00e7\u00f5es mais precisas sobre esse novo resfriamento na regi\u00e3o.<\/p>\n","protected":false},"excerpt":{"rendered":"<p>CALOR ABAFADO E CHUVAS Esta semana tem de tudo um pouco: calor, chuvas, raios, ventanias e frio polar no Acre, em Rond\u00f4nia, no Amazonas, em Mato Grosso, na Bol\u00edvia e no Peru. Tempo bom e seco predomina em Goi\u00e1s e no Distrito Federal. Uma frente quente e \u00famida chegou ao Acre e regi\u00f5es pr\u00f3ximas nesta [&hellip;]<\/p>\n","protected":false},"author":2,"featured_media":0,"comment_status":"open","ping_status":"open","sticky":false,"template":"","format":"standard","meta":{"_jetpack_memberships_contains_paid_content":false,"footnotes":"","jetpack_publicize_message":"","jetpack_publicize_feature_enabled":true,"jetpack_social_post_already_shared":true,"jetpack_social_options":{"image_generator_settings":{"template":"highway","enabled":false},"version":2}},"categories":[1,193],"tags":[52,36,61,180,30,125,46,168,26,37,35,45,38],"class_list":["post-21050","post","type-post","status-publish","format-standard","hentry","category-geral","category-previsao-do-tempo","tag-chuvas","tag-chuvas-fortes","tag-chuvas-intensas","tag-friagem","tag-frio-no-acre","tag-frio-no-brasil","tag-previsao-do-tempo-para-os-proximos-dias","tag-previsao-para-a-semana","tag-previsao-para-os-proximos-dias","tag-raios","tag-temporais","tag-ventania","tag-ventanias"],"jetpack_publicize_connections":[],"jetpack_featured_media_url":"","jetpack_likes_enabled":true,"jetpack_sharing_enabled":true,"_links":{"self":[{"href":"https:\/\/otempoaqui.com.br\/index.php?rest_route=\/wp\/v2\/posts\/21050","targetHints":{"allow":["GET"]}}],"collection":[{"href":"https:\/\/otempoaqui.com.br\/index.php?rest_route=\/wp\/v2\/posts"}],"about":[{"href":"https:\/\/otempoaqui.com.br\/index.php?rest_route=\/wp\/v2\/types\/post"}],"author":[{"embeddable":true,"href":"https:\/\/otempoaqui.com.br\/index.php?rest_route=\/wp\/v2\/users\/2"}],"replies":[{"embeddable":true,"href":"https:\/\/otempoaqui.com.br\/index.php?rest_route=%2Fwp%2Fv2%2Fcomments&post=21050"}],"version-history":[{"count":2,"href":"https:\/\/otempoaqui.com.br\/index.php?rest_route=\/wp\/v2\/posts\/21050\/revisions"}],"predecessor-version":[{"id":21054,"href":"https:\/\/otempoaqui.com.br\/index.php?rest_route=\/wp\/v2\/posts\/21050\/revisions\/21054"}],"wp:attachment":[{"href":"https:\/\/otempoaqui.com.br\/index.php?rest_route=%2Fwp%2Fv2%2Fmedia&parent=21050"}],"wp:term":[{"taxonomy":"category","embeddable":true,"href":"https:\/\/otempoaqui.com.br\/index.php?rest_route=%2Fwp%2Fv2%2Fcategories&post=21050"},{"taxonomy":"post_tag","embeddable":true,"href":"https:\/\/otempoaqui.com.br\/index.php?rest_route=%2Fwp%2Fv2%2Ftags&post=21050"}],"curies":[{"name":"wp","href":"https:\/\/api.w.org\/{rel}","templated":true}]}}