{"id":20498,"date":"2019-03-19T17:05:15","date_gmt":"2019-03-19T22:05:15","guid":{"rendered":"http:\/\/otempoaqui.com\/?p=20498"},"modified":"2019-03-19T17:05:15","modified_gmt":"2019-03-19T22:05:15","slug":"verao-termina-com-chuvas-e-outono-comeca-chovendo-alerta-de-temporais-friozinho-polar-chega-na-quinta-feira","status":"publish","type":"post","link":"https:\/\/otempoaqui.com.br\/?p=20498","title":{"rendered":"Ver\u00e3o termina com chuvas e outono come\u00e7a chovendo. Alerta de temporais. Friozinho polar chega na quinta-feira."},"content":{"rendered":"<h3>FIM DO VER\u00c3O<\/h3>\n<p>O ver\u00e3o termina nesta quarta-feira (20\/3\/2019), exatamente \u00e0s 16h58min (hor\u00e1rio de Rio Branco), quando o Sol, no seu movimento aparente, cruza a linha do equador, rumo ao hemisf\u00e9rio norte da Terra. O dia e a noite ter\u00e3o a mesma dura\u00e7\u00e3o, ou seja, 12 horas cada, em todos os pa\u00edses do mundo. \u00c9 o fen\u00f4meno do equin\u00f3cio de outono, quando come\u00e7a esta esta\u00e7\u00e3o do ano.<\/p>\n<p>O Sol s\u00f3 voltar\u00e1 ao hemisf\u00e9rio sul no pr\u00f3ximo dia 23 de setembro, quando come\u00e7a a primavera.<\/p>\n<p>&nbsp;<\/p>\n<h3>ALERTA DE TEMPORAIS<\/h3>\n<p>As condi\u00e7\u00f5es atmosf\u00e9ricas estar\u00e3o altamente favor\u00e1veis \u00e0 ocorr\u00eancia de temporais, com chuvas fortes, raios, ventanias e queda pontual de granizo, entre esta quarta-feira e a pr\u00f3xima quinta-feira, inclusive, durante a noite, no Acre, em Rond\u00f4nia, no sul e oeste de Mato Grosso, no sul do Amazonas, na Bol\u00edvia e no sul da regi\u00e3o de selva do Peru (Porto Maldonado e Inapari).<\/p>\n<p>As causas desse mau tempo s\u00e3o a aproxima\u00e7\u00e3o e chegada de uma frente fria, a elevada umidade do ar e o calor da regi\u00e3o.<\/p>\n<p>Em alguns pontos, poder\u00e3o ocorrer s\u00e9rios transtornos \u00e0 popula\u00e7\u00e3o, como r\u00e1pida inunda\u00e7\u00e3o de ruas, transbordamentos de c\u00f3rregos e igarap\u00e9s, queda de galhos e \u00e1rvores, danos \u00e0s edifica\u00e7\u00f5es e deslizamentos de terra.<\/p>\n<p>No Distrito Federal e em Goi\u00e1s, tamb\u00e9m ocorrer\u00e3o chuvas intensas, com temporais, mas ser\u00e1 entre sexta-feira e domingo.<\/p>\n<p>&nbsp;<\/p>\n<h3>PRIMEIRA INCURS\u00c3O DE AR POLAR<\/h3>\n<p>A frente fria chega ao leste e sul do Acre (regi\u00f5es de Rio Branco e Brasileia) pouco antes do meio-dia desta quinta-feira (21\/3\/2019), com rajadas de vento da dire\u00e7\u00e3o sudeste que podem passar de 40km\/h, em alguns pontos.<\/p>\n<p>Logo em seguida, a temperatura diminui devido \u00e0 incurs\u00e3o de ar polar, mas n\u00e3o haver\u00e1 frio intenso. Embora fraca, ser\u00e1 a primeira friagem do ano.<\/p>\n<p>&nbsp;<\/p>\n<h3>CHUVAS DIMINUEM NO ACRE<\/h3>\n<p>Neste fim de semana, o tempo fica mais seco no Acre, devido aos ventos polares que estar\u00e3o soprando.<\/p>\n<p>Assim, no Acre, no sul e oeste de Rond\u00f4nia, no sul e oeste de Mato Grosso, na Bol\u00edvia e no sul e sudeste da regi\u00e3o de selva do Peru, as chuvas diminuir\u00e3o sensivelmente, pois uma massa de ar um pouco mais seco dever\u00e1 predominar por alguns dias.<\/p>\n","protected":false},"excerpt":{"rendered":"<p>FIM DO VER\u00c3O O ver\u00e3o termina nesta quarta-feira (20\/3\/2019), exatamente \u00e0s 16h58min (hor\u00e1rio de Rio Branco), quando o Sol, no seu movimento aparente, cruza a linha do equador, rumo ao hemisf\u00e9rio norte da Terra. O dia e a noite ter\u00e3o a mesma dura\u00e7\u00e3o, ou seja, 12 horas cada, em todos os pa\u00edses do mundo. \u00c9 [&hellip;]<\/p>\n","protected":false},"author":2,"featured_media":10295,"comment_status":"open","ping_status":"open","sticky":false,"template":"","format":"standard","meta":{"_jetpack_memberships_contains_paid_content":false,"footnotes":"","jetpack_publicize_message":"","jetpack_publicize_feature_enabled":true,"jetpack_social_post_already_shared":true,"jetpack_social_options":{"image_generator_settings":{"template":"highway","enabled":false},"version":2}},"categories":[1,193],"tags":[73,52,36,61,180,30,125,46,26,37,35,45,38],"class_list":["post-20498","post","type-post","status-publish","format-standard","has-post-thumbnail","hentry","category-geral","category-previsao-do-tempo","tag-alerta-de-temporais","tag-chuvas","tag-chuvas-fortes","tag-chuvas-intensas","tag-friagem","tag-frio-no-acre","tag-frio-no-brasil","tag-previsao-do-tempo-para-os-proximos-dias","tag-previsao-para-os-proximos-dias","tag-raios","tag-temporais","tag-ventania","tag-ventanias"],"jetpack_publicize_connections":[],"jetpack_featured_media_url":"https:\/\/i0.wp.com\/otempoaqui.com.br\/wp-content\/uploads\/2016\/02\/Alerta-de-temporal-e1612286556329.jpg?fit=1019%2C560&ssl=1","jetpack_likes_enabled":true,"jetpack_sharing_enabled":true,"_links":{"self":[{"href":"https:\/\/otempoaqui.com.br\/index.php?rest_route=\/wp\/v2\/posts\/20498","targetHints":{"allow":["GET"]}}],"collection":[{"href":"https:\/\/otempoaqui.com.br\/index.php?rest_route=\/wp\/v2\/posts"}],"about":[{"href":"https:\/\/otempoaqui.com.br\/index.php?rest_route=\/wp\/v2\/types\/post"}],"author":[{"embeddable":true,"href":"https:\/\/otempoaqui.com.br\/index.php?rest_route=\/wp\/v2\/users\/2"}],"replies":[{"embeddable":true,"href":"https:\/\/otempoaqui.com.br\/index.php?rest_route=%2Fwp%2Fv2%2Fcomments&post=20498"}],"version-history":[{"count":2,"href":"https:\/\/otempoaqui.com.br\/index.php?rest_route=\/wp\/v2\/posts\/20498\/revisions"}],"predecessor-version":[{"id":20502,"href":"https:\/\/otempoaqui.com.br\/index.php?rest_route=\/wp\/v2\/posts\/20498\/revisions\/20502"}],"wp:featuredmedia":[{"embeddable":true,"href":"https:\/\/otempoaqui.com.br\/index.php?rest_route=\/wp\/v2\/media\/10295"}],"wp:attachment":[{"href":"https:\/\/otempoaqui.com.br\/index.php?rest_route=%2Fwp%2Fv2%2Fmedia&parent=20498"}],"wp:term":[{"taxonomy":"category","embeddable":true,"href":"https:\/\/otempoaqui.com.br\/index.php?rest_route=%2Fwp%2Fv2%2Fcategories&post=20498"},{"taxonomy":"post_tag","embeddable":true,"href":"https:\/\/otempoaqui.com.br\/index.php?rest_route=%2Fwp%2Fv2%2Ftags&post=20498"}],"curies":[{"name":"wp","href":"https:\/\/api.w.org\/{rel}","templated":true}]}}